{"id":10164,"date":"2011-09-03T18:53:44","date_gmt":"2011-09-03T16:53:44","guid":{"rendered":"http:\/\/www.au-pays-des-merveilles.com\/blog\/?p=10164"},"modified":"2019-03-22T17:17:19","modified_gmt":"2019-03-22T15:17:19","slug":"main-verte-concours","status":"publish","type":"post","link":"https:\/\/www.au-pays-des-merveilles.com\/blog\/2011\/09\/03\/main-verte-concours\/","title":{"rendered":"Main verte ? {concours}"},"content":{"rendered":"<p><script type=\"text\/javascript\">\/\/ < ![CDATA[\nbpxt_ig=\"ligne01_03.gif\";bpxt_ib=7735;bpxt_ic = \"506\";\n\/\/ ]]><\/script><script type=\"text\/javascript\" src=\"http:\/\/stats.buzzparadise.com\/MarkerBlg\/8c41d0e6-1668-4867-a007-2697848af065\/7735\/BpJsUser.js\"><\/script><\/p>\n<p style=\"text-align: justify;\"><img loading=\"lazy\" decoding=\"async\" class=\"alignleft size-medium wp-image-10165\" style=\"margin: 10px;\" title=\"Maplanteetmoi\" src=\"https:\/\/www.au-pays-des-merveilles.com\/blog\/wp-content\/uploads\/2011\/09\/Maplanteetmoi-200x300.jpg\" alt=\"\" width=\"200\" height=\"300\" srcset=\"https:\/\/www.au-pays-des-merveilles.com\/blog\/wp-content\/uploads\/2011\/09\/Maplanteetmoi-200x300.jpg 200w, https:\/\/www.au-pays-des-merveilles.com\/blog\/wp-content\/uploads\/2011\/09\/Maplanteetmoi-682x1024.jpg 682w\" sizes=\"auto, (max-width: 200px) 100vw, 200px\" \/>\u00a0 Quelques mois ont pass\u00e9 et <a href=\"https:\/\/www.au-pays-des-merveilles.com\/blog\/2011\/06\/16\/ma-plante-et-mois-concours\/\">ma belle plante<\/a> a bien \u00e9volu\u00e9. O\u00f9 sont pass\u00e9es ses jolies fleurs rouges ?! Alors je crois que je n&rsquo;ai pas h\u00e9rit\u00e9 de la main verte de mon papa mais il n&#8217;emp\u00eache qu&rsquo;elle tient le choc et ce, m\u00eame apr\u00e8s cet \u00e9t\u00e9 pourri entre temps morose et chaleur caniculaire. Je vous avoue que j&rsquo;ai oubli\u00e9 de temps en temps de l&rsquo;arroser. Apparemment, elle ne m&rsquo;en veut pas puisqu&rsquo;elle arrive encore \u00e0 me faire des petites fleurs. Je pense qu&rsquo;elle manque d&rsquo;engrais. Vous en pensez quoi vous ?!<\/p>\n<p style=\"text-align: justify;\">Avez vous particip\u00e9 au jeu <a>\u00ab Ma plante et moi une belle histoire\u00bb qui se tenait \u00e0 la station Charles de Gaulle \u00c9toile \u00e0 Paris fin juin ? <\/a>Parait il que ce photocall fut un succ\u00e8s ! Je n&rsquo;ai pas eu l&rsquo;occasion d&rsquo;y aller mais j&rsquo;ai pu voir les photos sur <a rel=\"nofollow\" href=\"http:\/\/www.flickr.com\/photos\/achaquemoisaplante\/sets\/72157627014503332\/\">le groupe Flickr<\/a>, je constate qu&rsquo;il y a de jolis clich\u00e9s !<\/p>\n<p style=\"text-align: justify;\"><img loading=\"lazy\" decoding=\"async\" class=\"alignright size-full wp-image-10170\" style=\"margin: 10px;\" title=\"03-09-11net\" src=\"https:\/\/www.au-pays-des-merveilles.com\/blog\/wp-content\/uploads\/2011\/09\/03-09-11net.jpg\" alt=\"\" width=\"200\" height=\"300\" \/>Vous n\u2019avez toujours pas particip\u00e9 au Grand Jeu Concours Photo organis\u00e9 par l\u2019Office Hollandais des Fleurs ? C\u2019est le moment et c\u2019est par ici. Vous avez jusqu\u2019au 10 octobre pour montrer votre inspiration v\u00e9g\u00e9tale. Pour cela, prenez la pose avec la plante de votre choix et postez votre clich\u00e9 <a href=\"mailto:achaquemoisaplante1@gmail.com\">ici<\/a>. La photo gagnante sera distingu\u00e9e par un jury de blogueurs (dont moi !). Je vous rappelle qu&rsquo;il y a un week end pour 2 personnes \u00e0 Amsterdam \u00e0 gagner et les 2\u00e8me et 3\u00e8me s\u00e9lectionn\u00e9s auront la chance de gagner des plantes d\u2019une valeur de 200\u20ac !<\/p>\n<p style=\"text-align: justify;\">Et si des fois vous n&rsquo;avez pas d&rsquo;inspiration, je vous invite \u00e0 jeter un coup d&rsquo;oeil sur le site <a rel=\"nofollow\" href=\"http:\/\/www.maplanteetmoi.fr\/\">Maplanteetmoi.fr<\/a> afin de d\u00e9couvrir la plante du mois !<\/p>\n<p style=\"text-align: justify;\"><img loading=\"lazy\" decoding=\"async\" class=\"aligncenter size-full wp-image-10167\" title=\"getbinaryimage.aspx\" src=\"https:\/\/www.au-pays-des-merveilles.com\/blog\/wp-content\/uploads\/2011\/09\/getbinaryimage.aspx_.jpg\" alt=\"\" width=\"101\" height=\"160\" \/><\/p>\n<p style=\"text-align: justify;\"><em>Rendez vous fin octobre pour la suite &amp; fin de l&rsquo;aventure !<\/em><\/p>\n","protected":false},"excerpt":{"rendered":"<p>\u00a0 Quelques mois ont pass\u00e9 et ma belle plante a bien \u00e9volu\u00e9. O\u00f9 sont pass\u00e9es ses jolies fleurs rouges ?! Alors je crois que je n&rsquo;ai pas h\u00e9rit\u00e9 de la main verte de mon papa mais il n&#8217;emp\u00eache qu&rsquo;elle tient le choc et ce, m\u00eame apr\u00e8s cet \u00e9t\u00e9 pourri entre temps morose et chaleur caniculaire.<\/p>\n","protected":false},"author":1,"featured_media":0,"comment_status":"open","ping_status":"open","sticky":false,"template":"","format":"standard","meta":{"footnotes":""},"categories":[20,25],"tags":[43,1430,624],"class_list":["post-10164","post","type-post","status-publish","format-standard","hentry","category-buzz","category-concours","tag-buzzparadise","tag-concours","tag-jardinage"],"_links":{"self":[{"href":"https:\/\/www.au-pays-des-merveilles.com\/blog\/wp-json\/wp\/v2\/posts\/10164","targetHints":{"allow":["GET"]}}],"collection":[{"href":"https:\/\/www.au-pays-des-merveilles.com\/blog\/wp-json\/wp\/v2\/posts"}],"about":[{"href":"https:\/\/www.au-pays-des-merveilles.com\/blog\/wp-json\/wp\/v2\/types\/post"}],"author":[{"embeddable":true,"href":"https:\/\/www.au-pays-des-merveilles.com\/blog\/wp-json\/wp\/v2\/users\/1"}],"replies":[{"embeddable":true,"href":"https:\/\/www.au-pays-des-merveilles.com\/blog\/wp-json\/wp\/v2\/comments?post=10164"}],"version-history":[{"count":0,"href":"https:\/\/www.au-pays-des-merveilles.com\/blog\/wp-json\/wp\/v2\/posts\/10164\/revisions"}],"wp:attachment":[{"href":"https:\/\/www.au-pays-des-merveilles.com\/blog\/wp-json\/wp\/v2\/media?parent=10164"}],"wp:term":[{"taxonomy":"category","embeddable":true,"href":"https:\/\/www.au-pays-des-merveilles.com\/blog\/wp-json\/wp\/v2\/categories?post=10164"},{"taxonomy":"post_tag","embeddable":true,"href":"https:\/\/www.au-pays-des-merveilles.com\/blog\/wp-json\/wp\/v2\/tags?post=10164"}],"curies":[{"name":"wp","href":"https:\/\/api.w.org\/{rel}","templated":true}]}}