{"id":10179,"date":"2011-09-05T22:23:43","date_gmt":"2011-09-05T20:23:43","guid":{"rendered":"http:\/\/www.au-pays-des-merveilles.com\/blog\/?p=10179"},"modified":"2019-03-22T17:17:19","modified_gmt":"2019-03-22T15:17:19","slug":"belle-rentree","status":"publish","type":"post","link":"https:\/\/www.au-pays-des-merveilles.com\/blog\/2011\/09\/05\/belle-rentree\/","title":{"rendered":"Belle rentr\u00e9e !"},"content":{"rendered":"<p><img loading=\"lazy\" decoding=\"async\" class=\"aligncenter size-full wp-image-10180\" title=\"01-09-11net\" src=\"https:\/\/www.au-pays-des-merveilles.com\/blog\/wp-content\/uploads\/2011\/09\/01-09-11net.jpg\" alt=\"\" width=\"624\" height=\"466\" srcset=\"https:\/\/www.au-pays-des-merveilles.com\/blog\/wp-content\/uploads\/2011\/09\/01-09-11net.jpg 650w, https:\/\/www.au-pays-des-merveilles.com\/blog\/wp-content\/uploads\/2011\/09\/01-09-11net-300x223.jpg 300w\" sizes=\"auto, (max-width: 624px) 100vw, 624px\" \/><\/p>\n<p style=\"text-align: justify;\">Alors, votre rentr\u00e9e s&rsquo;est bien pass\u00e9e ?<\/p>\n<p style=\"text-align: justify;\">Moi, \u00e7a fait d\u00e9j\u00e0 3 semaines que j&rsquo;ai repris le chemin du bureau donc autant vous dire qu&rsquo;elles sont d\u00e9j\u00e0 bien loin mes vacances ! D&rsquo;ailleurs, avec mon changement de poste, j&rsquo;ai perdu le b\u00e9n\u00e9fice des moments de d\u00e9tente que j&rsquo;ai pass\u00e9 cet \u00e9t\u00e9. Je n&rsquo;ai plus le temps de rien. Ajoutez \u00e0 \u00e7a de nouveaux objectifs professionnels, le projet 365 et autres joyeuset\u00e9s&#8230; et l\u00e0 pour le coup, je n&rsquo;ai plus le temps de trainer sur le net. Je me suis pos\u00e9e plusieurs fois la question de savoir si j&rsquo;allais continuer ou pas le blog (certaines ne se la posent plus \u00e0 mon plus grand regret) parce que mine de rien, <a href=\"https:\/\/www.au-pays-des-merveilles.com\/blog\/2011\/01\/06\/dites-les-blogueuses-comment-vous-faites-pour-vous-organiser\/\">je l&rsquo;avais d\u00e9j\u00e0 dit<\/a> mais je le r\u00e9p\u00e8te, \u00eatre blogueuse c&rsquo;est un deuxi\u00e8me job. Je ne peux plus participer aux events et soir\u00e9es. Je n&rsquo;ai plus le temps de faire des recherches, ni de lire mes blogs pr\u00e9f\u00e9r\u00e9s. Je n&rsquo;ai plus le temps d&rsquo;\u00e9crire tout ce que j&rsquo;ai \u00e0 vous dire et \u00e7a me frustre. Apr\u00e8s moultes tergiversations, je me suis dit que de continuer en levant le pied serait la meilleure solution.\u00a0 Je fais fi des relances sans fin de certaines marques pour \u00e9crire leurs articles ou encore de leurs invitations en pleine journ\u00e9e comme si c&rsquo;\u00e9tait mon m\u00e9tier ! Je vais essayer de reprendre l&rsquo;activit\u00e9 du site comme un loisir et non plus comme une t\u00e2che \u00e0 remplir. Plus \u00e7a allait et plus je me mettais la pression et plus je voyais le blog comme un travail. C&rsquo;est ridicule me direz vous mais que voulez vous, on ne se refait pas ! Carpe diem.<\/p>\n<p style=\"text-align: justify;\">Belle rentr\u00e9e &amp; belle ann\u00e9e !<\/p>\n<p style=\"text-align: right;\"><em>N&#8217;emp\u00eache que je signe mon 1000\u00e8me article par ce post !<\/em><\/p>\n","protected":false},"excerpt":{"rendered":"<p>Alors, votre rentr\u00e9e s&rsquo;est bien pass\u00e9e ? Moi, \u00e7a fait d\u00e9j\u00e0 3 semaines que j&rsquo;ai repris le chemin du bureau donc autant vous dire qu&rsquo;elles sont d\u00e9j\u00e0 bien loin mes vacances ! D&rsquo;ailleurs, avec mon changement de poste, j&rsquo;ai perdu le b\u00e9n\u00e9fice des moments de d\u00e9tente que j&rsquo;ai pass\u00e9 cet \u00e9t\u00e9. Je n&rsquo;ai plus le<\/p>\n","protected":false},"author":1,"featured_media":0,"comment_status":"open","ping_status":"open","sticky":false,"template":"","format":"standard","meta":{"footnotes":""},"categories":[4],"tags":[149],"class_list":["post-10179","post","type-post","status-publish","format-standard","hentry","category-ma-vie-mon-oeuvre","tag-rentree"],"_links":{"self":[{"href":"https:\/\/www.au-pays-des-merveilles.com\/blog\/wp-json\/wp\/v2\/posts\/10179","targetHints":{"allow":["GET"]}}],"collection":[{"href":"https:\/\/www.au-pays-des-merveilles.com\/blog\/wp-json\/wp\/v2\/posts"}],"about":[{"href":"https:\/\/www.au-pays-des-merveilles.com\/blog\/wp-json\/wp\/v2\/types\/post"}],"author":[{"embeddable":true,"href":"https:\/\/www.au-pays-des-merveilles.com\/blog\/wp-json\/wp\/v2\/users\/1"}],"replies":[{"embeddable":true,"href":"https:\/\/www.au-pays-des-merveilles.com\/blog\/wp-json\/wp\/v2\/comments?post=10179"}],"version-history":[{"count":0,"href":"https:\/\/www.au-pays-des-merveilles.com\/blog\/wp-json\/wp\/v2\/posts\/10179\/revisions"}],"wp:attachment":[{"href":"https:\/\/www.au-pays-des-merveilles.com\/blog\/wp-json\/wp\/v2\/media?parent=10179"}],"wp:term":[{"taxonomy":"category","embeddable":true,"href":"https:\/\/www.au-pays-des-merveilles.com\/blog\/wp-json\/wp\/v2\/categories?post=10179"},{"taxonomy":"post_tag","embeddable":true,"href":"https:\/\/www.au-pays-des-merveilles.com\/blog\/wp-json\/wp\/v2\/tags?post=10179"}],"curies":[{"name":"wp","href":"https:\/\/api.w.org\/{rel}","templated":true}]}}