{"id":10417,"date":"2011-10-12T09:19:20","date_gmt":"2011-10-12T07:19:20","guid":{"rendered":"http:\/\/www.au-pays-des-merveilles.com\/blog\/?p=10417"},"modified":"2019-06-23T15:27:57","modified_gmt":"2019-06-23T13:27:57","slug":"cupcakes-bonbons","status":"publish","type":"post","link":"https:\/\/www.au-pays-des-merveilles.com\/blog\/2011\/10\/12\/cupcakes-bonbons\/","title":{"rendered":"Cupcakes &#038; bonbons"},"content":{"rendered":"<p><img loading=\"lazy\" decoding=\"async\" class=\"aligncenter size-full wp-image-10418\" title=\"rebecca\" src=\"https:\/\/www.au-pays-des-merveilles.com\/blog\/wp-content\/uploads\/2011\/10\/rebecca.jpg\" alt=\"\" width=\"622\" height=\"232\" srcset=\"https:\/\/www.au-pays-des-merveilles.com\/blog\/wp-content\/uploads\/2011\/10\/rebecca.jpg 884w, https:\/\/www.au-pays-des-merveilles.com\/blog\/wp-content\/uploads\/2011\/10\/rebecca-300x111.jpg 300w\" sizes=\"auto, (max-width: 622px) 100vw, 622px\" \/><\/p>\n<p style=\"text-align: justify;\">Je ne sais pas si vous avez suivi mes folles aventures sur Facebook mais ce week-end, j&rsquo;ai pu d\u00e9couvrir l&rsquo;univers de Rebecca Bonbon au <a rel=\"nofollow\" href=\"http:\/\/www.salon-cuisinez.com\/\">Salon Cuisinez <\/a>qui se tenait \u00e0 Paris, Porte de Versailles.<\/p>\n<p><img loading=\"lazy\" decoding=\"async\" class=\"aligncenter size-large wp-image-10419\" title=\"DSC02831\" src=\"https:\/\/www.au-pays-des-merveilles.com\/blog\/wp-content\/uploads\/2011\/10\/DSC02831-1024x768.jpg\" alt=\"\" width=\"622\" height=\"466\" srcset=\"https:\/\/www.au-pays-des-merveilles.com\/blog\/wp-content\/uploads\/2011\/10\/DSC02831-1024x768.jpg 1024w, https:\/\/www.au-pays-des-merveilles.com\/blog\/wp-content\/uploads\/2011\/10\/DSC02831-300x225.jpg 300w\" sizes=\"auto, (max-width: 622px) 100vw, 622px\" \/><\/p>\n<p>&nbsp;<\/p>\n<p style=\"text-align: justify;\">Le stand rose et girly \u00e0 souhait vous met tout de suite dans l&rsquo;ambiance.<\/p>\n<p style=\"text-align: justify;\">Connaissez vous Rebecca Bonbon ?<\/p>\n<p style=\"text-align: justify;\"><img loading=\"lazy\" decoding=\"async\" class=\"alignleft size-full wp-image-10420\" style=\"margin: 5px;\" title=\"bonbon-avatar2-100x100\" src=\"https:\/\/www.au-pays-des-merveilles.com\/blog\/wp-content\/uploads\/2011\/10\/bonbon-avatar2-100x100.png\" alt=\"\" width=\"100\" height=\"100\" \/>Ce charmant et p\u00e9tillant bulldog franc\u0327ais est n\u00e9 de l\u2019imagination de Yuko Shimizu, la cr\u00e9atrice de la \u00ab cultissime \u00bb Hello Kitty. N\u00e9e \u00e0 Paris, cette petite chienne, adopt\u00e9e par une Am\u00e9ricaine, vit dans un luxueux appartement \u00e0 New York, avec vue sur Central Park. Rebecca Bonbon vit dans un monde de couleurs et nourrit une passion pour le shopping, la mode, la musique sans oublier les bonbons et toutes les sucreries. Aujourd\u2019hui, ce bulldog \u00ab fashion victim \u00bb compte d\u00e9j\u00e0 des millions d\u2019aficionados de par le monde.<\/p>\n<p><img loading=\"lazy\" decoding=\"async\" class=\"aligncenter size-large wp-image-10421\" title=\"DSC02833\" src=\"https:\/\/www.au-pays-des-merveilles.com\/blog\/wp-content\/uploads\/2011\/10\/DSC02833-1024x768.jpg\" alt=\"\" width=\"618\" height=\"465\" srcset=\"https:\/\/www.au-pays-des-merveilles.com\/blog\/wp-content\/uploads\/2011\/10\/DSC02833-1024x768.jpg 1024w, https:\/\/www.au-pays-des-merveilles.com\/blog\/wp-content\/uploads\/2011\/10\/DSC02833-300x225.jpg 300w\" sizes=\"auto, (max-width: 618px) 100vw, 618px\" \/><\/p>\n<p>A 15h, rendez vous \u00e9tait pris pour participer \u00e0 un atelier cupcake avec la charmante Chlo\u00e9 de la jolie boutique de poup\u00e9e \u00ab\u00a0<a rel=\"nofollow\" href=\"http:\/\/www.cakechloes.com\/index.php\">Chloe&rsquo;s Cupcakes<\/a>\u00ab\u00a0. Je vous en avais d\u00e9j\u00e0 parl\u00e9 \u00e0 <a href=\"https:\/\/www.au-pays-des-merveilles.com\/blog\/2010\/12\/04\/%e2%99%a1-les-liens-du-week-end-%e2%99%a1-7\/\">No\u00ebl dernier<\/a>.<\/p>\n<p><img loading=\"lazy\" decoding=\"async\" class=\"aligncenter size-large wp-image-10427\" title=\"DSC02843\" src=\"https:\/\/www.au-pays-des-merveilles.com\/blog\/wp-content\/uploads\/2011\/10\/DSC02843-1024x768.jpg\" alt=\"\" width=\"622\" height=\"466\" srcset=\"https:\/\/www.au-pays-des-merveilles.com\/blog\/wp-content\/uploads\/2011\/10\/DSC02843-1024x768.jpg 1024w, https:\/\/www.au-pays-des-merveilles.com\/blog\/wp-content\/uploads\/2011\/10\/DSC02843-300x225.jpg 300w\" sizes=\"auto, (max-width: 622px) 100vw, 622px\" \/><\/p>\n<p>Elle nous a expliqu\u00e9 pas \u00e0 pas comment faire la cr\u00e8me au beurre, pas trop sucr\u00e9e et pas trop \u00e9c\u0153urante et \u00e0 d\u00e9corer ces petits g\u00e2teaux de f\u00e9e.<\/p>\n<p><img loading=\"lazy\" decoding=\"async\" class=\"aligncenter size-large wp-image-10429\" title=\"DSC02850\" src=\"https:\/\/www.au-pays-des-merveilles.com\/blog\/wp-content\/uploads\/2011\/10\/DSC02850-e1318164790523-768x1024.jpg\" alt=\"\" width=\"400\" height=\"534\" srcset=\"https:\/\/www.au-pays-des-merveilles.com\/blog\/wp-content\/uploads\/2011\/10\/DSC02850-e1318164790523-768x1024.jpg 768w, https:\/\/www.au-pays-des-merveilles.com\/blog\/wp-content\/uploads\/2011\/10\/DSC02850-e1318164790523-225x300.jpg 225w\" sizes=\"auto, (max-width: 400px) 100vw, 400px\" \/><\/p>\n<p>L&rsquo;utilisation de la poche \u00e0 douille \u00e9tait plus comique mais maintenant je sais faire et j&rsquo;ai h\u00e2te de recommencer !<\/p>\n<p><img loading=\"lazy\" decoding=\"async\" class=\"aligncenter size-large wp-image-10430\" title=\"281-08-10-11\" src=\"https:\/\/www.au-pays-des-merveilles.com\/blog\/wp-content\/uploads\/2011\/10\/281-08-10-11-768x1024.jpg\" alt=\"\" width=\"400\" height=\"534\" srcset=\"https:\/\/www.au-pays-des-merveilles.com\/blog\/wp-content\/uploads\/2011\/10\/281-08-10-11-768x1024.jpg 768w, https:\/\/www.au-pays-des-merveilles.com\/blog\/wp-content\/uploads\/2011\/10\/281-08-10-11-225x300.jpg 225w\" sizes=\"auto, (max-width: 400px) 100vw, 400px\" \/><\/p>\n<p>Plut\u00f4t r\u00e9ussi non ?! Et en plus il \u00e9tait tr\u00e8s bon ! C&rsquo;est bien consistant, un suffit ! Faut dire que je n&rsquo;avais rien mang\u00e9 le midi donc \u00e7a m&rsquo;a bien cal\u00e9 ! Je suis ressortie avec un sachet de goodies, je vous montre tout \u00e7a d\u00e8s que je re\u00e7ois ma mini commande de scrapcooking pour cupcakes. Miam Miam !<\/p>\n","protected":false},"excerpt":{"rendered":"<p>Je ne sais pas si vous avez suivi mes folles aventures sur Facebook mais ce week-end, j&rsquo;ai pu d\u00e9couvrir l&rsquo;univers de Rebecca Bonbon au Salon Cuisinez qui se tenait \u00e0 Paris, Porte de Versailles. &nbsp; Le stand rose et girly \u00e0 souhait vous met tout de suite dans l&rsquo;ambiance. Connaissez vous Rebecca Bonbon ? Ce<\/p>\n","protected":false},"author":1,"featured_media":0,"comment_status":"open","ping_status":"open","sticky":false,"template":"","format":"standard","meta":{"footnotes":""},"categories":[20,10],"tags":[692,440,47,693,613,411,207,691,206,686],"class_list":["post-10417","post","type-post","status-publish","format-standard","hentry","category-buzz","category-cook-book","tag-chloes-cupcakes","tag-cook","tag-cuisine","tag-cupcakes","tag-girly","tag-gourmandises","tag-pink","tag-rebecca-bonbon","tag-rose","tag-salon-cuisinez"],"_links":{"self":[{"href":"https:\/\/www.au-pays-des-merveilles.com\/blog\/wp-json\/wp\/v2\/posts\/10417","targetHints":{"allow":["GET"]}}],"collection":[{"href":"https:\/\/www.au-pays-des-merveilles.com\/blog\/wp-json\/wp\/v2\/posts"}],"about":[{"href":"https:\/\/www.au-pays-des-merveilles.com\/blog\/wp-json\/wp\/v2\/types\/post"}],"author":[{"embeddable":true,"href":"https:\/\/www.au-pays-des-merveilles.com\/blog\/wp-json\/wp\/v2\/users\/1"}],"replies":[{"embeddable":true,"href":"https:\/\/www.au-pays-des-merveilles.com\/blog\/wp-json\/wp\/v2\/comments?post=10417"}],"version-history":[{"count":0,"href":"https:\/\/www.au-pays-des-merveilles.com\/blog\/wp-json\/wp\/v2\/posts\/10417\/revisions"}],"wp:attachment":[{"href":"https:\/\/www.au-pays-des-merveilles.com\/blog\/wp-json\/wp\/v2\/media?parent=10417"}],"wp:term":[{"taxonomy":"category","embeddable":true,"href":"https:\/\/www.au-pays-des-merveilles.com\/blog\/wp-json\/wp\/v2\/categories?post=10417"},{"taxonomy":"post_tag","embeddable":true,"href":"https:\/\/www.au-pays-des-merveilles.com\/blog\/wp-json\/wp\/v2\/tags?post=10417"}],"curies":[{"name":"wp","href":"https:\/\/api.w.org\/{rel}","templated":true}]}}