{"id":10435,"date":"2011-10-15T08:00:01","date_gmt":"2011-10-15T06:00:01","guid":{"rendered":"http:\/\/www.au-pays-des-merveilles.com\/blog\/?p=10435"},"modified":"2019-03-22T17:17:17","modified_gmt":"2019-03-22T15:17:17","slug":"%e2%99%a1-les-liens-du-week-end-%e2%99%a1-36","status":"publish","type":"post","link":"https:\/\/www.au-pays-des-merveilles.com\/blog\/2011\/10\/15\/%e2%99%a1-les-liens-du-week-end-%e2%99%a1-36\/","title":{"rendered":"\u2661 Les liens du week-end \u2661 # 36"},"content":{"rendered":"<p style=\"text-align: justify;\"><img loading=\"lazy\" decoding=\"async\" class=\"aligncenter size-large wp-image-10450\" title=\"275-02-10-11\" src=\"https:\/\/www.au-pays-des-merveilles.com\/blog\/wp-content\/uploads\/2011\/10\/275-02-10-11-1024x764.jpg\" alt=\"\" width=\"620\" height=\"462\" srcset=\"https:\/\/www.au-pays-des-merveilles.com\/blog\/wp-content\/uploads\/2011\/10\/275-02-10-11-1024x764.jpg 1024w, https:\/\/www.au-pays-des-merveilles.com\/blog\/wp-content\/uploads\/2011\/10\/275-02-10-11-300x223.jpg 300w\" sizes=\"auto, (max-width: 620px) 100vw, 620px\" \/><\/p>\n<p style=\"text-align: justify;\">H\u00e9 ! mais c&rsquo;est que \u00e7a fait un petit moment que je ne vous ai pas donn\u00e9 mes coups de coeur web de la semaine ! Une fois n&rsquo;est pas coutume, allons o !<\/p>\n<p style=\"text-align: justify;\">&#x2665; <strong>PHOTO<\/strong> : de chouettes articles sur <a rel=\"nofollow\" href=\"http:\/\/fr.etsy.com\/\" class=\"broken_link\">Etsy <\/a>cette semaine sur <a rel=\"nofollow\" href=\"http:\/\/fr.etsy.com\/blog\/choisir-son-appareil-photo-comparatif-compact-reflex\" class=\"broken_link\">comment choisir son appareil photo<\/a> (beaucoup de personnes me posent la question par mail, j&rsquo;esp\u00e8re que \u00e7a vous aidera), ma\u00eetriser l&rsquo;exposition, la balance des blancs, et la profondeur de champ entre autres.<\/p>\n<p style=\"text-align: justify;\">&#x2665; <strong>MODE<\/strong> : <a rel=\"nofollow\" href=\"http:\/\/abeautifulmess.typepad.com\/my_weblog\/2011\/10\/how-to-add-elbow-patches-to-any-sweater.html\" class=\"broken_link\">ce DIY couture<\/a> pour renforcer les coudes de ses pulls me tentent beaucoup ! Et sinon, vous savez marcher avec des talons de 11 cm ? non, alors c&rsquo;est pas grave, Coline nous d\u00e9voile<a rel=\"nofollow\" href=\"http:\/\/www.etpourquoipascoline.fr\/2011\/10\/le-petit-guide-du-talon-de-11\/\" class=\"broken_link\"> son guide <\/a>!<\/p>\n<p style=\"text-align: justify;\">&#x2665; <strong>COOK<\/strong> : qui dit automne dit r\u00e9apparation du froid dit r\u00e9chauffement par petites gourmandises &#8230; non ?! Alors ce week-end, on tente le <a rel=\"nofollow\" href=\"http:\/\/www.goinghometoroost.com\/2011\/seasonal-recipes\/pumpkin-spice-latte\/\">Pumpkin Spice Latte<\/a> accompagn\u00e9 d&rsquo;un <a rel=\"nofollow\" href=\"http:\/\/bcommebon.canalblog.com\/archives\/2011\/10\/10\/22293051.html\">petit cake pain d&rsquo;\u00e9pices<\/a>, miam !<\/p>\n<p style=\"text-align: justify;\">&#x2665; <strong>DECO<\/strong> : qui dit froid, dit hiver (bient\u00f4t), dit No\u00ebl (tout bient\u00f4t !), dit d\u00e9co de Nono &#8230; hiii les nouveaux masking tapes collection No\u00ebl sont sortis chez <a rel=\"nofollow\" href=\"http:\/\/lovelytape.canalblog.com\/archives\/2011\/10\/10\/22294055.html\">Lovely Tape<\/a> !<\/p>\n<p style=\"text-align: justify;\">Et vous, des choses vous ont marqu\u00e9 cette semaine ? Dites moi tout !<\/p>\n<p style=\"text-align: justify;\">Bonne lecture &amp; Bon week-end !<\/p>\n","protected":false},"excerpt":{"rendered":"<p>H\u00e9 ! mais c&rsquo;est que \u00e7a fait un petit moment que je ne vous ai pas donn\u00e9 mes coups de coeur web de la semaine ! Une fois n&rsquo;est pas coutume, allons o ! &#x2665; PHOTO : de chouettes articles sur Etsy cette semaine sur comment choisir son appareil photo (beaucoup de personnes me posent<\/p>\n","protected":false},"author":1,"featured_media":0,"comment_status":"open","ping_status":"open","sticky":false,"template":"","format":"standard","meta":{"footnotes":""},"categories":[236],"tags":[440,208,237,238,328,195,56],"class_list":["post-10435","post","type-post","status-publish","format-standard","hentry","category-les-liens-du-week-end","tag-cook","tag-deco","tag-liens","tag-links","tag-mode","tag-photo","tag-week-end"],"_links":{"self":[{"href":"https:\/\/www.au-pays-des-merveilles.com\/blog\/wp-json\/wp\/v2\/posts\/10435","targetHints":{"allow":["GET"]}}],"collection":[{"href":"https:\/\/www.au-pays-des-merveilles.com\/blog\/wp-json\/wp\/v2\/posts"}],"about":[{"href":"https:\/\/www.au-pays-des-merveilles.com\/blog\/wp-json\/wp\/v2\/types\/post"}],"author":[{"embeddable":true,"href":"https:\/\/www.au-pays-des-merveilles.com\/blog\/wp-json\/wp\/v2\/users\/1"}],"replies":[{"embeddable":true,"href":"https:\/\/www.au-pays-des-merveilles.com\/blog\/wp-json\/wp\/v2\/comments?post=10435"}],"version-history":[{"count":0,"href":"https:\/\/www.au-pays-des-merveilles.com\/blog\/wp-json\/wp\/v2\/posts\/10435\/revisions"}],"wp:attachment":[{"href":"https:\/\/www.au-pays-des-merveilles.com\/blog\/wp-json\/wp\/v2\/media?parent=10435"}],"wp:term":[{"taxonomy":"category","embeddable":true,"href":"https:\/\/www.au-pays-des-merveilles.com\/blog\/wp-json\/wp\/v2\/categories?post=10435"},{"taxonomy":"post_tag","embeddable":true,"href":"https:\/\/www.au-pays-des-merveilles.com\/blog\/wp-json\/wp\/v2\/tags?post=10435"}],"curies":[{"name":"wp","href":"https:\/\/api.w.org\/{rel}","templated":true}]}}