{"id":10460,"date":"2011-10-17T08:31:07","date_gmt":"2011-10-17T06:31:07","guid":{"rendered":"http:\/\/www.au-pays-des-merveilles.com\/blog\/?p=10460"},"modified":"2019-03-22T17:17:17","modified_gmt":"2019-03-22T15:17:17","slug":"soin-cheveux-lazartigue","status":"publish","type":"post","link":"https:\/\/www.au-pays-des-merveilles.com\/blog\/2011\/10\/17\/soin-cheveux-lazartigue\/","title":{"rendered":"J&rsquo;ai test\u00e9 le soin cheveux chez JF Lazartigue"},"content":{"rendered":"<p style=\"text-align: justify;\"><img loading=\"lazy\" decoding=\"async\" class=\"alignleft size-full wp-image-10464\" style=\"margin: 5px;\" title=\"VIS-JFL\" src=\"https:\/\/www.au-pays-des-merveilles.com\/blog\/wp-content\/uploads\/2011\/10\/VIS-JFL.jpg\" alt=\"\" width=\"300\" height=\"423\" srcset=\"https:\/\/www.au-pays-des-merveilles.com\/blog\/wp-content\/uploads\/2011\/10\/VIS-JFL.jpg 300w, https:\/\/www.au-pays-des-merveilles.com\/blog\/wp-content\/uploads\/2011\/10\/VIS-JFL-212x300.jpg 212w\" sizes=\"auto, (max-width: 300px) 100vw, 300px\" \/>Il y a quinze jours, j&rsquo;ai \u00e9t\u00e9 convi\u00e9e \u00e0 tester le soin cheveux chez <a rel=\"nofollow\" href=\"http:\/\/www.jflazartigue.fr\/index.php\">JF Lazartigue<\/a>. Au d\u00e9tour d&rsquo;une petite ruelle, j&rsquo;ai d\u00e9couvert son salon parisien. Malgr\u00e9 son petit c\u00f4t\u00e9 kitsch, le moins que l&rsquo;on puisse dire c&rsquo;est que celui-ci est tr\u00e8s joli, tr\u00e8s chic.<\/p>\n<p><img loading=\"lazy\" decoding=\"async\" class=\"size-full wp-image-10466 aligncenter\" title=\"jean-francois-lazartigue-news2\" src=\"https:\/\/www.au-pays-des-merveilles.com\/blog\/wp-content\/uploads\/2011\/10\/jean-francois-lazartigue-news2.jpg\" alt=\"\" width=\"300\" height=\"221\" \/><\/p>\n<p style=\"text-align: justify;\">J&rsquo;ai \u00e9t\u00e9 tr\u00e8s bien accueillie par le responsable du salon qui m&rsquo;a pr\u00e9sent\u00e9 la charmante Lisa. Cette derni\u00e8re m&rsquo;a propos\u00e9 un diagnostic de mon cuir chevelu et de mes cheveux. C&rsquo;\u00e9tait la premi\u00e8re fois que je testais ce genre d&rsquo;expertise, c&rsquo;est tr\u00e8s enrichissant ! J&rsquo;ai enfin su que mes cheveux \u00e9taient fins mais tr\u00e8s nombreux contrairement \u00e0 ce que me disaient les coiffeuses qui disaient que j&rsquo;avais les cheveux \u00e9pais ! Et que mon bulbe capillaire \u00e9tait parfait donc je m&rsquo;occupe bien de mes cheveux ! En revanche, mon seul souci c&rsquo;est le cuir chevelu gras et les pointes s\u00e8ches, qui fait que je me lave les cheveux tous les deux jours. Je d\u00e9teste avoir les cheveux sales ! Ce n&rsquo;est pas grave, \u00e7a se soigne selon Lisa. Il faut juste appliquer des soins adapt\u00e9s.<\/p>\n<p style=\"text-align: justify;\">C&rsquo;est pourquoi elle m&rsquo;a propos\u00e9 un <strong>Grand Soin<\/strong> des cheveux dans son petit salon qui regorge de surprises comme sa verri\u00e8re luxuriante !<\/p>\n<p style=\"text-align: justify;\"><img loading=\"lazy\" decoding=\"async\" class=\"aligncenter size-large wp-image-10468\" title=\"Salon\" src=\"https:\/\/www.au-pays-des-merveilles.com\/blog\/wp-content\/uploads\/2011\/10\/Salon-1024x685.jpg\" alt=\"\" width=\"615\" height=\"411\" srcset=\"https:\/\/www.au-pays-des-merveilles.com\/blog\/wp-content\/uploads\/2011\/10\/Salon-1024x685.jpg 1024w, https:\/\/www.au-pays-des-merveilles.com\/blog\/wp-content\/uploads\/2011\/10\/Salon-300x200.jpg 300w, https:\/\/www.au-pays-des-merveilles.com\/blog\/wp-content\/uploads\/2011\/10\/Salon.jpg 1936w\" sizes=\"auto, (max-width: 615px) 100vw, 615px\" \/><\/p>\n<p style=\"text-align: justify;\"><img loading=\"lazy\" decoding=\"async\" class=\"alignright size-full wp-image-10465\" style=\"margin: 5px;\" title=\"gelee pur gde\" src=\"https:\/\/www.au-pays-des-merveilles.com\/blog\/wp-content\/uploads\/2011\/10\/gelee-pur-gde.jpg\" alt=\"\" width=\"160\" height=\"190\" \/>Lisa a commenc\u00e9 le soin par la <strong>Gel\u00e9e de massage purifiante<\/strong>. C&rsquo;est un avant-shampooing qui est recommand\u00e9 pour assainir et exfolier les cuirs chevelus gras. Il est appliqu\u00e9 uniquement sur les racines. On laisse poser quelques minutes. C&rsquo;est tr\u00e8s frais ! Et alors je peux vous dire que c&rsquo;est la premi\u00e8re fois o\u00f9 dans un salon on me propose un coussin pour poser sa t\u00eate au bac &#8230; ce qui rend ce passage bien plus agr\u00e9able surtout quand, en plus, on a droit au massage !<\/p>\n<p style=\"text-align: justify;\">On rince, et Lisa applique ensuite le <strong>Soin Actif \u00e0 la Propolis. <\/strong>C&rsquo;est \u00e9galement un avant-shampooing qui assainit, calme et cicatrise les cuirs chevelus gras et r\u00e9gule la s\u00e9borrh\u00e9e. C&rsquo;est le soin cocoon au miel juste apr\u00e8s la gel\u00e9e ! L\u00e0 c&rsquo;est pareil, c&rsquo;est appliqu\u00e9 aux racines ; et pour les longueurs s\u00e9ches, celles ci auront droit au <strong>Masque Fortifiant au Lait de Soja<\/strong>. Cet avant-shampoo est destin\u00e9 pour les cheveux fins, d\u00e9licats et fragiles.<\/p>\n<p style=\"text-align: justify;\">Et pour que les soins soient encore plus efficaces, je passe sous la vapeur pendant 20 minutes !<\/p>\n<p style=\"text-align: justify;\">Quelques mags et potins plus tard, passage au bac avec rin\u00e7age et <strong>Shampooing Marin<\/strong>. C&rsquo;est le type de produit parfaitement adapt\u00e9 pour mes cheveux : <em>shampooing tr\u00e8s doux qui entretient les cheveux mixtes, l\u00e9g\u00e8rement gras \u00e0 la racine et l\u00e9g\u00e8rement secs sur les longueurs.Gr\u00e2ce \u00e0 ses principes actifs issus de la mer (algues bleue du Mexique, la Spiruline) il apporte aux cheveux des prot\u00e9ines, des vitamines A, E et F et des sels min\u00e9raux n\u00e9cessaires \u00e0 leur \u00e9quilibre. Il contient \u00e9galement de l&rsquo;Argile verte qui normalise la s\u00e9cr\u00e9tion de s\u00e9bum.<\/em><\/p>\n<p style=\"text-align: justify;\">Et pour finir et faciliter le coiffage, on applique le <strong>D\u00e9m\u00ealant Hydratant<\/strong> qui nourrit, donne de la brillance aux cheveux, et permet un d\u00e9m\u00ealage tout en douceur sans alourdir la chevelure.<\/p>\n<p style=\"text-align: justify;\"><img loading=\"lazy\" decoding=\"async\" class=\"aligncenter size-full wp-image-10469\" title=\"int\u00e9rieur salon\" src=\"https:\/\/www.au-pays-des-merveilles.com\/blog\/wp-content\/uploads\/2011\/10\/int%C3%A9rieur-salon.jpg\" alt=\"\" width=\"354\" height=\"529\" \/><\/p>\n<p style=\"text-align: justify;\">Apr\u00e8s un bon rin\u00e7age, Lisa passe \u00e0 l&rsquo;\u00e9tape brushing o\u00f9 elle m&rsquo;a propos\u00e9 un brush plus naturelle. C&rsquo;\u00e9tait super joli, j&rsquo;ai ador\u00e9. Les cheveux \u00e9taient tous doux et l\u00e9gers, l\u00e9gers ! Du coup, je faisais tr\u00e8s attention \u00e0 l&rsquo;ext\u00e9rieur vu qu&rsquo;il y avait du vent et qu&rsquo;il pleuvait !<\/p>\n<p style=\"text-align: justify;\">Ce Grand Soin peut \u00eatre refait \u00e0 la maison avec les produits JF Lazartigue. D&rsquo;ailleurs, une fois par semaine, je refais tout ce processus avec plaisir parce qu&rsquo;en plus d&rsquo;\u00eatre efficaces, les produits sentent super bons !\u00a0Je suis fan de leur <strong>Serum Fortifiant au Lait de Soja<\/strong> au d\u00e9licieux parfum et qui s&rsquo;applique sur les pointes apr\u00e8s le coiffage. Bon alors \u00e9videmment l&rsquo;\u00e9tape brushing est beaucoup moins r\u00e9ussie ! Ca incite \u00e0 aller plus souvent au salon comme \u00e7a !<\/p>\n<p style=\"text-align: justify;\">Je vous informe que pour chaque type de cheveux, un programme est adapt\u00e9. D&rsquo;ailleurs, apr\u00e8s le diagnostic gratuit, on repart avec notre prescription sur papier, comme \u00e7a on oublie rien !<\/p>\n<p><em>Salon J.F. Lazartigue<\/em><br \/>\n<em> 5 rue du Faubourg Saint Honor\u00e9<\/em><br \/>\n<em> 75008 Paris &#8211; 01 58 18 61 71 &#8211; <\/em><\/p>\n<p><em><a>J.F. Lazartigue<\/a><\/em><\/p>\n<p style=\"text-align: right;\"><em>Un grand MERCI \u00e0 JF Lazartigue, Lisa et Anne-Laure pour ce joli moment !<\/em><\/p>\n<p style=\"text-align: justify;\">\n","protected":false},"excerpt":{"rendered":"<p>Il y a quinze jours, j&rsquo;ai \u00e9t\u00e9 convi\u00e9e \u00e0 tester le soin cheveux chez JF Lazartigue. Au d\u00e9tour d&rsquo;une petite ruelle, j&rsquo;ai d\u00e9couvert son salon parisien. Malgr\u00e9 son petit c\u00f4t\u00e9 kitsch, le moins que l&rsquo;on puisse dire c&rsquo;est que celui-ci est tr\u00e8s joli, tr\u00e8s chic. J&rsquo;ai \u00e9t\u00e9 tr\u00e8s bien accueillie par le responsable du salon<\/p>\n","protected":false},"author":1,"featured_media":0,"comment_status":"open","ping_status":"open","sticky":false,"template":"","format":"standard","meta":{"footnotes":""},"categories":[6],"tags":[49,73,695,696,74],"class_list":["post-10460","post","type-post","status-publish","format-standard","hentry","category-beautiful-girl","tag-beaute","tag-cheveux","tag-jf-lazartigue","tag-salon-de-coiffure","tag-soins"],"_links":{"self":[{"href":"https:\/\/www.au-pays-des-merveilles.com\/blog\/wp-json\/wp\/v2\/posts\/10460","targetHints":{"allow":["GET"]}}],"collection":[{"href":"https:\/\/www.au-pays-des-merveilles.com\/blog\/wp-json\/wp\/v2\/posts"}],"about":[{"href":"https:\/\/www.au-pays-des-merveilles.com\/blog\/wp-json\/wp\/v2\/types\/post"}],"author":[{"embeddable":true,"href":"https:\/\/www.au-pays-des-merveilles.com\/blog\/wp-json\/wp\/v2\/users\/1"}],"replies":[{"embeddable":true,"href":"https:\/\/www.au-pays-des-merveilles.com\/blog\/wp-json\/wp\/v2\/comments?post=10460"}],"version-history":[{"count":0,"href":"https:\/\/www.au-pays-des-merveilles.com\/blog\/wp-json\/wp\/v2\/posts\/10460\/revisions"}],"wp:attachment":[{"href":"https:\/\/www.au-pays-des-merveilles.com\/blog\/wp-json\/wp\/v2\/media?parent=10460"}],"wp:term":[{"taxonomy":"category","embeddable":true,"href":"https:\/\/www.au-pays-des-merveilles.com\/blog\/wp-json\/wp\/v2\/categories?post=10460"},{"taxonomy":"post_tag","embeddable":true,"href":"https:\/\/www.au-pays-des-merveilles.com\/blog\/wp-json\/wp\/v2\/tags?post=10460"}],"curies":[{"name":"wp","href":"https:\/\/api.w.org\/{rel}","templated":true}]}}