{"id":10547,"date":"2011-10-23T18:04:08","date_gmt":"2011-10-23T16:04:08","guid":{"rendered":"http:\/\/www.au-pays-des-merveilles.com\/blog\/?p=10547"},"modified":"2019-03-22T17:17:17","modified_gmt":"2019-03-22T15:17:17","slug":"resultats-concours-ma-plante-et-mois-une-belle-histoire","status":"publish","type":"post","link":"https:\/\/www.au-pays-des-merveilles.com\/blog\/2011\/10\/23\/resultats-concours-ma-plante-et-mois-une-belle-histoire\/","title":{"rendered":"Qui a gagn\u00e9 le concours \u00ab\u00a0Ma plante et moi(s), une belle histoire\u00a0\u00bb ?"},"content":{"rendered":"<p><script type=\"text\/javascript\">\/\/ < ![CDATA[\nbpxt_ig=\"ligne01_03.gif\";bpxt_ib=7735;bpxt_ic = \"558\";\n\/\/ ]]><\/script><script type=\"text\/javascript\" src=\"http:\/\/stats.buzzparadise.com\/MarkerBlg\/8c41d0e6-1668-4867-a007-2697848af065\/7735\/BpJsUser.js\"><\/script><\/p>\n<p style=\"text-align: justify;\"><img loading=\"lazy\" decoding=\"async\" class=\"alignleft size-full wp-image-10549\" title=\"plante\" src=\"https:\/\/www.au-pays-des-merveilles.com\/blog\/wp-content\/uploads\/2011\/10\/plante.jpg\" alt=\"\" width=\"163\" height=\"266\" \/>H\u00e9 ! Vous vous souvenez du <a href=\"https:\/\/www.au-pays-des-merveilles.com\/blog\/2011\/06\/16\/ma-plante-et-mois-concours\/\">concours<\/a> organis\u00e9 par l&rsquo;<strong>Office Hollandais des Fleurs<\/strong> avec le site <a rel=\"nofollow\" rel=\"nofollow noopener noreferrer\" href=\"http:\/\/www.maplanteetmoi.fr\/\" shape=\"rect\" target=\"_blank\">www.maplanteetmoi.fr<\/a>, \u00ab\u00a0Ma plante et moi(s), une histoire\u00a0\u00bb ? Je vous avais m\u00eame montr\u00e9 que j&rsquo;avais <a href=\"https:\/\/www.au-pays-des-merveilles.com\/blog\/2011\/09\/03\/main-verte-concours\/\">la main verte<\/a> ! Quoi ? on ne se moque pas ! N&#8217;emp\u00eache qu&rsquo;il tient le coup mon Phalaenopsis ! Apr\u00e8s le succ\u00e8s du Photocall et les nombreuses participations, il a bien fallu faire un choix !\u00a0 Je vous rappelle qu&rsquo;il s&rsquo;agissait de prendre la pose avec sa plante pr\u00e9f\u00e9r\u00e9e, sa plante totem. Et le moins qu&rsquo;on puisse dire c&rsquo;est que les participants \u00e9taient tr\u00e8s cr\u00e9atifs !<\/p>\n<p style=\"text-align: justify;\">Alors, quels sont donc les trois gagnants du concours ?<\/p>\n<p style=\"text-align: justify;\">** En 1\u00e8re position, la photo super originale intitul\u00e9e \u00ab\u00a0<strong>Qui s&rsquo;y frotte s&rsquo;y pique<\/strong>\u00ab\u00a0.<\/p>\n<p style=\"text-align: justify;\"><img loading=\"lazy\" decoding=\"async\" class=\"aligncenter size-medium wp-image-10548\" title=\"#33 Qui s'y frotte s'y pique\" src=\"https:\/\/www.au-pays-des-merveilles.com\/blog\/wp-content\/uploads\/2011\/10\/33-Qui-sy-frotte-sy-pique-300x199.jpg\" alt=\"\" width=\"300\" height=\"199\" srcset=\"https:\/\/www.au-pays-des-merveilles.com\/blog\/wp-content\/uploads\/2011\/10\/33-Qui-sy-frotte-sy-pique-300x199.jpg 300w, https:\/\/www.au-pays-des-merveilles.com\/blog\/wp-content\/uploads\/2011\/10\/33-Qui-sy-frotte-sy-pique.jpg 1024w\" sizes=\"auto, (max-width: 300px) 100vw, 300px\" \/>Impressionnant non ?! Je me demande encore si c&rsquo;est un montage ou s&rsquo;il a r\u00e9ellement mis le cactus dans la bouche, j&rsquo;ai mal pour lui ! En attendant, cactus ou pas, il a gagn\u00e9 un chouette week-end \u00e0 Amsterdam pour deux personnes !<\/p>\n<p style=\"text-align: justify;\">** En seconde position, c&rsquo;est <strong>Ang\u00e9lique<\/strong> qui m&rsquo;a s\u00e9duite avec son petit c\u00f4t\u00e9 romantique et ses papillons.<\/p>\n<p style=\"text-align: justify;\"><img loading=\"lazy\" decoding=\"async\" class=\"aligncenter size-medium wp-image-10550\" title=\"DCFC1296.JPG\" src=\"https:\/\/www.au-pays-des-merveilles.com\/blog\/wp-content\/uploads\/2011\/10\/39-Ang%C3%87lique-225x300.jpg\" alt=\"\" width=\"225\" height=\"300\" \/><\/p>\n<p style=\"text-align: justify;\">** Enfin, c&rsquo;est<strong> V\u00e9ronique<\/strong> qui remporte la troisi\u00e8me place avec sa photo pleine de fraicheur.<\/p>\n<p style=\"text-align: justify;\"><img loading=\"lazy\" decoding=\"async\" class=\"aligncenter size-medium wp-image-10551\" title=\"#1 V\u00c7ronique\" src=\"https:\/\/www.au-pays-des-merveilles.com\/blog\/wp-content\/uploads\/2011\/10\/1-V%C3%87ronique-231x300.jpg\" alt=\"\" width=\"231\" height=\"300\" \/>Ang\u00e9lique et V\u00e9ronique gagnent <strong>une s\u00e9lection de plantes<\/strong> d\u2019une valeur de 200\u20ac.<\/p>\n<p style=\"text-align: justify;\">Pari r\u00e9ussi pour ces trois participants ! Si vous souhaitez voir les autres photos, je vous invite \u00e0 aller sur la <a rel=\"nofollow\" href=\"http:\/\/www.flickr.com\/photos\/achaquemoisaplante\/\">galerie Flickr<\/a> cr\u00e9\u00e9e sp\u00e9cialement pour l&rsquo;occasion.<\/p>\n","protected":false},"excerpt":{"rendered":"<p>H\u00e9 ! Vous vous souvenez du concours organis\u00e9 par l&rsquo;Office Hollandais des Fleurs avec le site www.maplanteetmoi.fr, \u00ab\u00a0Ma plante et moi(s), une histoire\u00a0\u00bb ? Je vous avais m\u00eame montr\u00e9 que j&rsquo;avais la main verte ! Quoi ? on ne se moque pas ! N&#8217;emp\u00eache qu&rsquo;il tient le coup mon Phalaenopsis ! Apr\u00e8s le succ\u00e8s du<\/p>\n","protected":false},"author":1,"featured_media":0,"comment_status":"open","ping_status":"open","sticky":false,"template":"","format":"standard","meta":{"footnotes":""},"categories":[20,25,26],"tags":[185,43,1430,709,195,625,433],"class_list":["post-10547","post","type-post","status-publish","format-standard","hentry","category-buzz","category-concours","category-photography","tag-buzz-2","tag-buzzparadise","tag-concours","tag-office-hollandais-des-fleurs","tag-photo","tag-plante","tag-resultats"],"_links":{"self":[{"href":"https:\/\/www.au-pays-des-merveilles.com\/blog\/wp-json\/wp\/v2\/posts\/10547","targetHints":{"allow":["GET"]}}],"collection":[{"href":"https:\/\/www.au-pays-des-merveilles.com\/blog\/wp-json\/wp\/v2\/posts"}],"about":[{"href":"https:\/\/www.au-pays-des-merveilles.com\/blog\/wp-json\/wp\/v2\/types\/post"}],"author":[{"embeddable":true,"href":"https:\/\/www.au-pays-des-merveilles.com\/blog\/wp-json\/wp\/v2\/users\/1"}],"replies":[{"embeddable":true,"href":"https:\/\/www.au-pays-des-merveilles.com\/blog\/wp-json\/wp\/v2\/comments?post=10547"}],"version-history":[{"count":0,"href":"https:\/\/www.au-pays-des-merveilles.com\/blog\/wp-json\/wp\/v2\/posts\/10547\/revisions"}],"wp:attachment":[{"href":"https:\/\/www.au-pays-des-merveilles.com\/blog\/wp-json\/wp\/v2\/media?parent=10547"}],"wp:term":[{"taxonomy":"category","embeddable":true,"href":"https:\/\/www.au-pays-des-merveilles.com\/blog\/wp-json\/wp\/v2\/categories?post=10547"},{"taxonomy":"post_tag","embeddable":true,"href":"https:\/\/www.au-pays-des-merveilles.com\/blog\/wp-json\/wp\/v2\/tags?post=10547"}],"curies":[{"name":"wp","href":"https:\/\/api.w.org\/{rel}","templated":true}]}}