{"id":10668,"date":"2011-11-29T08:00:40","date_gmt":"2011-11-29T07:00:40","guid":{"rendered":"http:\/\/www.au-pays-des-merveilles.com\/blog\/?p=10668"},"modified":"2019-03-22T17:17:16","modified_gmt":"2019-03-22T15:17:16","slug":"agenda-bic-2012","status":"publish","type":"post","link":"https:\/\/www.au-pays-des-merveilles.com\/blog\/2011\/11\/29\/agenda-bic-2012\/","title":{"rendered":"Id\u00e9e cadeau : l&rsquo;agenda BIC 2012"},"content":{"rendered":"<p style=\"text-align: justify;\"><img loading=\"lazy\" decoding=\"async\" class=\"aligncenter size-large wp-image-10669\" title=\"agenda\" src=\"https:\/\/www.au-pays-des-merveilles.com\/blog\/wp-content\/uploads\/2011\/11\/agenda-1024x768.jpg\" alt=\"\" width=\"640\" height=\"480\" srcset=\"https:\/\/www.au-pays-des-merveilles.com\/blog\/wp-content\/uploads\/2011\/11\/agenda-1024x768.jpg 1024w, https:\/\/www.au-pays-des-merveilles.com\/blog\/wp-content\/uploads\/2011\/11\/agenda-300x225.jpg 300w, https:\/\/www.au-pays-des-merveilles.com\/blog\/wp-content\/uploads\/2011\/11\/agenda.jpg 1280w\" sizes=\"auto, (max-width: 640px) 100vw, 640px\" \/><\/p>\n<p style=\"text-align: justify;\">J&rsquo;ai beau avoir <a href=\"https:\/\/www.au-pays-des-merveilles.com\/blog\/2011\/09\/21\/life-planner-erin-condren\/\" target=\"_blank\" rel=\"noopener noreferrer\">THE<\/a> agenda, je regarde quand m\u00eame ce que proposent les marques ! J&rsquo;ai d&rsquo;ailleurs r\u00e9cemment craqu\u00e9 pour le nouveau Daily Journal de Frankie (je vous en reparle bient\u00f4t). <em>Je vous assure que j&rsquo;arrive toujours \u00e0 trouver une utilit\u00e9 pour chacun !<\/em> Mais je ne m&rsquo;arr\u00eate pas l\u00e0 puisque j&rsquo;ai d\u00e9couvert une petite merveille : l&rsquo;agenda 2012 de <a rel=\"nofollow\" rel=\"nofollow noopener noreferrer\" href=\"http:\/\/www.bicworld.com\/fr\/homepage\/homepage\/\" target=\"_blank\">BIC<\/a> ! Alors dit comme \u00e7a, l&rsquo;image fait un peu cheap mais je peux vous assurer que vous allez \u00eatre surprise en l&rsquo;ouvrant !<\/p>\n<p style=\"text-align: justify;\"><img loading=\"lazy\" decoding=\"async\" class=\"alignnone size-medium wp-image-10670\" title=\"Image\" src=\"https:\/\/www.au-pays-des-merveilles.com\/blog\/wp-content\/uploads\/2011\/11\/Image-300x225.jpg\" alt=\"\" width=\"300\" height=\"225\" srcset=\"https:\/\/www.au-pays-des-merveilles.com\/blog\/wp-content\/uploads\/2011\/11\/Image-300x225.jpg 300w, https:\/\/www.au-pays-des-merveilles.com\/blog\/wp-content\/uploads\/2011\/11\/Image-1024x768.jpg 1024w, https:\/\/www.au-pays-des-merveilles.com\/blog\/wp-content\/uploads\/2011\/11\/Image.jpg 1920w\" sizes=\"auto, (max-width: 300px) 100vw, 300px\" \/>\u00a0 <img loading=\"lazy\" decoding=\"async\" class=\"alignnone size-medium wp-image-10671\" title=\"IMG_0466\" src=\"https:\/\/www.au-pays-des-merveilles.com\/blog\/wp-content\/uploads\/2011\/11\/IMG_0466-300x225.jpg\" alt=\"\" width=\"300\" height=\"225\" srcset=\"https:\/\/www.au-pays-des-merveilles.com\/blog\/wp-content\/uploads\/2011\/11\/IMG_0466-300x225.jpg 300w, https:\/\/www.au-pays-des-merveilles.com\/blog\/wp-content\/uploads\/2011\/11\/IMG_0466-1024x768.jpg 1024w\" sizes=\"auto, (max-width: 300px) 100vw, 300px\" \/><\/p>\n<div style=\"text-align: justify;\">\n<p>Cet agenda est la rencontre in\u00e9dite d\u2019une marque mythique et d\u2019une artiste de g\u00e9nie. C\u2019est aussi la premi\u00e8re fois, depuis sa cr\u00e9ation en 1945, que BIC, g\u00e9ant de la papeterie mondiale se lance dans l\u2019aventure de l\u2019agenda.<\/p>\n<p><img loading=\"lazy\" decoding=\"async\" class=\"alignnone size-medium wp-image-10672\" title=\"IMG_0459\" src=\"https:\/\/www.au-pays-des-merveilles.com\/blog\/wp-content\/uploads\/2011\/11\/IMG_0459-300x225.jpg\" alt=\"\" width=\"300\" height=\"225\" srcset=\"https:\/\/www.au-pays-des-merveilles.com\/blog\/wp-content\/uploads\/2011\/11\/IMG_0459-300x225.jpg 300w, https:\/\/www.au-pays-des-merveilles.com\/blog\/wp-content\/uploads\/2011\/11\/IMG_0459-1024x768.jpg 1024w\" sizes=\"auto, (max-width: 300px) 100vw, 300px\" \/>\u00a0 <img loading=\"lazy\" decoding=\"async\" class=\"alignnone size-medium wp-image-10673\" title=\"IMG_0462\" src=\"https:\/\/www.au-pays-des-merveilles.com\/blog\/wp-content\/uploads\/2011\/11\/IMG_0462-300x225.jpg\" alt=\"\" width=\"300\" height=\"225\" srcset=\"https:\/\/www.au-pays-des-merveilles.com\/blog\/wp-content\/uploads\/2011\/11\/IMG_0462-300x225.jpg 300w, https:\/\/www.au-pays-des-merveilles.com\/blog\/wp-content\/uploads\/2011\/11\/IMG_0462-1024x768.jpg 1024w\" sizes=\"auto, (max-width: 300px) 100vw, 300px\" \/><\/p>\n<p><img loading=\"lazy\" decoding=\"async\" class=\"alignnone size-medium wp-image-10674\" title=\"IMG_0468\" src=\"https:\/\/www.au-pays-des-merveilles.com\/blog\/wp-content\/uploads\/2011\/11\/IMG_0468-300x225.jpg\" alt=\"\" width=\"300\" height=\"225\" srcset=\"https:\/\/www.au-pays-des-merveilles.com\/blog\/wp-content\/uploads\/2011\/11\/IMG_0468-300x225.jpg 300w, https:\/\/www.au-pays-des-merveilles.com\/blog\/wp-content\/uploads\/2011\/11\/IMG_0468-1024x768.jpg 1024w\" sizes=\"auto, (max-width: 300px) 100vw, 300px\" \/>\u00a0 <img loading=\"lazy\" decoding=\"async\" class=\"alignnone size-medium wp-image-10675\" title=\"IMG_0464\" src=\"https:\/\/www.au-pays-des-merveilles.com\/blog\/wp-content\/uploads\/2011\/11\/IMG_0464-300x225.jpg\" alt=\"\" width=\"300\" height=\"225\" srcset=\"https:\/\/www.au-pays-des-merveilles.com\/blog\/wp-content\/uploads\/2011\/11\/IMG_0464-300x225.jpg 300w, https:\/\/www.au-pays-des-merveilles.com\/blog\/wp-content\/uploads\/2011\/11\/IMG_0464-1024x768.jpg 1024w\" sizes=\"auto, (max-width: 300px) 100vw, 300px\" \/><\/p>\n<p><em>L&rsquo;artiste en question est <a rel=\"nofollow\" rel=\"nofollow noopener noreferrer\" href=\"http:\/\/carinebrancowitz.com\/\" target=\"_blank\">Carine Brancowitz<\/a>. Son nom ne vous dit peut-\u00eatre rien mais son \u0153uvre, elle, ne vous a certainement pas \u00e9chapp\u00e9. On la retrouve sur la couverture de nombreux magazines de mode internationaux (Vogue, Cosmopolitan&#8230;) et sur des publicit\u00e9s incontournables (SFR, Testoni&#8230;). R\u00e9guli\u00e8rement expos\u00e9e dans les plus grandes capitales, Carine d\u00e9ploie, \u00e0 la pointe de ses seuls stylos BIC (son unique outil de travail), un univers moderne, empreint de litt\u00e9rature, de culture au sens large o\u00f9, avec des d\u00e9tails hallucinants de r\u00e9alisme, elle fixe le pr\u00e9sent, les instants du quotidien &#8230;<\/em><\/p>\n<p>C&rsquo;est un vrai bonheur que de feuilleter cet objet. Je pense que je vais garder ce petit bijou pour illustrer et coller toutes mes photos de mon futur projet 52 avec l&rsquo;aide de ma <a rel=\"nofollow\" rel=\"nofollow noopener noreferrer\" href=\"http:\/\/www.flickr.com\/photos\/missginy\/6061824689\/\" target=\"_blank\">PoGo<\/a> ! J&rsquo;ai h\u00e2te de commencer.<\/p>\n<p><img loading=\"lazy\" decoding=\"async\" class=\"aligncenter size-large wp-image-10677\" title=\"photo2\" src=\"https:\/\/www.au-pays-des-merveilles.com\/blog\/wp-content\/uploads\/2011\/11\/photo21-768x1024.jpg\" alt=\"\" width=\"400\" height=\"534\" srcset=\"https:\/\/www.au-pays-des-merveilles.com\/blog\/wp-content\/uploads\/2011\/11\/photo21-768x1024.jpg 768w, https:\/\/www.au-pays-des-merveilles.com\/blog\/wp-content\/uploads\/2011\/11\/photo21-225x300.jpg 225w\" sizes=\"auto, (max-width: 400px) 100vw, 400px\" \/><\/p>\n<p>L&rsquo;agenda est vendu au petit prix de 11,95 euros, et est offert avec un stylo BIC \u00ab\u00a04 couleurs\u00a0\u00bb collector customis\u00e9 par l&rsquo;artiste.<\/p>\n<p><img loading=\"lazy\" decoding=\"async\" class=\"aligncenter size-large wp-image-10678\" title=\"photo\" src=\"https:\/\/www.au-pays-des-merveilles.com\/blog\/wp-content\/uploads\/2011\/11\/photo-768x1024.jpg\" alt=\"\" width=\"400\" height=\"534\" srcset=\"https:\/\/www.au-pays-des-merveilles.com\/blog\/wp-content\/uploads\/2011\/11\/photo-768x1024.jpg 768w, https:\/\/www.au-pays-des-merveilles.com\/blog\/wp-content\/uploads\/2011\/11\/photo-225x300.jpg 225w\" sizes=\"auto, (max-width: 400px) 100vw, 400px\" \/><\/p>\n<p style=\"text-align: right;\"><em>Merci aux <a rel=\"nofollow\" rel=\"nofollow noopener noreferrer\" href=\"http:\/\/www.michel-lafon.fr\/\" target=\"_blank\">\u00e9ditions Michel Lafon<\/a> pour cette d\u00e9couverte !<\/em><\/p>\n<p>&nbsp;<\/p>\n<\/div>\n","protected":false},"excerpt":{"rendered":"<p>J&rsquo;ai beau avoir THE agenda, je regarde quand m\u00eame ce que proposent les marques ! J&rsquo;ai d&rsquo;ailleurs r\u00e9cemment craqu\u00e9 pour le nouveau Daily Journal de Frankie (je vous en reparle bient\u00f4t). Je vous assure que j&rsquo;arrive toujours \u00e0 trouver une utilit\u00e9 pour chacun ! Mais je ne m&rsquo;arr\u00eate pas l\u00e0 puisque j&rsquo;ai d\u00e9couvert une petite<\/p>\n","protected":false},"author":1,"featured_media":0,"comment_status":"open","ping_status":"open","sticky":false,"template":"","format":"standard","meta":{"footnotes":""},"categories":[20,8],"tags":[725,147,268,245,255],"class_list":["post-10668","post","type-post","status-publish","format-standard","hentry","category-buzz","category-jolies-choses","tag-725","tag-agenda","tag-bic","tag-cadeau","tag-noel"],"_links":{"self":[{"href":"https:\/\/www.au-pays-des-merveilles.com\/blog\/wp-json\/wp\/v2\/posts\/10668","targetHints":{"allow":["GET"]}}],"collection":[{"href":"https:\/\/www.au-pays-des-merveilles.com\/blog\/wp-json\/wp\/v2\/posts"}],"about":[{"href":"https:\/\/www.au-pays-des-merveilles.com\/blog\/wp-json\/wp\/v2\/types\/post"}],"author":[{"embeddable":true,"href":"https:\/\/www.au-pays-des-merveilles.com\/blog\/wp-json\/wp\/v2\/users\/1"}],"replies":[{"embeddable":true,"href":"https:\/\/www.au-pays-des-merveilles.com\/blog\/wp-json\/wp\/v2\/comments?post=10668"}],"version-history":[{"count":0,"href":"https:\/\/www.au-pays-des-merveilles.com\/blog\/wp-json\/wp\/v2\/posts\/10668\/revisions"}],"wp:attachment":[{"href":"https:\/\/www.au-pays-des-merveilles.com\/blog\/wp-json\/wp\/v2\/media?parent=10668"}],"wp:term":[{"taxonomy":"category","embeddable":true,"href":"https:\/\/www.au-pays-des-merveilles.com\/blog\/wp-json\/wp\/v2\/categories?post=10668"},{"taxonomy":"post_tag","embeddable":true,"href":"https:\/\/www.au-pays-des-merveilles.com\/blog\/wp-json\/wp\/v2\/tags?post=10668"}],"curies":[{"name":"wp","href":"https:\/\/api.w.org\/{rel}","templated":true}]}}