{"id":10683,"date":"2011-11-30T08:00:15","date_gmt":"2011-11-30T07:00:15","guid":{"rendered":"http:\/\/www.au-pays-des-merveilles.com\/blog\/?p=10683"},"modified":"2019-03-22T17:17:16","modified_gmt":"2019-03-22T15:17:16","slug":"masala-chai-mariage-amaretti-special-t","status":"publish","type":"post","link":"https:\/\/www.au-pays-des-merveilles.com\/blog\/2011\/11\/30\/masala-chai-mariage-amaretti-special-t\/","title":{"rendered":"Les saveurs gourmandes de l&rsquo;hiver Special T."},"content":{"rendered":"<p style=\"text-align: justify;\"><img loading=\"lazy\" decoding=\"async\" class=\"aligncenter size-full wp-image-10684\" title=\"David-Lachapelle-Special-T-Nestle-2\" src=\"https:\/\/www.au-pays-des-merveilles.com\/blog\/wp-content\/uploads\/2011\/11\/David-Lachapelle-Special-T-Nestle-2.jpg\" alt=\"\" width=\"580\" height=\"433\" srcset=\"https:\/\/www.au-pays-des-merveilles.com\/blog\/wp-content\/uploads\/2011\/11\/David-Lachapelle-Special-T-Nestle-2.jpg 580w, https:\/\/www.au-pays-des-merveilles.com\/blog\/wp-content\/uploads\/2011\/11\/David-Lachapelle-Special-T-Nestle-2-300x223.jpg 300w\" sizes=\"auto, (max-width: 580px) 100vw, 580px\" \/><\/p>\n<p style=\"text-align: justify;\">En ce moment, je me r\u00e9gale avec les deux nouvelles saveurs en \u00e9dition limit\u00e9e de <a rel=\"nofollow\" href=\"http:\/\/fr.special-t.com\/fr\/\">Special T.<\/a> Impossible de choisir entre les deux, je suis compl\u00e9tement addict !<\/p>\n<p style=\"text-align: justify;\"><img loading=\"lazy\" decoding=\"async\" class=\"alignleft size-medium wp-image-10685\" style=\"margin: 5px 10px;\" title=\"masala\" src=\"https:\/\/www.au-pays-des-merveilles.com\/blog\/wp-content\/uploads\/2011\/11\/masala-284x300.jpg\" alt=\"\" width=\"284\" height=\"300\" srcset=\"https:\/\/www.au-pays-des-merveilles.com\/blog\/wp-content\/uploads\/2011\/11\/masala-284x300.jpg 284w, https:\/\/www.au-pays-des-merveilles.com\/blog\/wp-content\/uploads\/2011\/11\/masala.jpg 460w\" sizes=\"auto, (max-width: 284px) 100vw, 284px\" \/><\/p>\n<p style=\"text-align: justify;\">Le matin, je savoure le th\u00e9 des Indes aux multiples \u00e9pices (cardamome, cannelle, gingembre, clou de girofle et poivre) : le <a rel=\"nofollow\" href=\"http:\/\/fr.special-t.com\/fr\/\">Masala Chai<\/a>. Il me fait penser aux th\u00e9s de No\u00ebl. Je le d\u00e9guste avec une touche de lait et une part de brioche, c&rsquo;est un d\u00e9lice !<\/p>\n<p style=\"text-align: justify;\"><img loading=\"lazy\" decoding=\"async\" class=\"alignright size-medium wp-image-10686\" style=\"margin: 5px 10px;\" title=\"amaretti\" src=\"https:\/\/www.au-pays-des-merveilles.com\/blog\/wp-content\/uploads\/2011\/11\/amaretti-296x300.jpg\" alt=\"\" width=\"296\" height=\"300\" srcset=\"https:\/\/www.au-pays-des-merveilles.com\/blog\/wp-content\/uploads\/2011\/11\/amaretti-296x300.jpg 296w, https:\/\/www.au-pays-des-merveilles.com\/blog\/wp-content\/uploads\/2011\/11\/amaretti.jpg 489w\" sizes=\"auto, (max-width: 296px) 100vw, 296px\" \/><\/p>\n<p style=\"text-align: justify;\">L&rsquo;apr\u00e8s-midi, pour le tea time, je me d\u00e9lecte avec un d\u00e9licat th\u00e9 noir de Ceylan mari\u00e9 \u00e0 des notes de massepain, d&rsquo;amande, de mandarine et de marron : <a rel=\"nofollow\" rel=\"nofollow noopener noreferrer\" href=\"http:\/\/fr.special-t.com\/fr\/\" target=\"_blank\" rel=\"nofollow noopener\">Mariage Amaretti<\/a>. C&rsquo;est incroyable ce qu&rsquo;il sent bon le biscuit Amaretto. Une r\u00e9ussite !<\/p>\n<p style=\"text-align: justify;\">Deux gourmandises pour un hiver d\u00e9licieux !<\/p>\n<p style=\"text-align: justify;\">Pour en profiter pleinement, sachez que Special T offre 50% de r\u00e9duction sur les frais de livraison pour toute commande de 8 boites de th\u00e9. Les frais de livraison restent offerts pour toute commande \u00e9gale ou sup\u00e9rieure \u00e0 15 boites. Cette offre est valable jusqu&rsquo;\u00e0 la fin de l&rsquo;ann\u00e9e. Alors profitez en !<\/p>\n<p style=\"text-align: justify;\">D&rsquo;ailleurs, je ne sais pas si vous avez remarqu\u00e9 mais vous pourrez admirer les nouveaux visuels de la marque, collaboration entre Special T et l&rsquo;artiste <a rel=\"nofollow\" rel=\"nofollow noopener noreferrer\" href=\"http:\/\/www.davidlachapelle.com\/\" target=\"_blank\" rel=\"nofollow noopener\">David LaChapelle<\/a> (je me souviens encore de son travail avec Madonna !). Les affiches sont d\u00e9mentes !<\/p>\n<p style=\"text-align: justify;\"><img loading=\"lazy\" decoding=\"async\" class=\"aligncenter size-full wp-image-10687\" title=\"David-LaChapelle-Nestle-T2\" src=\"https:\/\/www.au-pays-des-merveilles.com\/blog\/wp-content\/uploads\/2011\/11\/David-LaChapelle-Nestle-T2.jpg\" alt=\"\" width=\"500\" height=\"374\" srcset=\"https:\/\/www.au-pays-des-merveilles.com\/blog\/wp-content\/uploads\/2011\/11\/David-LaChapelle-Nestle-T2.jpg 500w, https:\/\/www.au-pays-des-merveilles.com\/blog\/wp-content\/uploads\/2011\/11\/David-LaChapelle-Nestle-T2-300x224.jpg 300w\" sizes=\"auto, (max-width: 500px) 100vw, 500px\" \/><\/p>\n<p style=\"text-align: justify;\"><del>Et sinon, je dispose, en tant que membre du club Special T, de <strong>2 codes de r\u00e9duction de 10 \u20ac<\/strong> pour l&rsquo;achat d&rsquo;une machine. N&rsquo;h\u00e9sitez pas \u00e0 m&rsquo;envoyer un message si vous \u00eates int\u00e9ress\u00e9 !<\/del><\/p>\n<p style=\"text-align: justify;\"><img loading=\"lazy\" decoding=\"async\" class=\"aligncenter size-full wp-image-10688\" title=\"David-LaChapelle-Nestle-T3\" src=\"https:\/\/www.au-pays-des-merveilles.com\/blog\/wp-content\/uploads\/2011\/11\/David-LaChapelle-Nestle-T3.jpg\" alt=\"\" width=\"500\" height=\"327\" srcset=\"https:\/\/www.au-pays-des-merveilles.com\/blog\/wp-content\/uploads\/2011\/11\/David-LaChapelle-Nestle-T3.jpg 500w, https:\/\/www.au-pays-des-merveilles.com\/blog\/wp-content\/uploads\/2011\/11\/David-LaChapelle-Nestle-T3-300x196.jpg 300w\" sizes=\"auto, (max-width: 500px) 100vw, 500px\" \/><\/p>\n","protected":false},"excerpt":{"rendered":"<p>En ce moment, je me r\u00e9gale avec les deux nouvelles saveurs en \u00e9dition limit\u00e9e de Special T. Impossible de choisir entre les deux, je suis compl\u00e9tement addict ! Le matin, je savoure le th\u00e9 des Indes aux multiples \u00e9pices (cardamome, cannelle, gingembre, clou de girofle et poivre) : le Masala Chai. Il me fait penser<\/p>\n","protected":false},"author":1,"featured_media":0,"comment_status":"open","ping_status":"open","sticky":false,"template":"","format":"standard","meta":{"footnotes":""},"categories":[10],"tags":[726,255,179,152],"class_list":["post-10683","post","type-post","status-publish","format-standard","hentry","category-cook-book","tag-david-la-chapelle","tag-noel","tag-special-t","tag-the"],"_links":{"self":[{"href":"https:\/\/www.au-pays-des-merveilles.com\/blog\/wp-json\/wp\/v2\/posts\/10683","targetHints":{"allow":["GET"]}}],"collection":[{"href":"https:\/\/www.au-pays-des-merveilles.com\/blog\/wp-json\/wp\/v2\/posts"}],"about":[{"href":"https:\/\/www.au-pays-des-merveilles.com\/blog\/wp-json\/wp\/v2\/types\/post"}],"author":[{"embeddable":true,"href":"https:\/\/www.au-pays-des-merveilles.com\/blog\/wp-json\/wp\/v2\/users\/1"}],"replies":[{"embeddable":true,"href":"https:\/\/www.au-pays-des-merveilles.com\/blog\/wp-json\/wp\/v2\/comments?post=10683"}],"version-history":[{"count":0,"href":"https:\/\/www.au-pays-des-merveilles.com\/blog\/wp-json\/wp\/v2\/posts\/10683\/revisions"}],"wp:attachment":[{"href":"https:\/\/www.au-pays-des-merveilles.com\/blog\/wp-json\/wp\/v2\/media?parent=10683"}],"wp:term":[{"taxonomy":"category","embeddable":true,"href":"https:\/\/www.au-pays-des-merveilles.com\/blog\/wp-json\/wp\/v2\/categories?post=10683"},{"taxonomy":"post_tag","embeddable":true,"href":"https:\/\/www.au-pays-des-merveilles.com\/blog\/wp-json\/wp\/v2\/tags?post=10683"}],"curies":[{"name":"wp","href":"https:\/\/api.w.org\/{rel}","templated":true}]}}