{"id":10711,"date":"2011-12-05T08:23:07","date_gmt":"2011-12-05T07:23:07","guid":{"rendered":"http:\/\/www.au-pays-des-merveilles.com\/blog\/?p=10711"},"modified":"2011-12-03T21:53:06","modified_gmt":"2011-12-03T20:53:06","slug":"novembre-2011-p-365","status":"publish","type":"post","link":"https:\/\/www.au-pays-des-merveilles.com\/blog\/2011\/12\/05\/novembre-2011-p-365\/","title":{"rendered":"Novembre 2011 {P 365}"},"content":{"rendered":"<p><img loading=\"lazy\" decoding=\"async\" class=\"aligncenter size-full wp-image-10727\" title=\"Novembre collage\" src=\"https:\/\/www.au-pays-des-merveilles.com\/blog\/wp-content\/uploads\/2012\/12\/Novembre-collage.jpg\" alt=\"\" width=\"623\" height=\"748\" srcset=\"https:\/\/www.au-pays-des-merveilles.com\/blog\/wp-content\/uploads\/2012\/12\/Novembre-collage.jpg 623w, https:\/\/www.au-pays-des-merveilles.com\/blog\/wp-content\/uploads\/2012\/12\/Novembre-collage-249x300.jpg 249w\" sizes=\"auto, (max-width: 623px) 100vw, 623px\" \/><\/p>\n<p>Ho ho ho ! On arrive \u00e0 la fin du projet 365 ! Si c&rsquo;est pas fou \u00e7a ! Le plus fou dans le truc c&rsquo;est que je suis s\u00fbre que si je fais des statistiques, j&rsquo;ai pris plus de photos avec l&rsquo;Iphone qu&rsquo;avec mon reflex. Tu parles d&rsquo;une progression ! Toujours est il que cette ann\u00e9e \u00e9tait \u00ab\u00a0sp\u00e9ciale\u00a0\u00bb et que du coup je ne suis pas m\u00e9contente de l&rsquo;avoir gard\u00e9 toute en photos. L&rsquo;effort paye ! Alors \u00e9videmment, il y a encore beaucoup de photos de bouffe (bonjour les chocolats et les go\u00fbters !) mais il n&#8217;emp\u00eache que, m\u00eame quand le moral n&rsquo;est pas l\u00e0, je tiens le coup et je photographie ! C&rsquo;est pour cela que je compte bien recommencer cette aventure photographique l&rsquo;ann\u00e9e prochaine. D&rsquo;ailleurs je vous r\u00e9serve un petit post pour demain \u00e0 ce sujet.<\/p>\n<p>A tr\u00e8s vite &#8230;<\/p>\n","protected":false},"excerpt":{"rendered":"<p>Ho ho ho ! On arrive \u00e0 la fin du projet 365 ! Si c&rsquo;est pas fou \u00e7a ! Le plus fou dans le truc c&rsquo;est que je suis s\u00fbre que si je fais des statistiques, j&rsquo;ai pris plus de photos avec l&rsquo;Iphone qu&rsquo;avec mon reflex. Tu parles d&rsquo;une progression ! Toujours est il que<\/p>\n","protected":false},"author":1,"featured_media":0,"comment_status":"open","ping_status":"open","sticky":false,"template":"","format":"standard","meta":{"footnotes":""},"categories":[353,26],"tags":[352,354,195],"class_list":["post-10711","post","type-post","status-publish","format-standard","hentry","category-defi-photo-p365","category-photography","tag-flickr","tag-p365","tag-photo"],"_links":{"self":[{"href":"https:\/\/www.au-pays-des-merveilles.com\/blog\/wp-json\/wp\/v2\/posts\/10711","targetHints":{"allow":["GET"]}}],"collection":[{"href":"https:\/\/www.au-pays-des-merveilles.com\/blog\/wp-json\/wp\/v2\/posts"}],"about":[{"href":"https:\/\/www.au-pays-des-merveilles.com\/blog\/wp-json\/wp\/v2\/types\/post"}],"author":[{"embeddable":true,"href":"https:\/\/www.au-pays-des-merveilles.com\/blog\/wp-json\/wp\/v2\/users\/1"}],"replies":[{"embeddable":true,"href":"https:\/\/www.au-pays-des-merveilles.com\/blog\/wp-json\/wp\/v2\/comments?post=10711"}],"version-history":[{"count":0,"href":"https:\/\/www.au-pays-des-merveilles.com\/blog\/wp-json\/wp\/v2\/posts\/10711\/revisions"}],"wp:attachment":[{"href":"https:\/\/www.au-pays-des-merveilles.com\/blog\/wp-json\/wp\/v2\/media?parent=10711"}],"wp:term":[{"taxonomy":"category","embeddable":true,"href":"https:\/\/www.au-pays-des-merveilles.com\/blog\/wp-json\/wp\/v2\/categories?post=10711"},{"taxonomy":"post_tag","embeddable":true,"href":"https:\/\/www.au-pays-des-merveilles.com\/blog\/wp-json\/wp\/v2\/tags?post=10711"}],"curies":[{"name":"wp","href":"https:\/\/api.w.org\/{rel}","templated":true}]}}