{"id":10713,"date":"2011-12-06T08:00:38","date_gmt":"2011-12-06T07:00:38","guid":{"rendered":"http:\/\/www.au-pays-des-merveilles.com\/blog\/?p=10713"},"modified":"2019-03-22T17:17:16","modified_gmt":"2019-03-22T15:17:16","slug":"%e2%98%86-le-projet-52-%e2%98%86","status":"publish","type":"post","link":"https:\/\/www.au-pays-des-merveilles.com\/blog\/2011\/12\/06\/%e2%98%86-le-projet-52-%e2%98%86\/","title":{"rendered":"\u2606 Le projet 52 \u2606"},"content":{"rendered":"<p><img loading=\"lazy\" decoding=\"async\" class=\"aligncenter size-full wp-image-10715\" title=\"P52 collage\" src=\"https:\/\/www.au-pays-des-merveilles.com\/blog\/wp-content\/uploads\/2011\/11\/P52-collage.jpg\" alt=\"\" width=\"623\" height=\"445\" srcset=\"https:\/\/www.au-pays-des-merveilles.com\/blog\/wp-content\/uploads\/2011\/11\/P52-collage.jpg 623w, https:\/\/www.au-pays-des-merveilles.com\/blog\/wp-content\/uploads\/2011\/11\/P52-collage-300x214.jpg 300w\" sizes=\"auto, (max-width: 623px) 100vw, 623px\" \/><\/p>\n<p style=\"text-align: justify;\">Alors les photographes en herbe, <a href=\"https:\/\/www.au-pays-des-merveilles.com\/blog\/2011\/01\/01\/une-annee-en-photos-cest-parti\/\" target=\"_blank\" rel=\"noopener noreferrer\">on recommence<\/a> ?!<\/p>\n<p style=\"text-align: justify;\">Bon cette fois, ce sera plus cool puisque je vous propose le<strong> projet 52 = prendre une photo par semaine pendant une ann\u00e9e. <\/strong><\/p>\n<p style=\"text-align: justify;\">Comme d&rsquo;hab, pas de contraintes &#8211;&gt; on prend une photo par semaine avec son reflex, son num\u00e9rique ou m\u00eame son t\u00e9l\u00e9phone, retouch\u00e9e ou pas \u2026 on s\u2019amuse !<\/p>\n<p style=\"text-align: justify;\">Pour montrer vos \u0153uvres et que je puisse ainsi faire ma s\u00e9lection de jolies images chaque semaine, j&rsquo;ai cr\u00e9\u00e9 un nouveau groupe Flickr :<\/p>\n<h3 id=\"yui_3_4_0_3_1322421787364_462\" style=\"text-align: center;\"><a rel=\"nofollow\" rel=\"nofollow noopener noreferrer\" href=\"http:\/\/www.flickr.com\/groups\/2012-p52\/\" target=\"_blank\">\u2605\u2606 2012 &#8211; P52 \u2606\u2605<\/a><\/h3>\n<p><em>Vous remarquerez l&rsquo;originalit\u00e9 du titre.<\/em><\/p>\n<p>Inutile de vous dire que vous pouvez tout \u00e0 fait publier vos photos sur votre blog, Tumblr ou autres supports &#8230; L&rsquo;important c&rsquo;est de participer !<\/p>\n<p>Pour l&rsquo;inscription au groupe, vous cliquez sur <a rel=\"nofollow\" rel=\"nofollow noopener noreferrer\" href=\"http:\/\/www.flickr.com\/groups\/2012-p52\/\" target=\"_blank\">ce lien<\/a>, vous demandez une invitation et je vous ajoute. <em>Attention, je n&rsquo;accepte que les gens s\u00e9rieux qui iront jusqu&rsquo;au bout de l&rsquo;aventure, sinon c&rsquo;est la fess\u00e9e !<\/em><\/p>\n<p>Le projet commencera le <strong>1er janvier 2012<\/strong>. Donc vous avez encore quelques jours pour r\u00e9fl\u00e9chir !<\/p>\n<p>A tr\u00e8s vite !<\/p>\n<p>&nbsp;<\/p>\n","protected":false},"excerpt":{"rendered":"<p>Alors les photographes en herbe, on recommence ?! Bon cette fois, ce sera plus cool puisque je vous propose le projet 52 = prendre une photo par semaine pendant une ann\u00e9e. Comme d&rsquo;hab, pas de contraintes &#8211;&gt; on prend une photo par semaine avec son reflex, son num\u00e9rique ou m\u00eame son t\u00e9l\u00e9phone, retouch\u00e9e ou pas<\/p>\n","protected":false},"author":1,"featured_media":0,"comment_status":"open","ping_status":"open","sticky":false,"template":"","format":"standard","meta":{"footnotes":""},"categories":[729,26],"tags":[352,354,710,195],"class_list":["post-10713","post","type-post","status-publish","format-standard","hentry","category-defi-photo-p52","category-photography","tag-flickr","tag-p365","tag-p52","tag-photo"],"_links":{"self":[{"href":"https:\/\/www.au-pays-des-merveilles.com\/blog\/wp-json\/wp\/v2\/posts\/10713","targetHints":{"allow":["GET"]}}],"collection":[{"href":"https:\/\/www.au-pays-des-merveilles.com\/blog\/wp-json\/wp\/v2\/posts"}],"about":[{"href":"https:\/\/www.au-pays-des-merveilles.com\/blog\/wp-json\/wp\/v2\/types\/post"}],"author":[{"embeddable":true,"href":"https:\/\/www.au-pays-des-merveilles.com\/blog\/wp-json\/wp\/v2\/users\/1"}],"replies":[{"embeddable":true,"href":"https:\/\/www.au-pays-des-merveilles.com\/blog\/wp-json\/wp\/v2\/comments?post=10713"}],"version-history":[{"count":0,"href":"https:\/\/www.au-pays-des-merveilles.com\/blog\/wp-json\/wp\/v2\/posts\/10713\/revisions"}],"wp:attachment":[{"href":"https:\/\/www.au-pays-des-merveilles.com\/blog\/wp-json\/wp\/v2\/media?parent=10713"}],"wp:term":[{"taxonomy":"category","embeddable":true,"href":"https:\/\/www.au-pays-des-merveilles.com\/blog\/wp-json\/wp\/v2\/categories?post=10713"},{"taxonomy":"post_tag","embeddable":true,"href":"https:\/\/www.au-pays-des-merveilles.com\/blog\/wp-json\/wp\/v2\/tags?post=10713"}],"curies":[{"name":"wp","href":"https:\/\/api.w.org\/{rel}","templated":true}]}}