{"id":10865,"date":"2011-12-22T14:09:59","date_gmt":"2011-12-22T13:09:59","guid":{"rendered":"http:\/\/www.au-pays-des-merveilles.com\/blog\/?p=10865"},"modified":"2019-03-22T17:17:15","modified_gmt":"2019-03-22T15:17:15","slug":"happy-new-year-cine","status":"publish","type":"post","link":"https:\/\/www.au-pays-des-merveilles.com\/blog\/2011\/12\/22\/happy-new-year-cine\/","title":{"rendered":"Happy New Year va-t&rsquo;il me r\u00e9concilier avec le jour de l&rsquo;an ?!"},"content":{"rendered":"<p><img loading=\"lazy\" decoding=\"async\" class=\"aligncenter size-full wp-image-10866\" title=\"Affiche\" src=\"https:\/\/www.au-pays-des-merveilles.com\/blog\/wp-content\/uploads\/2011\/12\/Affiche.jpg\" alt=\"\" width=\"450\" height=\"600\" srcset=\"https:\/\/www.au-pays-des-merveilles.com\/blog\/wp-content\/uploads\/2011\/12\/Affiche.jpg 450w, https:\/\/www.au-pays-des-merveilles.com\/blog\/wp-content\/uploads\/2011\/12\/Affiche-225x300.jpg 225w\" sizes=\"auto, (max-width: 450px) 100vw, 450px\" \/><\/p>\n<p style=\"text-align: justify;\">Alors, je vais vous faire une confidence : je n&rsquo;ai jamais aim\u00e9 le r\u00e9veillon du jour de l&rsquo;an ! Je ne sais pas pourquoi.\u00a0Cette f\u00eate impos\u00e9e me gonfle ! C&rsquo;est peut \u00eatre parce que je n&rsquo;ai pas pass\u00e9 des r\u00e9veillons super terribles, ou parce que \u00e7a annonce la fin des vacances. Alors quand j&rsquo;ai vu que le r\u00e9alisateur de Pretty Woman et de Valentine&rsquo;s day avait sorti un nouveau film sur la Saint Sylvestre, je me suis dit que \u00e7a allait peut \u00eatre me r\u00e9concilier avec cette f\u00eate. Non mais vous avez vu le casting: Halle Berry, Jessica Biel, Jon Bon Jovi, Abigail Breslin, Chris \u201cLudacris\u201d Bridges, Robert<strong> <\/strong>De Niro, Josh Duhamel, Zac Efron, Hector Elizondo, Katherine Heigl, Ashton Kutcher, Seth Meyers, Lea Michele, Sarah Jessica Parker, Michelle Pfeiffer, Til Schweiger, Hilary Swank et Sofia Vergara &#8230; rien que \u00e7a ! Bon alors, parfois, \u00e7a fait un peu peur ce genre de film vu le nombre de personnalit\u00e9s du cin\u00e9ma mais il m&rsquo;a l&rsquo;air bien prometteur !<\/p>\n<p>\u00c0 travers le parcours de plusieurs personnages, HAPPY NEW YEAR \u00e9voque aussi bien les amours contrari\u00e9es et la naissance des sentiments que l&rsquo;espoir d&rsquo;une deuxi\u00e8me chance et la capacit\u00e9 \u00e0 pardonner\u2026 C&rsquo;est \u00e0 New York, la ville la plus tr\u00e9pidante au monde, que ces hommes et ces femmes vont se croiser pour le r\u00e9veillon du nouvel an \u2013 cette nuit o\u00f9 tout devient possible \u2026<\/p>\n<p>Je crois que ce film va faire partie de mon programme des vacances. Mais ce n&rsquo;est pas tout car j&rsquo;ai re\u00e7u une belle surprise pour passer un bon r\u00e9veillon mais \u00e7a, je vous en reparle la semaine prochaine !<\/p>\n<p>Et vous, \u00e7a vous tente Happy New Year ?<\/p>\n<p><a rel=\"nofollow\" rel=\"nofollow noopener noreferrer\" href=\"http:\/\/newyearsevemovie.warnerbros.com\/index.html\" target=\"_blank\">Site officiel. <\/a><\/p>\n<p style=\"text-align: center;\">\u2605\u2606\u2605\u2605\u2606\u2605\u2605\u2606\u2605\u2605\u2606\u2605\u2605\u2606\u2605\u2605\u2606\u2605<\/p>\n<p style=\"text-align: center;\">J&rsquo;en profite pour vous dire que, comme<a href=\"https:\/\/www.au-pays-des-merveilles.com\/blog\/2010\/12\/19\/ba-25-decembre-cinema-les-toiles-enchantees\/\" target=\"_blank\" rel=\"noopener noreferrer\"> l&rsquo;ann\u00e9e derni\u00e8re<\/a>, si vous allez au<strong> cin\u00e9ma le 25 d\u00e9cembre<\/strong>, vous soutiendrez <strong>les <a rel=\"nofollow\" rel=\"nofollow noopener noreferrer\" href=\"http:\/\/www.lestoilesenchantees.com\/\" target=\"_blank\">Toiles Enchant\u00e9es<\/a><\/strong> qui permet \u00e0 des milliers d\u2019enfants hospitalis\u00e9s de voir des films dans tous les h\u00f4pitaux de France.<\/p>\n<p style=\"text-align: center;\"><img loading=\"lazy\" decoding=\"async\" class=\"aligncenter size-full wp-image-10867\" title=\"300x500_static\" src=\"https:\/\/www.au-pays-des-merveilles.com\/blog\/wp-content\/uploads\/2011\/12\/300x500_static.jpg\" alt=\"\" width=\"300\" height=\"500\" srcset=\"https:\/\/www.au-pays-des-merveilles.com\/blog\/wp-content\/uploads\/2011\/12\/300x500_static.jpg 300w, https:\/\/www.au-pays-des-merveilles.com\/blog\/wp-content\/uploads\/2011\/12\/300x500_static-180x300.jpg 180w\" sizes=\"auto, (max-width: 300px) 100vw, 300px\" \/><\/p>\n<p style=\"text-align: center;\">Le 25 d\u00e9cembre, dans toute la France, la profession cin\u00e9matographique, et plus particuli\u00e8rement les distributeurs de films et exploitants de salles de cin\u00e9ma se mobilisent. Pour chaque place de cin\u00e9ma achet\u00e9e, une partie sera revers\u00e9e \u00e0 l\u2019association LES TOILES ENCHANTEES.<\/p>\n<p>Cette initiative, parrain\u00e9e par Alain Chabat, est soutenue par la F\u00e9d\u00e9ration Nationale des Distributeurs de Films , la F\u00e9d\u00e9ration Nationale des Cin\u00e9mas Fran\u00e7ais et le Dire.<\/p>\n<p>Fond\u00e9e par Gis\u00e8le Tsobanian en 1997, l\u2019association sillonne les routes de France et offre aux h\u00f4pitaux des projections de films \u00e0 l&rsquo;affiche pour les enfants, les adolescents et les jeunes adultes, malades ou handicap\u00e9s.<\/p>\n<p style=\"text-align: center;\">Dimanche, on va tous au cin\u00e9 !<\/p>\n","protected":false},"excerpt":{"rendered":"<p>Alors, je vais vous faire une confidence : je n&rsquo;ai jamais aim\u00e9 le r\u00e9veillon du jour de l&rsquo;an ! Je ne sais pas pourquoi.\u00a0Cette f\u00eate impos\u00e9e me gonfle ! C&rsquo;est peut \u00eatre parce que je n&rsquo;ai pas pass\u00e9 des r\u00e9veillons super terribles, ou parce que \u00e7a annonce la fin des vacances. Alors quand j&rsquo;ai vu<\/p>\n","protected":false},"author":1,"featured_media":0,"comment_status":"open","ping_status":"open","sticky":false,"template":"","format":"standard","meta":{"footnotes":""},"categories":[20,5],"tags":[757,756,70,754,755],"class_list":["post-10865","post","type-post","status-publish","format-standard","hentry","category-buzz","category-cinema-musique-livres","tag-25-decembre","tag-alain-chabat","tag-cinema","tag-happy-new-year","tag-les-toiles-enchantees"],"_links":{"self":[{"href":"https:\/\/www.au-pays-des-merveilles.com\/blog\/wp-json\/wp\/v2\/posts\/10865","targetHints":{"allow":["GET"]}}],"collection":[{"href":"https:\/\/www.au-pays-des-merveilles.com\/blog\/wp-json\/wp\/v2\/posts"}],"about":[{"href":"https:\/\/www.au-pays-des-merveilles.com\/blog\/wp-json\/wp\/v2\/types\/post"}],"author":[{"embeddable":true,"href":"https:\/\/www.au-pays-des-merveilles.com\/blog\/wp-json\/wp\/v2\/users\/1"}],"replies":[{"embeddable":true,"href":"https:\/\/www.au-pays-des-merveilles.com\/blog\/wp-json\/wp\/v2\/comments?post=10865"}],"version-history":[{"count":0,"href":"https:\/\/www.au-pays-des-merveilles.com\/blog\/wp-json\/wp\/v2\/posts\/10865\/revisions"}],"wp:attachment":[{"href":"https:\/\/www.au-pays-des-merveilles.com\/blog\/wp-json\/wp\/v2\/media?parent=10865"}],"wp:term":[{"taxonomy":"category","embeddable":true,"href":"https:\/\/www.au-pays-des-merveilles.com\/blog\/wp-json\/wp\/v2\/categories?post=10865"},{"taxonomy":"post_tag","embeddable":true,"href":"https:\/\/www.au-pays-des-merveilles.com\/blog\/wp-json\/wp\/v2\/tags?post=10865"}],"curies":[{"name":"wp","href":"https:\/\/api.w.org\/{rel}","templated":true}]}}