{"id":10911,"date":"2012-01-08T14:00:16","date_gmt":"2012-01-08T13:00:16","guid":{"rendered":"http:\/\/www.au-pays-des-merveilles.com\/blog\/?p=10911"},"modified":"2019-03-22T17:17:15","modified_gmt":"2019-03-22T15:17:15","slug":"jolies-images-p52-1","status":"publish","type":"post","link":"https:\/\/www.au-pays-des-merveilles.com\/blog\/2012\/01\/08\/jolies-images-p52-1\/","title":{"rendered":"Jolies images {P52} #1"},"content":{"rendered":"<p style=\"text-align: center;\">Nouvelle ann\u00e9e, nouveau projet ! Et c&rsquo;est reparti pour la s\u00e9lection des jolies images de la semaine ! Nous sommes d\u00e9j\u00e0 147 membres sur ce nouveau d\u00e9fi et j&rsquo;en suis ravie ! Vous \u00eates bien entendu encore les bienvenus si vous souhaitez vous inscrire. Je le r\u00e9p\u00e8te, ce n&rsquo;est pas une comp\u00e9tition mais un projet photo personnel qui permet de pratiquer \u00e0 son rythme. Le but est de s&rsquo;a-mu-ser ! Je ne choisis pas les photos par leur super technique mais juste parce que je les trouve jolies !\u00a0 Il est temps de tester le nouvel appareil que le p\u00e8re No\u00ebl vous a apport\u00e9, viendez viendez ! <img src=\"https:\/\/www.au-pays-des-merveilles.com\/blog\/wp-includes\/images\/smilies\/3.gif\" alt=\";)\" class=\"wp-smiley\" style=\"height: 1em; max-height: 1em;\" \/><br \/>\n<a rel=\"nofollow\" title=\"Bonne Ann\u00e9e !!! by Sandrine Camus, on Flickr\" href=\"http:\/\/www.flickr.com\/photos\/sandrinecamus\/6609253885\/\"><img loading=\"lazy\" decoding=\"async\" class=\"aligncenter\" src=\"http:\/\/farm8.staticflickr.com\/7146\/6609253885_2883d28b46.jpg\" alt=\"Bonne Ann\u00e9e !!!\" width=\"500\" height=\"500\" \/><\/a>Bonne Ann\u00e9e !!! par <strong id=\"yui_3_4_0_3_1325623709926_2315\"><a rel=\"nofollow\" href=\"http:\/\/www.flickr.com\/photos\/sandrinecamus\/\">Sandrine Camus<\/a><\/strong><\/p>\n<p style=\"text-align: center;\"><a rel=\"nofollow\" title=\"P52 - S1 by Cheyennes77, on Flickr\" href=\"http:\/\/www.flickr.com\/photos\/barbamamaslife\/6623300719\/\"><img loading=\"lazy\" decoding=\"async\" class=\"aligncenter\" src=\"http:\/\/farm8.staticflickr.com\/7173\/6623300719_5d2ef811f0.jpg\" alt=\"P52 - S1\" width=\"388\" height=\"500\" \/><\/a>Happy New Year ! par <strong id=\"yui_3_4_0_3_1325624212680_1793\"><a rel=\"nofollow\" href=\"http:\/\/www.flickr.com\/photos\/barbamamaslife\/\">Cheyennes77<\/a><\/strong><\/p>\n<p style=\"text-align: center;\"><a rel=\"nofollow\" title=\"Flaque #1\/52 by Alice, monblogmonmiroir, on Flickr\" href=\"http:\/\/www.flickr.com\/photos\/57897171@N07\/6630118577\/\"><img loading=\"lazy\" decoding=\"async\" class=\"aligncenter\" src=\"http:\/\/farm8.staticflickr.com\/7167\/6630118577_0df0f2571a.jpg\" alt=\"Flaque #1\/52\" width=\"500\" height=\"271\" \/><\/a>Flaque par <strong id=\"yui_3_4_0_3_1325624335662_1053\"><a rel=\"nofollow\" href=\"http:\/\/www.flickr.com\/photos\/57897171@N07\/\">Alice, monblogmonmiroir<\/a><\/strong><\/p>\n<p style=\"text-align: center;\"><img loading=\"lazy\" decoding=\"async\" class=\"aligncenter\" src=\"http:\/\/farm8.staticflickr.com\/7006\/6651920731_c0db4f236c.jpg\" alt=\"PP52 S01 - Direction - Noir et Blanc\" width=\"500\" height=\"436\" \/>PP52 S01-Direction-Noir &amp; Blanc par <strong id=\"yui_3_4_0_3_1325959290748_2106\"><a rel=\"nofollow\" href=\"http:\/\/www.flickr.com\/photos\/photderien\/\">Phot de Rien<\/a><\/strong><\/p>\n<p style=\"text-align: center;\"><a rel=\"nofollow\" title=\"Projet 52 : 2012 semaine 1 - Promenade plant\u00e9e aux premiers jours de janvier de Le blog de Lili, sur Flickr\" href=\"http:\/\/www.flickr.com\/photos\/aureliejacquard\/6646804483\/\"><img loading=\"lazy\" decoding=\"async\" class=\"aligncenter\" src=\"http:\/\/farm8.staticflickr.com\/7172\/6646804483_d809db442a.jpg\" alt=\"Projet 52 : 2012 semaine 1 - Promenade plant\u00e9e aux premiers jours de janvier\" width=\"500\" height=\"375\" \/><\/a>Promenade plant\u00e9e aux premiers jours de janvier par <strong id=\"yui_3_4_0_3_1325965891875_1188\"><a rel=\"nofollow\" href=\"http:\/\/www.flickr.com\/photos\/aureliejacquard\/\">Le blog de Lili<\/a><\/strong><\/p>\n<p style=\"text-align: center;\"><a href=\"http:\/\/www.flickr.com\/groups\/2012-p52\/\" target=\"_blank\" rel=\"noopener noreferrer\"><strong>\u2605\u2606 2012 &#8211; P52 \u2606\u2605<\/strong><\/a><\/p>\n<p style=\"text-align: center;\">+ d&rsquo;infos sur le P52<\/p>\n","protected":false},"excerpt":{"rendered":"<p>Nouvelle ann\u00e9e, nouveau projet ! Et c&rsquo;est reparti pour la s\u00e9lection des jolies images de la semaine ! Nous sommes d\u00e9j\u00e0 147 membres sur ce nouveau d\u00e9fi et j&rsquo;en suis ravie ! Vous \u00eates bien entendu encore les bienvenus si vous souhaitez vous inscrire. Je le r\u00e9p\u00e8te, ce n&rsquo;est pas une comp\u00e9tition mais un projet<\/p>\n","protected":false},"author":1,"featured_media":0,"comment_status":"open","ping_status":"open","sticky":false,"template":"","format":"standard","meta":{"footnotes":""},"categories":[729,26],"tags":[352,710,195],"class_list":["post-10911","post","type-post","status-publish","format-standard","hentry","category-defi-photo-p52","category-photography","tag-flickr","tag-p52","tag-photo"],"_links":{"self":[{"href":"https:\/\/www.au-pays-des-merveilles.com\/blog\/wp-json\/wp\/v2\/posts\/10911","targetHints":{"allow":["GET"]}}],"collection":[{"href":"https:\/\/www.au-pays-des-merveilles.com\/blog\/wp-json\/wp\/v2\/posts"}],"about":[{"href":"https:\/\/www.au-pays-des-merveilles.com\/blog\/wp-json\/wp\/v2\/types\/post"}],"author":[{"embeddable":true,"href":"https:\/\/www.au-pays-des-merveilles.com\/blog\/wp-json\/wp\/v2\/users\/1"}],"replies":[{"embeddable":true,"href":"https:\/\/www.au-pays-des-merveilles.com\/blog\/wp-json\/wp\/v2\/comments?post=10911"}],"version-history":[{"count":0,"href":"https:\/\/www.au-pays-des-merveilles.com\/blog\/wp-json\/wp\/v2\/posts\/10911\/revisions"}],"wp:attachment":[{"href":"https:\/\/www.au-pays-des-merveilles.com\/blog\/wp-json\/wp\/v2\/media?parent=10911"}],"wp:term":[{"taxonomy":"category","embeddable":true,"href":"https:\/\/www.au-pays-des-merveilles.com\/blog\/wp-json\/wp\/v2\/categories?post=10911"},{"taxonomy":"post_tag","embeddable":true,"href":"https:\/\/www.au-pays-des-merveilles.com\/blog\/wp-json\/wp\/v2\/tags?post=10911"}],"curies":[{"name":"wp","href":"https:\/\/api.w.org\/{rel}","templated":true}]}}