{"id":10917,"date":"2012-01-08T08:00:19","date_gmt":"2012-01-08T07:00:19","guid":{"rendered":"http:\/\/www.au-pays-des-merveilles.com\/blog\/?p=10917"},"modified":"2019-03-22T17:17:15","modified_gmt":"2019-03-22T15:17:15","slug":"bmw-accessoires","status":"publish","type":"post","link":"https:\/\/www.au-pays-des-merveilles.com\/blog\/2012\/01\/08\/bmw-accessoires\/","title":{"rendered":"J&rsquo;veux une BMW &#8230; rien que pour les accessoires!"},"content":{"rendered":"<p><script type=\"text\/javascript\">\/\/ < ![CDATA[\nbpxt_ig=\"ligne01_03.gif\";bpxt_ib=7735;bpxt_ic = \"608\";\n\/\/ ]]><\/script><script type=\"text\/javascript\" src=\"http:\/\/stats.buzzparadise.com\/MarkerBlg\/8c41d0e6-1668-4867-a007-2697848af065\/7735\/BpJsUser.js\"><\/script><\/p>\n<p><img loading=\"lazy\" decoding=\"async\" class=\"aligncenter  wp-image-10918\" title=\"bmw_access_high_tech\" src=\"https:\/\/www.au-pays-des-merveilles.com\/blog\/wp-content\/uploads\/2012\/01\/bmw_access_high_tech-1024x533.jpg\" alt=\"\" width=\"615\" height=\"320\" srcset=\"https:\/\/www.au-pays-des-merveilles.com\/blog\/wp-content\/uploads\/2012\/01\/bmw_access_high_tech-1024x533.jpg 1024w, https:\/\/www.au-pays-des-merveilles.com\/blog\/wp-content\/uploads\/2012\/01\/bmw_access_high_tech-300x156.jpg 300w, https:\/\/www.au-pays-des-merveilles.com\/blog\/wp-content\/uploads\/2012\/01\/bmw_access_high_tech.jpg 1919w\" sizes=\"auto, (max-width: 615px) 100vw, 615px\" \/><\/p>\n<p style=\"text-align: justify;\">Il me faut une voiture ! Je n&rsquo;en ai plus depuis quelques semaines et je peux vous dire que \u00e7a me manque. Si je d\u00e9croche ma mutation, la voiture me sera indispensable, du coup je regarde un peu les voitures qui pourraient me convenir. Et je dois dire que la jolie marque BMW a de quoi nous s\u00e9duire rien que pour les petites innovations qu&rsquo;elle propose. Bon alors, on est d&rsquo;accord, je ne sais pas si je pourrais me l&rsquo;offrir mais on ne sait jamais &#8230; surtout quand je vois le tout nouveau site <a rel=\"nofollow\" href=\"http:\/\/access.bmw.fr\/#\/accueil\/\">www.bmw.fr\/access<\/a>, qui nous plonge dans l&rsquo;univers des accessoires d&rsquo;origine BMW.<\/p>\n<p style=\"text-align: justify;\"><a rel=\"nofollow\" rel=\"nofollow noopener noreferrer\" href=\"http:\/\/access.bmw.fr\/#\/accueil\/\" target=\"_blank\"><img loading=\"lazy\" decoding=\"async\" class=\"aligncenter size-full wp-image-10923\" title=\"bmw_access_petit\" src=\"https:\/\/www.au-pays-des-merveilles.com\/blog\/wp-content\/uploads\/2012\/01\/bmw_access_petit.jpg\" alt=\"\" width=\"300\" height=\"100\" \/><\/a><\/p>\n<p style=\"text-align: justify;\"><img loading=\"lazy\" decoding=\"async\" class=\"alignleft size-full wp-image-10919\" style=\"margin: 10px;\" title=\"bmw_accessoire2\" src=\"https:\/\/www.au-pays-des-merveilles.com\/blog\/wp-content\/uploads\/2012\/01\/bmw_accessoire2.jpg\" alt=\"\" width=\"327\" height=\"327\" srcset=\"https:\/\/www.au-pays-des-merveilles.com\/blog\/wp-content\/uploads\/2012\/01\/bmw_accessoire2.jpg 432w, https:\/\/www.au-pays-des-merveilles.com\/blog\/wp-content\/uploads\/2012\/01\/bmw_accessoire2-150x150.jpg 150w, https:\/\/www.au-pays-des-merveilles.com\/blog\/wp-content\/uploads\/2012\/01\/bmw_accessoire2-300x300.jpg 300w\" sizes=\"auto, (max-width: 327px) 100vw, 327px\" \/>Je craque pour les petits gadgets hi-tech du site. Pour ma &lsquo;BM&rsquo;, je choisirais un berceau adaptateur pour t\u00e9l\u00e9phone mobile (original comme nom !) qui fait office de station d&rsquo;accueil notamment pour mon iPhone. Et encore mieux : un support pour iPad qui se fixe sur les appuies-t\u00eates pour les personnes \u00e0 l&rsquo;arri\u00e8re ! Mais il n&rsquo;y a pas que des accessoires pour la voiture, il y a aussi la section \u00ab\u00a0Lifestyle\u00a0\u00bb ! Glamour, joie, allure, swing \u2026 l\u2019univers Lifestyle est une invitation \u00e0 la d\u00e9couverte des accessoires qui s&rsquo;accordent le mieux \u00e0 chaque style de vie. Sac \u00e0 mains, lunettes, doudoune, &#8230; on trouve de tout pour \u00eatre raccord avec sa voiture !<\/p>\n<p style=\"text-align: justify;\">L&rsquo;univers Performance propose quant \u00e0 lui de r\u00e9aliser son propre d\u00e9fil\u00e9 de mode autour des gammes sportives Performance et Performance M et de le partager sur facebook. La nouvelle BMW s\u00e9rie 1 est mise \u00e0 l&rsquo;honneur avec un regroupement de tous les accessoires d\u00e9di\u00e9s \u00e0 ce nouveau mod\u00e8le.<\/p>\n<p style=\"text-align: justify;\"><img loading=\"lazy\" decoding=\"async\" class=\"aligncenter size-medium wp-image-10922\" title=\"bmw_access_performance\" src=\"https:\/\/www.au-pays-des-merveilles.com\/blog\/wp-content\/uploads\/2012\/01\/bmw_access_performance-300x156.jpg\" alt=\"\" width=\"300\" height=\"156\" srcset=\"https:\/\/www.au-pays-des-merveilles.com\/blog\/wp-content\/uploads\/2012\/01\/bmw_access_performance-300x156.jpg 300w, https:\/\/www.au-pays-des-merveilles.com\/blog\/wp-content\/uploads\/2012\/01\/bmw_access_performance-1024x533.jpg 1024w, https:\/\/www.au-pays-des-merveilles.com\/blog\/wp-content\/uploads\/2012\/01\/bmw_access_performance.jpg 1920w\" sizes=\"auto, (max-width: 300px) 100vw, 300px\" \/><\/p>\n<p style=\"text-align: justify;\">Si vous \u00eates s\u00e9duit par tous ces accessoires, le site propose jusqu&rsquo;au 29 f\u00e9vrier un jeu concours qui offre jusqu&rsquo;\u00e0 2 chances (2 chances de gagner par jour si vous \u00eates possesseur de la carte BMW Access, 2 chances de gagner par jour si vous \u00eates client BMW)\u00a0 par jour de gagner une centaine de cadeau BMW : V\u00e9lo M carbon racer (valeur 2764\u20ac), lecteur DVD de voyage, cl\u00e9 USB Motorsport, et de nombreux autres accessoires d&rsquo;origine BMW.<\/p>\n<p style=\"text-align: justify;\">Je vais peut \u00eatre commencer par l\u00e0 avant de me l&rsquo;offrir finalement ! <img src=\"https:\/\/www.au-pays-des-merveilles.com\/blog\/wp-includes\/images\/smilies\/3.gif\" alt=\";)\" class=\"wp-smiley\" style=\"height: 1em; max-height: 1em;\" \/><\/p>\n","protected":false},"excerpt":{"rendered":"<p>Il me faut une voiture ! Je n&rsquo;en ai plus depuis quelques semaines et je peux vous dire que \u00e7a me manque. Si je d\u00e9croche ma mutation, la voiture me sera indispensable, du coup je regarde un peu les voitures qui pourraient me convenir. Et je dois dire que la jolie marque BMW a de<\/p>\n","protected":false},"author":1,"featured_media":0,"comment_status":"open","ping_status":"open","sticky":false,"template":"","format":"standard","meta":{"footnotes":""},"categories":[20],"tags":[760,758,43,759],"class_list":["post-10917","post","type-post","status-publish","format-standard","hentry","category-buzz","tag-accessoires","tag-bmw","tag-buzzparadise","tag-voiture"],"_links":{"self":[{"href":"https:\/\/www.au-pays-des-merveilles.com\/blog\/wp-json\/wp\/v2\/posts\/10917","targetHints":{"allow":["GET"]}}],"collection":[{"href":"https:\/\/www.au-pays-des-merveilles.com\/blog\/wp-json\/wp\/v2\/posts"}],"about":[{"href":"https:\/\/www.au-pays-des-merveilles.com\/blog\/wp-json\/wp\/v2\/types\/post"}],"author":[{"embeddable":true,"href":"https:\/\/www.au-pays-des-merveilles.com\/blog\/wp-json\/wp\/v2\/users\/1"}],"replies":[{"embeddable":true,"href":"https:\/\/www.au-pays-des-merveilles.com\/blog\/wp-json\/wp\/v2\/comments?post=10917"}],"version-history":[{"count":0,"href":"https:\/\/www.au-pays-des-merveilles.com\/blog\/wp-json\/wp\/v2\/posts\/10917\/revisions"}],"wp:attachment":[{"href":"https:\/\/www.au-pays-des-merveilles.com\/blog\/wp-json\/wp\/v2\/media?parent=10917"}],"wp:term":[{"taxonomy":"category","embeddable":true,"href":"https:\/\/www.au-pays-des-merveilles.com\/blog\/wp-json\/wp\/v2\/categories?post=10917"},{"taxonomy":"post_tag","embeddable":true,"href":"https:\/\/www.au-pays-des-merveilles.com\/blog\/wp-json\/wp\/v2\/tags?post=10917"}],"curies":[{"name":"wp","href":"https:\/\/api.w.org\/{rel}","templated":true}]}}