{"id":10930,"date":"2012-01-09T08:00:06","date_gmt":"2012-01-09T07:00:06","guid":{"rendered":"http:\/\/www.au-pays-des-merveilles.com\/blog\/?p=10930"},"modified":"2019-04-28T12:14:05","modified_gmt":"2019-04-28T10:14:05","slug":"adam-eve-comedie-musicale","status":"publish","type":"post","link":"https:\/\/www.au-pays-des-merveilles.com\/blog\/2012\/01\/09\/adam-eve-comedie-musicale\/","title":{"rendered":"La nouvelle com\u00e9die musicale \u00ab\u00a0Adam &#038; Eve, la Seconde Chance\u00a0\u00bb, \u00e7a vous tente ?"},"content":{"rendered":"<p><img loading=\"lazy\" decoding=\"async\" class=\"aligncenter wp-image-10932\" title=\"adam-et-eve\" src=\"https:\/\/www.au-pays-des-merveilles.com\/blog\/wp-content\/uploads\/2012\/01\/adam-et-eve.jpg\" alt=\"\" width=\"619\" height=\"423\" srcset=\"https:\/\/www.au-pays-des-merveilles.com\/blog\/wp-content\/uploads\/2012\/01\/adam-et-eve.jpg 743w, https:\/\/www.au-pays-des-merveilles.com\/blog\/wp-content\/uploads\/2012\/01\/adam-et-eve-300x205.jpg 300w\" sizes=\"auto, (max-width: 619px) 100vw, 619px\" \/><\/p>\n<p style=\"text-align: justify;\">Est ce que ce titre vous dit quelque chose ?! Mais siii, la nouvelle com\u00e9die musicale de Pascal Obispo. Apr\u00e8s les Dix Commandements, le c\u00e9l\u00e8bre chanteur compositeur revient avec Adam &amp; Eve, La Seconde Chance.<\/p>\n<p style=\"text-align: center;\"><img loading=\"lazy\" decoding=\"async\" class=\"alignnone size-medium wp-image-10936\" title=\"troupe_gallerie_2\" src=\"https:\/\/www.au-pays-des-merveilles.com\/blog\/wp-content\/uploads\/2012\/01\/troupe_gallerie_2-264x300.jpg\" alt=\"\" width=\"264\" height=\"300\" srcset=\"https:\/\/www.au-pays-des-merveilles.com\/blog\/wp-content\/uploads\/2012\/01\/troupe_gallerie_2-264x300.jpg 264w, https:\/\/www.au-pays-des-merveilles.com\/blog\/wp-content\/uploads\/2012\/01\/troupe_gallerie_2.jpg 617w\" sizes=\"auto, (max-width: 264px) 100vw, 264px\" \/> <img loading=\"lazy\" decoding=\"async\" class=\"alignnone size-medium wp-image-10937\" title=\"troupe_gallerie_3\" src=\"https:\/\/www.au-pays-des-merveilles.com\/blog\/wp-content\/uploads\/2012\/01\/troupe_gallerie_3-264x300.jpg\" alt=\"\" width=\"264\" height=\"300\" srcset=\"https:\/\/www.au-pays-des-merveilles.com\/blog\/wp-content\/uploads\/2012\/01\/troupe_gallerie_3-264x300.jpg 264w, https:\/\/www.au-pays-des-merveilles.com\/blog\/wp-content\/uploads\/2012\/01\/troupe_gallerie_3.jpg 617w\" sizes=\"auto, (max-width: 264px) 100vw, 264px\" \/><\/p>\n<p style=\"text-align: justify;\">En s\u2019inspirant des th\u00e8mes qui lui sont chers, Pascal Obispo revisite de mani\u00e8re all\u00e9gorique l\u2019histoire d\u2019Adam &amp; Eve et leur invente une \u00ab seconde chance \u00bb. Forts de leur amour, son Adam &amp; sa Eve vont se battre pour que naisse un monde nouveau, un monde meilleur. \u00ab Adam &amp; Eve \u00bb est un grand spectacle musical port\u00e9 par des chansons d\u2019amour et de r\u00e9volte, un spectacle d\u2019harmonie, de gr\u00e2ce et d\u2019\u00e9motions. Love is the answer.<\/p>\n<p><img loading=\"lazy\" decoding=\"async\" class=\"aligncenter wp-image-10941\" title=\"ae\" src=\"https:\/\/www.au-pays-des-merveilles.com\/blog\/wp-content\/uploads\/2012\/01\/ae.jpg\" alt=\"\" width=\"456\" height=\"653\" srcset=\"https:\/\/www.au-pays-des-merveilles.com\/blog\/wp-content\/uploads\/2012\/01\/ae.jpg 659w, https:\/\/www.au-pays-des-merveilles.com\/blog\/wp-content\/uploads\/2012\/01\/ae-209x300.jpg 209w\" sizes=\"auto, (max-width: 456px) 100vw, 456px\" \/><\/p>\n<div>\n<p style=\"text-align: justify;\"><em><span style=\"text-decoration: underline;\">L\u2019HISTOIRE<\/span><\/em><\/p>\n<p style=\"text-align: justify;\"><em>Solus, le Guide de l&rsquo;\u00e9tincelante Cit\u00e9 d\u2019Eden,s\u2019appr\u00eate \u00e0 c\u00e9l\u00e9brer le mariage de sa fille unique Lilith avec Adam, le g\u00e9n\u00e9ral en chef des Soldiers, quand une bande de protestataires fait irruption au milieu de la c\u00e9r\u00e9monie.<\/em><\/p>\n<p style=\"text-align: justify;\"><em>Snake, leur porte drapeau, d\u00e9nonce la mis\u00e8re qui r\u00e8gne au- del\u00e0 des murs dor\u00e9s de la Cit\u00e9, de \u00ab l\u2019autre c\u00f4t\u00e9 \u00bb.<\/em><\/p>\n<p style=\"text-align: justify;\"><em>Au milieu de cette foule en col\u00e8re, une jeune m\u00e9tisse \u00e0 la beaut\u00e9 solaire, Eve, sourit \u00e0 Adam. Le regard d\u2019Eve subjugue Adam.<\/em><\/p>\n<p style=\"text-align: justify;\"><em>Eve va entra\u00eener Adam hors des murs de la Cit\u00e9 et lui faire d\u00e9couvrir un monde dont il ignorait tout, un monde de labeur, de souffrance mais aussi de fraternit\u00e9, de tol\u00e9rance et de partage. De \u00ab l\u2019autre c\u00f4t\u00e9 \u00bb, Adam &amp; Eve d\u00e9couvrent leur amour. Avec ces gens qui n\u2019aspirent qu\u2019\u00e0 un monde meilleur, Adam se rend compte que ses certitudes basculent &#8230; avec Eve une autre vie est possible. Ensemble, forts de leur amour, port\u00e9s par ceux de \u00ab l\u2019autre c\u00f4t\u00e9 \u00bb, ils vont se battre et donner une seconde chance \u00e0 l\u2019humanit\u00e9.<\/em><\/p>\n<\/div>\n<p style=\"text-align: justify;\">J&rsquo;ai eu l&rsquo;occas&rsquo; de voir divers reportages \u00e0 propos de ce spectacle, \u00e7a donne envie ! J&rsquo;ai h\u00e2te de voir les chor\u00e9s de Tokyo Kevin Inouye. Lookez voir un peu \u00e7a :\n<\/p>\n<p style=\"text-align: justify;\">\u00ab Adam &amp; Eve, la Seconde Chance \u00bb s\u2019installe au Palais des Sports de Paris \u00e0 partir du 31 janvier 2012 ! La Grande premi\u00e8re de ce grand spectacle musical sera le 31 janvier 2012 et partira aussi en Tourn\u00e9e dans toute la France, vous pouvez trouver les dates <a rel=\"nofollow noopener\" href=\"http:\/\/www.myticket.fr\/fr\/search\/apachesolr_search\/?filters=ts_artistshow_man:Adam+%26+Eve\" target=\"_blank\" class=\"broken_link\">ici <\/a>.<\/p>\n<p style=\"text-align: justify;\">J&rsquo;ai eu la chance de recevoir 2 places en 1\u00e8re cat\u00e9gorie pour aller voir cette merveille. Donc je peux proposer \u00e0 l&rsquo;un ou l&rsquo;une d&rsquo;entre vous de <strong>venir m&rsquo;accompagner<\/strong> le <strong>Lundi 6 F\u00e9vrier 2012 au Palais des Sports de Paris<\/strong> (Porte de Versailles)\u00a0 \u00e0 <strong>20h30<\/strong>. Si \u00e7a vous tente, <strong>dites le moi dans les commentaires<\/strong> !<\/p>\n<p style=\"text-align: justify;\">En attendant, je ne me lasse pas d&rsquo;\u00e9couter et de regarder le clip officiel \u00ab\u00a0Ma bataille\u00a0\u00bb :\n<\/p>\n<p style=\"text-align: center;\">WWW.ADAMETEVE-LESPECTACLE.COM<br \/>\nhttp:\/\/twitter.com\/Adameteveprod<br \/>\nhttp:\/\/www.facebook.com\/pages\/Adam-et-Eve-le-Spectacle\/<\/p>\n","protected":false},"excerpt":{"rendered":"<p>Est ce que ce titre vous dit quelque chose ?! Mais siii, la nouvelle com\u00e9die musicale de Pascal Obispo. Apr\u00e8s les Dix Commandements, le c\u00e9l\u00e8bre chanteur compositeur revient avec Adam &amp; Eve, La Seconde Chance. En s\u2019inspirant des th\u00e8mes qui lui sont chers, Pascal Obispo revisite de mani\u00e8re all\u00e9gorique l\u2019histoire d\u2019Adam &amp; Eve et leur<\/p>\n","protected":false},"author":1,"featured_media":0,"comment_status":"open","ping_status":"open","sticky":false,"template":"","format":"standard","meta":{"footnotes":""},"categories":[20,1715],"tags":[761,245,762,1430,359,389,763,764],"class_list":["post-10930","post","type-post","status-publish","format-standard","hentry","category-buzz","category-theatre-comediemusicale","tag-adam-eve","tag-cadeau","tag-comedie-musicale","tag-concours","tag-jeu","tag-musique","tag-pascal-obispo","tag-spectacle"],"_links":{"self":[{"href":"https:\/\/www.au-pays-des-merveilles.com\/blog\/wp-json\/wp\/v2\/posts\/10930","targetHints":{"allow":["GET"]}}],"collection":[{"href":"https:\/\/www.au-pays-des-merveilles.com\/blog\/wp-json\/wp\/v2\/posts"}],"about":[{"href":"https:\/\/www.au-pays-des-merveilles.com\/blog\/wp-json\/wp\/v2\/types\/post"}],"author":[{"embeddable":true,"href":"https:\/\/www.au-pays-des-merveilles.com\/blog\/wp-json\/wp\/v2\/users\/1"}],"replies":[{"embeddable":true,"href":"https:\/\/www.au-pays-des-merveilles.com\/blog\/wp-json\/wp\/v2\/comments?post=10930"}],"version-history":[{"count":0,"href":"https:\/\/www.au-pays-des-merveilles.com\/blog\/wp-json\/wp\/v2\/posts\/10930\/revisions"}],"wp:attachment":[{"href":"https:\/\/www.au-pays-des-merveilles.com\/blog\/wp-json\/wp\/v2\/media?parent=10930"}],"wp:term":[{"taxonomy":"category","embeddable":true,"href":"https:\/\/www.au-pays-des-merveilles.com\/blog\/wp-json\/wp\/v2\/categories?post=10930"},{"taxonomy":"post_tag","embeddable":true,"href":"https:\/\/www.au-pays-des-merveilles.com\/blog\/wp-json\/wp\/v2\/tags?post=10930"}],"curies":[{"name":"wp","href":"https:\/\/api.w.org\/{rel}","templated":true}]}}