{"id":11076,"date":"2012-02-15T08:29:08","date_gmt":"2012-02-15T07:29:08","guid":{"rendered":"http:\/\/www.au-pays-des-merveilles.com\/blog\/?p=11076"},"modified":"2019-06-23T15:27:57","modified_gmt":"2019-06-23T13:27:57","slug":"coloration-mousse-john-frieda-cadeau","status":"publish","type":"post","link":"https:\/\/www.au-pays-des-merveilles.com\/blog\/2012\/02\/15\/coloration-mousse-john-frieda-cadeau\/","title":{"rendered":"La coloration mousse par John Frieda {cadeau}"},"content":{"rendered":"<p><img loading=\"lazy\" decoding=\"async\" class=\"aligncenter size-full wp-image-11077\" title=\"frieda4\" src=\"https:\/\/www.au-pays-des-merveilles.com\/blog\/wp-content\/uploads\/2012\/02\/frieda4.jpg\" alt=\"\" width=\"463\" height=\"318\" srcset=\"https:\/\/www.au-pays-des-merveilles.com\/blog\/wp-content\/uploads\/2012\/02\/frieda4.jpg 463w, https:\/\/www.au-pays-des-merveilles.com\/blog\/wp-content\/uploads\/2012\/02\/frieda4-300x206.jpg 300w\" sizes=\"auto, (max-width: 463px) 100vw, 463px\" \/><\/p>\n<p style=\"text-align: justify;\">C&rsquo;est la r\u00e9volution pour nos cheveux ! oui rien que \u00e7a ! La c\u00e9l\u00e8bre marque <a rel=\"nofollow\" href=\"http:\/\/www.johnfrieda.fr\">John Frieda<\/a> arrive avec une innovation capillaire : PRECISION FOAM COLOUR, une coloration premium permanente en mousse con\u00e7ue pour obtenir un r\u00e9sultat comme chez le coiffeur.<\/p>\n<p style=\"text-align: justify;\">La technologie mousse est aussi simple \u00e0 utiliser qu&rsquo;un shampoo, et couvre tr\u00e8s facilement les zones difficiles \u00e0 atteindre. Elle apporte une couleur naturelle des racines aux pointes et une couverture de 100% des cheveux blancs. R\u00e9sultat : les cheveux sont brillants, la couleur est magnifique ! Et il y a le choix niveau couleurs :<\/p>\n<p style=\"text-align: justify;\"><img loading=\"lazy\" decoding=\"async\" class=\"aligncenter size-full wp-image-11078\" title=\"frieda\" src=\"https:\/\/www.au-pays-des-merveilles.com\/blog\/wp-content\/uploads\/2012\/02\/frieda.jpg\" alt=\"\" width=\"428\" height=\"561\" srcset=\"https:\/\/www.au-pays-des-merveilles.com\/blog\/wp-content\/uploads\/2012\/02\/frieda.jpg 428w, https:\/\/www.au-pays-des-merveilles.com\/blog\/wp-content\/uploads\/2012\/02\/frieda-228x300.jpg 228w\" sizes=\"auto, (max-width: 428px) 100vw, 428px\" \/><\/p>\n<p style=\"text-align: justify;\">\u00c7a c&rsquo;est ce qu&rsquo;ils disent ! Moi je ne l&rsquo;ai pas encore test\u00e9 vu que je suis all\u00e9e chez le coupe-tifs il y a une semaine (je pense que vous l&rsquo;avez vu sur mon profil FB !) et qu&rsquo;elle m&rsquo;a refait des m\u00e8ches ! Du coup, je vais attendre un peu avant de tester le blond dor\u00e9 !<\/p>\n<p>En revanche, je veux bien votre avis sur une des teintes puisque je peux vous faire tester la Chatain Clair Naturel. Le kit contient un flacon de colorant, une bouteille de R\u00e9v\u00e9lateur couleur, un tube de soin protecteur couleur, un diffuseur mousse et des gants professionnels Salon.<\/p>\n<p style=\"text-align: center;\"><img loading=\"lazy\" decoding=\"async\" class=\"alignnone size-full wp-image-11079\" title=\"frieda2\" src=\"https:\/\/www.au-pays-des-merveilles.com\/blog\/wp-content\/uploads\/2012\/02\/frieda2.jpg\" alt=\"\" width=\"234\" height=\"396\" srcset=\"https:\/\/www.au-pays-des-merveilles.com\/blog\/wp-content\/uploads\/2012\/02\/frieda2.jpg 234w, https:\/\/www.au-pays-des-merveilles.com\/blog\/wp-content\/uploads\/2012\/02\/frieda2-177x300.jpg 177w\" sizes=\"auto, (max-width: 234px) 100vw, 234px\" \/> <img loading=\"lazy\" decoding=\"async\" class=\"alignnone size-full wp-image-11080\" title=\"frieda3\" src=\"https:\/\/www.au-pays-des-merveilles.com\/blog\/wp-content\/uploads\/2012\/02\/frieda3.jpg\" alt=\"\" width=\"236\" height=\"396\" srcset=\"https:\/\/www.au-pays-des-merveilles.com\/blog\/wp-content\/uploads\/2012\/02\/frieda3.jpg 236w, https:\/\/www.au-pays-des-merveilles.com\/blog\/wp-content\/uploads\/2012\/02\/frieda3-178x300.jpg 178w\" sizes=\"auto, (max-width: 236px) 100vw, 236px\" \/><\/p>\n<p style=\"text-align: center;\">Je la trouve sublime cette couleur, mais n&rsquo;\u00e9tant pas brune, \u00e7a risque de choquer ! Donc, si cela vous int\u00e9resse, vous me laissez un petit commentaire jusqu&rsquo;\u00e0 mardi prochain 21\/02 &#8211; 20h et je ferais un tirage au sort. R\u00e9sultat mercredi.<\/p>\n<p style=\"text-align: justify;\">\n","protected":false},"excerpt":{"rendered":"<p>C&rsquo;est la r\u00e9volution pour nos cheveux ! oui rien que \u00e7a ! La c\u00e9l\u00e8bre marque John Frieda arrive avec une innovation capillaire : PRECISION FOAM COLOUR, une coloration premium permanente en mousse con\u00e7ue pour obtenir un r\u00e9sultat comme chez le coiffeur. La technologie mousse est aussi simple \u00e0 utiliser qu&rsquo;un shampoo, et couvre tr\u00e8s facilement<\/p>\n","protected":false},"author":1,"featured_media":0,"comment_status":"open","ping_status":"open","sticky":false,"template":"","format":"standard","meta":{"footnotes":""},"categories":[1],"tags":[49,398,783,73,782,781,784,323],"class_list":["post-11076","post","type-post","status-publish","format-standard","hentry","category-non-classe","tag-beaute","tag-blonde","tag-brune","tag-cheveux","tag-couleur","tag-john-frieda","tag-rousse","tag-shampoing"],"_links":{"self":[{"href":"https:\/\/www.au-pays-des-merveilles.com\/blog\/wp-json\/wp\/v2\/posts\/11076","targetHints":{"allow":["GET"]}}],"collection":[{"href":"https:\/\/www.au-pays-des-merveilles.com\/blog\/wp-json\/wp\/v2\/posts"}],"about":[{"href":"https:\/\/www.au-pays-des-merveilles.com\/blog\/wp-json\/wp\/v2\/types\/post"}],"author":[{"embeddable":true,"href":"https:\/\/www.au-pays-des-merveilles.com\/blog\/wp-json\/wp\/v2\/users\/1"}],"replies":[{"embeddable":true,"href":"https:\/\/www.au-pays-des-merveilles.com\/blog\/wp-json\/wp\/v2\/comments?post=11076"}],"version-history":[{"count":0,"href":"https:\/\/www.au-pays-des-merveilles.com\/blog\/wp-json\/wp\/v2\/posts\/11076\/revisions"}],"wp:attachment":[{"href":"https:\/\/www.au-pays-des-merveilles.com\/blog\/wp-json\/wp\/v2\/media?parent=11076"}],"wp:term":[{"taxonomy":"category","embeddable":true,"href":"https:\/\/www.au-pays-des-merveilles.com\/blog\/wp-json\/wp\/v2\/categories?post=11076"},{"taxonomy":"post_tag","embeddable":true,"href":"https:\/\/www.au-pays-des-merveilles.com\/blog\/wp-json\/wp\/v2\/tags?post=11076"}],"curies":[{"name":"wp","href":"https:\/\/api.w.org\/{rel}","templated":true}]}}