{"id":11520,"date":"2012-04-30T09:00:48","date_gmt":"2012-04-30T07:00:48","guid":{"rendered":"http:\/\/www.au-pays-des-merveilles.com\/blog\/?p=11520"},"modified":"2019-08-10T23:27:55","modified_gmt":"2019-08-10T21:27:55","slug":"balades-gourmandes-sud-est-1","status":"publish","type":"post","link":"https:\/\/www.au-pays-des-merveilles.com\/blog\/2012\/04\/30\/balades-gourmandes-sud-est-1\/","title":{"rendered":"Mes balades gourmandes : dans le Sud Est #1"},"content":{"rendered":"<p><img loading=\"lazy\" decoding=\"async\" class=\"aligncenter wp-image-11521\" title=\"Semaine 15\" src=\"https:\/\/www.au-pays-des-merveilles.com\/blog\/wp-content\/uploads\/2012\/04\/Semaine-15.jpg\" alt=\"\" width=\"622\" height=\"465\" \/><\/p>\n<p style=\"text-align: justify;\">J&rsquo;inaugure une nouvelle rubrique aujourd&rsquo;hui : \u00ab\u00a0mes balades gourmandes\u00a0\u00bb. Moi &amp; la gourmandise \u00e7a fait deux, donc autant vous donner les bonnes adresses lors de mes trips en France et around the world pour que vous puissiez profiter vous aussi des bons plans !<\/p>\n<p style=\"text-align: justify;\">Lors de mes petites vacances dans ma r\u00e9gion (PACA) il y a 15 jours, j&rsquo;ai test\u00e9 avec ma mamounette divers restaus, et le moins que l&rsquo;on puisse dire c&rsquo;est que nous n&rsquo;avons pas \u00e9t\u00e9 d\u00e9\u00e7ues ! Allez, on y va !<\/p>\n<p style=\"text-align: justify;\"><img loading=\"lazy\" decoding=\"async\" class=\"alignnone size-medium wp-image-11525\" title=\"StrapCannes\" src=\"https:\/\/www.au-pays-des-merveilles.com\/blog\/wp-content\/uploads\/2012\/04\/StrapCannes-300x70.jpg\" alt=\"\" width=\"300\" height=\"70\" srcset=\"https:\/\/www.au-pays-des-merveilles.com\/blog\/wp-content\/uploads\/2012\/04\/StrapCannes-300x70.jpg 300w, https:\/\/www.au-pays-des-merveilles.com\/blog\/wp-content\/uploads\/2012\/04\/StrapCannes.jpg 648w\" sizes=\"auto, (max-width: 300px) 100vw, 300px\" \/><\/p>\n<h1 style=\"text-align: justify;\"><span style=\"text-decoration: underline; color: #ff9900;\"><em><span style=\"text-decoration: underline;\">Le Palais Oriental<\/span><\/em><\/span><\/h1>\n<p style=\"text-align: justify;\"><img loading=\"lazy\" decoding=\"async\" class=\"alignleft size-medium wp-image-11527\" style=\"margin: 15px;\" title=\"IMG_0437\" src=\"https:\/\/www.au-pays-des-merveilles.com\/blog\/wp-content\/uploads\/2012\/04\/IMG_0437-225x300.jpg\" alt=\"\" width=\"225\" height=\"300\" srcset=\"https:\/\/www.au-pays-des-merveilles.com\/blog\/wp-content\/uploads\/2012\/04\/IMG_0437-225x300.jpg 225w, https:\/\/www.au-pays-des-merveilles.com\/blog\/wp-content\/uploads\/2012\/04\/IMG_0437-768x1024.jpg 768w\" sizes=\"auto, (max-width: 225px) 100vw, 225px\" \/>Un restau marocain avec vue sur la mer. Manque de bol, il flottait quand on y est all\u00e9 (\u00e9videmment, sinon c&rsquo;est pas dr\u00f4le !). Il me semble que c&rsquo;est une chaine de restaurants. La d\u00e9co est kitsh \u00e0 souhait et aurait besoin d&rsquo;un bon rafraichissement ! La cuisine est d\u00e9licieuse. J&rsquo;avais pris des boulettes de viande avec du riz &#8230; j&rsquo;ai regrett\u00e9 ne pas command\u00e9 une pastilla au pigeon qui \u00e9tait juste excellente! Le couscous est bien servi \u00e9galement, c&rsquo;est copieux sans \u00eatre trop. Et alors, les desserts &#8230; les fameux g\u00e2teaux marocains avec un petit th\u00e9 \u00e0 la menthe, je suis repartie dans <a href=\"https:\/\/www.au-pays-des-merveilles.com\/blog\/2012\/03\/28\/djerba-tunisie-1\/\" target=\"_blank\" rel=\"noopener noreferrer\">le pays des mille et une nuits<\/a> !<\/p>\n<p style=\"text-align: justify;\">Pour info, allez y plut\u00f4t le soir, une danseuse viendra \u00e9gayer votre d\u00eener !<\/p>\n<p style=\"text-align: justify;\"><img loading=\"lazy\" decoding=\"async\" class=\"alignnone size-thumbnail wp-image-11528\" title=\"IMG_0439\" src=\"https:\/\/www.au-pays-des-merveilles.com\/blog\/wp-content\/uploads\/2012\/04\/IMG_0439-150x150.jpg\" alt=\"\" width=\"150\" height=\"150\" srcset=\"https:\/\/www.au-pays-des-merveilles.com\/blog\/wp-content\/uploads\/2012\/04\/IMG_0439-150x150.jpg 150w, https:\/\/www.au-pays-des-merveilles.com\/blog\/wp-content\/uploads\/2012\/04\/IMG_0439-300x300.jpg 300w, https:\/\/www.au-pays-des-merveilles.com\/blog\/wp-content\/uploads\/2012\/04\/IMG_0439-1024x1024.jpg 1024w, https:\/\/www.au-pays-des-merveilles.com\/blog\/wp-content\/uploads\/2012\/04\/IMG_0439.jpg 2048w\" sizes=\"auto, (max-width: 150px) 100vw, 150px\" \/>\u00a0 <img loading=\"lazy\" decoding=\"async\" class=\"alignnone size-thumbnail wp-image-11529\" title=\"IMG_0440\" src=\"https:\/\/www.au-pays-des-merveilles.com\/blog\/wp-content\/uploads\/2012\/04\/IMG_0440-150x150.jpg\" alt=\"\" width=\"150\" height=\"150\" srcset=\"https:\/\/www.au-pays-des-merveilles.com\/blog\/wp-content\/uploads\/2012\/04\/IMG_0440-150x150.jpg 150w, https:\/\/www.au-pays-des-merveilles.com\/blog\/wp-content\/uploads\/2012\/04\/IMG_0440-300x300.jpg 300w, https:\/\/www.au-pays-des-merveilles.com\/blog\/wp-content\/uploads\/2012\/04\/IMG_0440-1024x1024.jpg 1024w, https:\/\/www.au-pays-des-merveilles.com\/blog\/wp-content\/uploads\/2012\/04\/IMG_0440.jpg 2048w\" sizes=\"auto, (max-width: 150px) 100vw, 150px\" \/>\u00a0 <img loading=\"lazy\" decoding=\"async\" class=\"alignnone size-thumbnail wp-image-11530\" title=\"IMG_0441\" src=\"https:\/\/www.au-pays-des-merveilles.com\/blog\/wp-content\/uploads\/2012\/04\/IMG_0441-150x150.jpg\" alt=\"\" width=\"150\" height=\"150\" \/><\/p>\n<p style=\"text-align: justify;\"><em><span style=\"text-decoration: underline;\"><strong>+ infos<\/strong><\/span> : 10, Boulevard Jean Hibert &#8211; 06400 Cannes &#8211; 04 92 98 99 98<\/em><\/p>\n<p style=\"text-align: justify;\"><img loading=\"lazy\" decoding=\"async\" class=\"aligncenter wp-image-11531\" title=\"IMG_0444\" src=\"https:\/\/www.au-pays-des-merveilles.com\/blog\/wp-content\/uploads\/2012\/04\/IMG_0444-1024x768.jpg\" alt=\"\" width=\"620\" height=\"465\" srcset=\"https:\/\/www.au-pays-des-merveilles.com\/blog\/wp-content\/uploads\/2012\/04\/IMG_0444-1024x768.jpg 1024w, https:\/\/www.au-pays-des-merveilles.com\/blog\/wp-content\/uploads\/2012\/04\/IMG_0444-300x225.jpg 300w\" sizes=\"auto, (max-width: 620px) 100vw, 620px\" \/><\/p>\n<p style=\"text-align: justify;\"><em>Quel joli temps !<\/em><\/p>\n<p style=\"text-align: justify;\"><img loading=\"lazy\" decoding=\"async\" class=\"alignnone size-medium wp-image-11535\" title=\"StrapFayence\" src=\"https:\/\/www.au-pays-des-merveilles.com\/blog\/wp-content\/uploads\/2012\/04\/StrapFayence-300x70.jpg\" alt=\"\" width=\"300\" height=\"70\" srcset=\"https:\/\/www.au-pays-des-merveilles.com\/blog\/wp-content\/uploads\/2012\/04\/StrapFayence-300x70.jpg 300w, https:\/\/www.au-pays-des-merveilles.com\/blog\/wp-content\/uploads\/2012\/04\/StrapFayence.jpg 648w\" sizes=\"auto, (max-width: 300px) 100vw, 300px\" \/><\/p>\n<p style=\"text-align: justify;\">Il faut s&rsquo;enfoncer dans les terres de Provence pour trouver une perle &#8230;<\/p>\n<h1 style=\"text-align: justify;\"><em><span style=\"text-decoration: underline;\"><span style=\"color: #ff9900; text-decoration: underline;\">Le Moulin de la Camandoule<\/span><\/span><\/em><\/h1>\n<p style=\"text-align: justify;\"><img loading=\"lazy\" decoding=\"async\" class=\"alignnone wp-image-11536\" title=\"IMG_0449\" src=\"https:\/\/www.au-pays-des-merveilles.com\/blog\/wp-content\/uploads\/2012\/04\/IMG_0449-768x1024.jpg\" alt=\"\" width=\"308\" height=\"411\" srcset=\"https:\/\/www.au-pays-des-merveilles.com\/blog\/wp-content\/uploads\/2012\/04\/IMG_0449-768x1024.jpg 768w, https:\/\/www.au-pays-des-merveilles.com\/blog\/wp-content\/uploads\/2012\/04\/IMG_0449-225x300.jpg 225w\" sizes=\"auto, (max-width: 308px) 100vw, 308px\" \/>\u00a0 <img loading=\"lazy\" decoding=\"async\" class=\"alignnone wp-image-11537\" title=\"IMG_0450\" src=\"https:\/\/www.au-pays-des-merveilles.com\/blog\/wp-content\/uploads\/2012\/04\/IMG_0450-768x1024.jpg\" alt=\"\" width=\"308\" height=\"412\" srcset=\"https:\/\/www.au-pays-des-merveilles.com\/blog\/wp-content\/uploads\/2012\/04\/IMG_0450-768x1024.jpg 768w, https:\/\/www.au-pays-des-merveilles.com\/blog\/wp-content\/uploads\/2012\/04\/IMG_0450-225x300.jpg 225w\" sizes=\"auto, (max-width: 308px) 100vw, 308px\" \/><\/p>\n<p style=\"text-align: justify;\"><img loading=\"lazy\" decoding=\"async\" class=\"wp-image-11539 aligncenter\" title=\"IMG_0455\" src=\"https:\/\/www.au-pays-des-merveilles.com\/blog\/wp-content\/uploads\/2012\/04\/IMG_0455-1024x768.jpg\" alt=\"\" width=\"623\" height=\"468\" srcset=\"https:\/\/www.au-pays-des-merveilles.com\/blog\/wp-content\/uploads\/2012\/04\/IMG_0455-1024x768.jpg 1024w, https:\/\/www.au-pays-des-merveilles.com\/blog\/wp-content\/uploads\/2012\/04\/IMG_0455-300x225.jpg 300w\" sizes=\"auto, (max-width: 623px) 100vw, 623px\" \/><\/p>\n<p style=\"text-align: justify;\">Cet h\u00f4tel restaurant est un vrai petit bijou. Nich\u00e9 dans un parc de 4 hectares, cet ancien moulin propose une cuisine de qualit\u00e9 et raffin\u00e9e \u00e0 des prix tous doux ! Le personnel est aux petits soins, ce qui ne g\u00e2che rien. Ce jour l\u00e0, on a juste eu le temps de prendre le cocktail maison au soleil qu&rsquo;un gros nuage noir pointait le bout de son nez !<\/p>\n<p style=\"text-align: justify;\"><img loading=\"lazy\" decoding=\"async\" class=\"alignnone wp-image-11538\" title=\"IMG_0453\" src=\"https:\/\/www.au-pays-des-merveilles.com\/blog\/wp-content\/uploads\/2012\/04\/IMG_0453-768x1024.jpg\" alt=\"\" width=\"309\" height=\"413\" srcset=\"https:\/\/www.au-pays-des-merveilles.com\/blog\/wp-content\/uploads\/2012\/04\/IMG_0453-768x1024.jpg 768w, https:\/\/www.au-pays-des-merveilles.com\/blog\/wp-content\/uploads\/2012\/04\/IMG_0453-225x300.jpg 225w\" sizes=\"auto, (max-width: 309px) 100vw, 309px\" \/>\u00a0 <img loading=\"lazy\" decoding=\"async\" class=\"alignnone wp-image-11541\" title=\"IMG_0456\" src=\"https:\/\/www.au-pays-des-merveilles.com\/blog\/wp-content\/uploads\/2012\/04\/IMG_0456-768x1024.jpg\" alt=\"\" width=\"308\" height=\"411\" srcset=\"https:\/\/www.au-pays-des-merveilles.com\/blog\/wp-content\/uploads\/2012\/04\/IMG_0456-768x1024.jpg 768w, https:\/\/www.au-pays-des-merveilles.com\/blog\/wp-content\/uploads\/2012\/04\/IMG_0456-225x300.jpg 225w\" sizes=\"auto, (max-width: 308px) 100vw, 308px\" \/><\/p>\n<p style=\"text-align: justify;\">Pour 30\u20ac, nous avons d\u00e9gust\u00e9 le menu de Printemps :<\/p>\n<p style=\"text-align: justify;\"><img loading=\"lazy\" decoding=\"async\" class=\"alignnone size-thumbnail wp-image-11543\" title=\"IMG_0460\" src=\"https:\/\/www.au-pays-des-merveilles.com\/blog\/wp-content\/uploads\/2012\/04\/IMG_0460-150x150.jpg\" alt=\"\" width=\"150\" height=\"150\" \/>\u00a0<img loading=\"lazy\" decoding=\"async\" class=\"alignnone size-thumbnail wp-image-11544\" title=\"IMG_0461\" src=\"https:\/\/www.au-pays-des-merveilles.com\/blog\/wp-content\/uploads\/2012\/04\/IMG_0461-150x150.jpg\" alt=\"\" width=\"150\" height=\"150\" \/>\u00a0<img loading=\"lazy\" decoding=\"async\" class=\"alignnone size-thumbnail wp-image-11545\" title=\"IMG_0462\" src=\"https:\/\/www.au-pays-des-merveilles.com\/blog\/wp-content\/uploads\/2012\/04\/IMG_0462-150x150.jpg\" alt=\"\" width=\"150\" height=\"150\" \/> <img loading=\"lazy\" decoding=\"async\" class=\"alignnone size-thumbnail wp-image-11547\" title=\"IMG_0464\" src=\"https:\/\/www.au-pays-des-merveilles.com\/blog\/wp-content\/uploads\/2012\/04\/IMG_0464-150x150.jpg\" alt=\"\" width=\"150\" height=\"150\" \/>\u00a0 <img loading=\"lazy\" decoding=\"async\" class=\"alignnone size-thumbnail wp-image-11548\" title=\"IMG_0465\" src=\"https:\/\/www.au-pays-des-merveilles.com\/blog\/wp-content\/uploads\/2012\/04\/IMG_0465-150x150.jpg\" alt=\"\" width=\"150\" height=\"150\" \/>\u00a0 <img loading=\"lazy\" decoding=\"async\" class=\"alignnone size-thumbnail wp-image-11549\" title=\"IMG_0466\" src=\"https:\/\/www.au-pays-des-merveilles.com\/blog\/wp-content\/uploads\/2012\/04\/IMG_0466-150x150.jpg\" alt=\"\" width=\"150\" height=\"150\" \/>\u00a0 <img loading=\"lazy\" decoding=\"async\" class=\"alignnone size-thumbnail wp-image-11550\" title=\"IMG_0467\" src=\"https:\/\/www.au-pays-des-merveilles.com\/blog\/wp-content\/uploads\/2012\/04\/IMG_0467-150x150.jpg\" alt=\"\" width=\"150\" height=\"150\" \/>\u00a0 <img loading=\"lazy\" decoding=\"async\" class=\"alignnone size-thumbnail wp-image-11551\" title=\"IMG_0468\" src=\"https:\/\/www.au-pays-des-merveilles.com\/blog\/wp-content\/uploads\/2012\/04\/IMG_0468-150x150.jpg\" alt=\"\" width=\"150\" height=\"150\" \/><\/p>\n<p style=\"text-align: justify;\">Autant vous dire qu&rsquo;apr\u00e8s un tel festin, on peut partir faire la sieste !! Niveau rapport qualit\u00e9-prix, il n&rsquo;y a pas photo, ils sont imbattables ! V\u00e9ritable coup de coeur pour cet endroit. S&rsquo;il y en a un \u00e0 ne pas louper dans la r\u00e9gion, c&rsquo;est bien celui l\u00e0 !<\/p>\n<p style=\"text-align: justify;\"><span style=\"text-decoration: underline;\"><em><strong>+ infos<\/strong><\/em><\/span> : <em>Chemin Notre-Dame des cypr\u00e8s\u00a0\u00a083440 Fayence &#8211; 04 94 76 00 84 &#8211; Site web<\/em><\/p>\n<p style=\"text-align: justify;\"><img loading=\"lazy\" decoding=\"async\" class=\"alignnone size-full wp-image-11560\" title=\"StrapSLDV\" src=\"https:\/\/www.au-pays-des-merveilles.com\/blog\/wp-content\/uploads\/2012\/04\/StrapSLDV.jpg\" alt=\"\" width=\"410\" height=\"98\" srcset=\"https:\/\/www.au-pays-des-merveilles.com\/blog\/wp-content\/uploads\/2012\/04\/StrapSLDV.jpg 672w, https:\/\/www.au-pays-des-merveilles.com\/blog\/wp-content\/uploads\/2012\/04\/StrapSLDV-300x71.jpg 300w\" sizes=\"auto, (max-width: 410px) 100vw, 410px\" \/><\/p>\n<p style=\"text-align: justify;\"><img loading=\"lazy\" decoding=\"async\" class=\"aligncenter wp-image-11557\" title=\"IMG_0471\" src=\"https:\/\/www.au-pays-des-merveilles.com\/blog\/wp-content\/uploads\/2012\/04\/IMG_0471-1024x768.jpg\" alt=\"\" width=\"622\" height=\"466\" srcset=\"https:\/\/www.au-pays-des-merveilles.com\/blog\/wp-content\/uploads\/2012\/04\/IMG_0471-1024x768.jpg 1024w, https:\/\/www.au-pays-des-merveilles.com\/blog\/wp-content\/uploads\/2012\/04\/IMG_0471-300x225.jpg 300w\" sizes=\"auto, (max-width: 622px) 100vw, 622px\" \/><\/p>\n<p style=\"text-align: justify;\">Trouver un restau sur le port de St Laurent du Var, tr\u00e8s facile vu qu&rsquo;il n&rsquo;y a que \u00e7a &#8230; En revanche, en trouver un bon, l\u00e0 ce n&rsquo;est pas une mince affaire. Avec ma mamounette, on s&rsquo;est fi\u00e9 \u00e0 notre 6\u00e8me sens et on est tomb\u00e9 sur une bonne petite adresse !<\/p>\n<h1 style=\"text-align: justify;\"><span style=\"text-decoration: underline; color: #ff9900;\"><em>Le Paradis Marin<\/em><\/span><\/h1>\n<p style=\"text-align: justify;\">Amateurs de crustac\u00e9s et de poissons, cette adresse est pour vous !<\/p>\n<p style=\"text-align: justify;\">Nous on s&rsquo;est fait plaisir avec des fettuccine aux coquillages, succulentes &#8230;<\/p>\n<p style=\"text-align: justify;\"><img loading=\"lazy\" decoding=\"async\" class=\"aligncenter wp-image-11558\" title=\"IMG_0476\" src=\"https:\/\/www.au-pays-des-merveilles.com\/blog\/wp-content\/uploads\/2012\/04\/IMG_0476-1024x1024.jpg\" alt=\"\" width=\"499\" height=\"499\" srcset=\"https:\/\/www.au-pays-des-merveilles.com\/blog\/wp-content\/uploads\/2012\/04\/IMG_0476-1024x1024.jpg 1024w, https:\/\/www.au-pays-des-merveilles.com\/blog\/wp-content\/uploads\/2012\/04\/IMG_0476-150x150.jpg 150w, https:\/\/www.au-pays-des-merveilles.com\/blog\/wp-content\/uploads\/2012\/04\/IMG_0476-300x300.jpg 300w, https:\/\/www.au-pays-des-merveilles.com\/blog\/wp-content\/uploads\/2012\/04\/IMG_0476.jpg 2048w\" sizes=\"auto, (max-width: 499px) 100vw, 499px\" \/><\/p>\n<p style=\"text-align: justify;\">&#8230; et histoire de dig\u00e9rer un \u00ab\u00a0petit\u00a0\u00bb vacherin aux fraises !<\/p>\n<p style=\"text-align: justify;\"><img loading=\"lazy\" decoding=\"async\" class=\"aligncenter wp-image-11559\" title=\"IMG_0477\" src=\"https:\/\/www.au-pays-des-merveilles.com\/blog\/wp-content\/uploads\/2012\/04\/IMG_0477-1024x1024.jpg\" alt=\"\" width=\"499\" height=\"499\" srcset=\"https:\/\/www.au-pays-des-merveilles.com\/blog\/wp-content\/uploads\/2012\/04\/IMG_0477-1024x1024.jpg 1024w, https:\/\/www.au-pays-des-merveilles.com\/blog\/wp-content\/uploads\/2012\/04\/IMG_0477-150x150.jpg 150w, https:\/\/www.au-pays-des-merveilles.com\/blog\/wp-content\/uploads\/2012\/04\/IMG_0477-300x300.jpg 300w, https:\/\/www.au-pays-des-merveilles.com\/blog\/wp-content\/uploads\/2012\/04\/IMG_0477.jpg 2048w\" sizes=\"auto, (max-width: 499px) 100vw, 499px\" \/><\/p>\n<p style=\"text-align: justify;\"><em><strong>+ infos<\/strong> : Port St Laurent du Var\u00a0\u00a006700 Saint-Laurent-du-Var &#8211; 04 93 07 30 57 &#8211; Site web<\/em><\/p>\n<p style=\"text-align: justify;\"><img loading=\"lazy\" decoding=\"async\" class=\"alignnone wp-image-11562\" title=\"StrapAntibes\" src=\"https:\/\/www.au-pays-des-merveilles.com\/blog\/wp-content\/uploads\/2012\/04\/StrapAntibes.jpg\" alt=\"\" width=\"393\" height=\"94\" srcset=\"https:\/\/www.au-pays-des-merveilles.com\/blog\/wp-content\/uploads\/2012\/04\/StrapAntibes.jpg 672w, https:\/\/www.au-pays-des-merveilles.com\/blog\/wp-content\/uploads\/2012\/04\/StrapAntibes-300x71.jpg 300w\" sizes=\"auto, (max-width: 393px) 100vw, 393px\" \/><\/p>\n<p style=\"text-align: justify;\">Aaah ma ville de coeur ! Ouai sauf que c&rsquo;est ici o\u00f9 j&rsquo;ai \u00e9t\u00e9 la plus d\u00e9\u00e7ue par rapport aux restaus de la semaine.<\/p>\n<h1 style=\"text-align: justify;\"><span style=\"text-decoration: underline; color: #ff9900;\">Le Bastion<\/span><\/h1>\n<p style=\"text-align: justify;\"><img loading=\"lazy\" decoding=\"async\" class=\"aligncenter wp-image-11570\" title=\"IMG_0483-2\" src=\"https:\/\/www.au-pays-des-merveilles.com\/blog\/wp-content\/uploads\/2012\/04\/IMG_0483-2-1024x768.jpg\" alt=\"\" width=\"622\" height=\"466\" srcset=\"https:\/\/www.au-pays-des-merveilles.com\/blog\/wp-content\/uploads\/2012\/04\/IMG_0483-2-1024x768.jpg 1024w, https:\/\/www.au-pays-des-merveilles.com\/blog\/wp-content\/uploads\/2012\/04\/IMG_0483-2-300x225.jpg 300w\" sizes=\"auto, (max-width: 622px) 100vw, 622px\" \/><\/p>\n<p style=\"text-align: justify;\">Ce restaurant &#8211; lounge bar b\u00e9n\u00e9ficie d&rsquo;un superbe emplacement sur la plage d&rsquo;Antibes face \u00e0 la mer &#8230; et je pense qu&rsquo;on le paye dans la facture ! La cuisine est tr\u00e8s bonne attention hein, mais quand on voit le rapport qualit\u00e9-prix du menu \u00e0 30\u20ac du restau de Fayence, y&rsquo;a pas photo ! Ici on a pris \u00e0 la carte et la facture \u00e9tait plus couteuse &#8230; En entr\u00e9e, des nems de poulet puis des ballotins de dinde avec risotto au parmesan et en dessert, une merveilleuse p\u00e2tisserie qui vient du chocolatier Patrick Mesiano, meilleur ouvrier de France, d&rsquo;Antibes (factur\u00e9e 12\u20ac alors qu&rsquo;elle est \u00e0 4\u20ac dans le salon de th\u00e9 du chocolatier une rue plus loin !!).<\/p>\n<p style=\"text-align: justify;\"><img loading=\"lazy\" decoding=\"async\" class=\"alignnone wp-image-11566\" title=\"IMG_0486\" src=\"https:\/\/www.au-pays-des-merveilles.com\/blog\/wp-content\/uploads\/2012\/04\/IMG_0486-300x225.jpg\" alt=\"\" width=\"200\" height=\"150\" srcset=\"https:\/\/www.au-pays-des-merveilles.com\/blog\/wp-content\/uploads\/2012\/04\/IMG_0486-300x225.jpg 300w, https:\/\/www.au-pays-des-merveilles.com\/blog\/wp-content\/uploads\/2012\/04\/IMG_0486-1024x768.jpg 1024w\" sizes=\"auto, (max-width: 200px) 100vw, 200px\" \/>\u00a0 <img loading=\"lazy\" decoding=\"async\" class=\"alignnone wp-image-11567\" title=\"IMG_0487\" src=\"https:\/\/www.au-pays-des-merveilles.com\/blog\/wp-content\/uploads\/2012\/04\/IMG_0487-300x225.jpg\" alt=\"\" width=\"200\" height=\"150\" srcset=\"https:\/\/www.au-pays-des-merveilles.com\/blog\/wp-content\/uploads\/2012\/04\/IMG_0487-300x225.jpg 300w, https:\/\/www.au-pays-des-merveilles.com\/blog\/wp-content\/uploads\/2012\/04\/IMG_0487-1024x768.jpg 1024w\" sizes=\"auto, (max-width: 200px) 100vw, 200px\" \/>\u00a0 <img loading=\"lazy\" decoding=\"async\" class=\"alignnone wp-image-11569\" title=\"IMG_0489\" src=\"https:\/\/www.au-pays-des-merveilles.com\/blog\/wp-content\/uploads\/2012\/04\/IMG_0489-300x225.jpg\" alt=\"\" width=\"200\" height=\"150\" srcset=\"https:\/\/www.au-pays-des-merveilles.com\/blog\/wp-content\/uploads\/2012\/04\/IMG_0489-300x225.jpg 300w, https:\/\/www.au-pays-des-merveilles.com\/blog\/wp-content\/uploads\/2012\/04\/IMG_0489-1024x768.jpg 1024w\" sizes=\"auto, (max-width: 200px) 100vw, 200px\" \/><\/p>\n<p style=\"text-align: justify;\"><img loading=\"lazy\" decoding=\"async\" class=\"aligncenter wp-image-11571\" title=\"IMG_0488-2\" src=\"https:\/\/www.au-pays-des-merveilles.com\/blog\/wp-content\/uploads\/2012\/04\/IMG_0488-2-768x1024.jpg\" alt=\"\" width=\"451\" height=\"601\" srcset=\"https:\/\/www.au-pays-des-merveilles.com\/blog\/wp-content\/uploads\/2012\/04\/IMG_0488-2-768x1024.jpg 768w, https:\/\/www.au-pays-des-merveilles.com\/blog\/wp-content\/uploads\/2012\/04\/IMG_0488-2-225x300.jpg 225w\" sizes=\"auto, (max-width: 451px) 100vw, 451px\" \/><\/p>\n<p style=\"text-align: justify;\">On paye surtout le cadre !<\/p>\n<p style=\"text-align: justify;\"><em><span style=\"text-decoration: underline;\"><strong>+ infos<\/strong><\/span> : 1 Avenue G\u00e9n\u00e9ral Maizi\u00e8re\u00a0\u00a006600 Antibes &#8211; 04 93 34 59 86 &#8211; Site web<\/em><\/p>\n<h1 style=\"text-align: justify;\"><span style=\"text-decoration: underline; color: #ff9900;\">Salon de th\u00e9 Patrick Mesiano<br \/>\n<\/span><\/h1>\n<p style=\"text-align: justify;\">Justement en parlant du p\u00e2tissier chocolatier Patrick Mesiano, nous sommes all\u00e9s tester une de ses gourmandises dans son salon de th\u00e9 &#8230; inutile de vous dire que l&rsquo;on s&rsquo;est r\u00e9gal\u00e9. Un large choix de th\u00e9s et de p\u00e2tisseries sont propos\u00e9s. Vous pouvez \u00e9galement vous arr\u00eater le midi pour une cuisine plus rapide. Et quand on voit les tarifs pratiqu\u00e9s bien plus raisonnables qu&rsquo;au restau Le Bastion, impossible de ne pas y go\u00fbter !<\/p>\n<p style=\"text-align: justify;\"><img loading=\"lazy\" decoding=\"async\" class=\"aligncenter wp-image-11574\" title=\"IMG_0491\" src=\"https:\/\/www.au-pays-des-merveilles.com\/blog\/wp-content\/uploads\/2012\/04\/IMG_0491-1024x1024.jpg\" alt=\"\" width=\"621\" height=\"621\" srcset=\"https:\/\/www.au-pays-des-merveilles.com\/blog\/wp-content\/uploads\/2012\/04\/IMG_0491-1024x1024.jpg 1024w, https:\/\/www.au-pays-des-merveilles.com\/blog\/wp-content\/uploads\/2012\/04\/IMG_0491-150x150.jpg 150w, https:\/\/www.au-pays-des-merveilles.com\/blog\/wp-content\/uploads\/2012\/04\/IMG_0491-300x300.jpg 300w, https:\/\/www.au-pays-des-merveilles.com\/blog\/wp-content\/uploads\/2012\/04\/IMG_0491.jpg 2048w\" sizes=\"auto, (max-width: 621px) 100vw, 621px\" \/><\/p>\n<p style=\"text-align: justify;\"><span style=\"text-decoration: underline;\"><strong><em>+ infos<\/em><\/strong><\/span> : 16 Boulevard Albert 1ER Antibes 06600 &#8211; 04 93 34 35 05<\/p>\n<p style=\"text-align: justify;\"><img loading=\"lazy\" decoding=\"async\" class=\"alignnone wp-image-11587\" title=\"StrapNice\" src=\"https:\/\/www.au-pays-des-merveilles.com\/blog\/wp-content\/uploads\/2012\/04\/StrapNice.jpg\" alt=\"\" width=\"426\" height=\"102\" srcset=\"https:\/\/www.au-pays-des-merveilles.com\/blog\/wp-content\/uploads\/2012\/04\/StrapNice.jpg 672w, https:\/\/www.au-pays-des-merveilles.com\/blog\/wp-content\/uploads\/2012\/04\/StrapNice-300x71.jpg 300w\" sizes=\"auto, (max-width: 426px) 100vw, 426px\" \/><\/p>\n<h1 style=\"text-align: justify;\"><span style=\"text-decoration: underline; color: #ff9900;\"><em>D\u00e9li Bo.<\/em><\/span><\/h1>\n<p style=\"text-align: justify;\"><img loading=\"lazy\" decoding=\"async\" class=\"aligncenter wp-image-11575\" title=\"IMG_0493\" src=\"https:\/\/www.au-pays-des-merveilles.com\/blog\/wp-content\/uploads\/2012\/04\/IMG_0493-1024x768.jpg\" alt=\"\" width=\"622\" height=\"466\" srcset=\"https:\/\/www.au-pays-des-merveilles.com\/blog\/wp-content\/uploads\/2012\/04\/IMG_0493-1024x768.jpg 1024w, https:\/\/www.au-pays-des-merveilles.com\/blog\/wp-content\/uploads\/2012\/04\/IMG_0493-300x225.jpg 300w\" sizes=\"auto, (max-width: 622px) 100vw, 622px\" \/><\/p>\n<p style=\"text-align: justify;\">Gros coup de c\u0153ur pour ce restau \u00e0 Nice ! On avait d\u00e9nich\u00e9 l&rsquo;adresse dans L&rsquo;Express, et je pense que nous n&rsquo;\u00e9tions pas les seules vu le monde devant l&rsquo;enseigne ! Nous n&rsquo;avions pas r\u00e9serv\u00e9, et on a attendu un peu dehors le temps qu&rsquo;une table se lib\u00e8re. Le g\u00e9rant nous a offert gentiment un verre de vin blanc &#8230; occasion rare pour \u00eatre soulign\u00e9e ! C&rsquo;est tr\u00e8s appr\u00e9ciable surtout quand il commence \u00e0 faire chaud ! On a opt\u00e9 pour leurs fameux bagels &#8230; m\u00eame si les p\u00e2tes aux truffes me faisaient de l&rsquo;oeil ! So delicious !<\/p>\n<p><a title=\"Bagel au saumon de missginy, sur Flickr\" href=\"http:\/\/www.flickr.com\/photos\/missginy\/7090152115\/\" rel=\"nofollow\"><img loading=\"lazy\" decoding=\"async\" class=\"aligncenter\" src=\"http:\/\/farm8.staticflickr.com\/7269\/7090152115_a45103b59e.jpg\" alt=\"Bagel au saumon\" width=\"500\" height=\"500\" \/><\/a><\/p>\n<p>Et si on prenait un petit dessert ? &#8230; alors l\u00e0 c&rsquo;est juste une tuerie !! Ne loupez pas le Cara\u00efbes ou encore le Paris-Nice &#8230;<\/p>\n<p><img loading=\"lazy\" decoding=\"async\" class=\"alignnone size-medium wp-image-11576\" title=\"IMG_0494\" src=\"https:\/\/www.au-pays-des-merveilles.com\/blog\/wp-content\/uploads\/2012\/04\/IMG_0494-300x225.jpg\" alt=\"\" width=\"300\" height=\"225\" srcset=\"https:\/\/www.au-pays-des-merveilles.com\/blog\/wp-content\/uploads\/2012\/04\/IMG_0494-300x225.jpg 300w, https:\/\/www.au-pays-des-merveilles.com\/blog\/wp-content\/uploads\/2012\/04\/IMG_0494-1024x768.jpg 1024w\" sizes=\"auto, (max-width: 300px) 100vw, 300px\" \/>\u00a0 <img loading=\"lazy\" decoding=\"async\" class=\"alignnone wp-image-11577\" title=\"IMG_0495\" src=\"https:\/\/www.au-pays-des-merveilles.com\/blog\/wp-content\/uploads\/2012\/04\/IMG_0495-768x1024.jpg\" alt=\"\" width=\"227\" height=\"304\" srcset=\"https:\/\/www.au-pays-des-merveilles.com\/blog\/wp-content\/uploads\/2012\/04\/IMG_0495-768x1024.jpg 768w, https:\/\/www.au-pays-des-merveilles.com\/blog\/wp-content\/uploads\/2012\/04\/IMG_0495-225x300.jpg 225w\" sizes=\"auto, (max-width: 227px) 100vw, 227px\" \/><\/p>\n<p>Personnel tr\u00e8s accueillant, endroit tr\u00e8s joli, facture mini (entre 10 et 20 \u20ac)&#8230; allez y !!<\/p>\n<p><span style=\"text-decoration: underline;\"><em><strong>+ infos<\/strong><\/em><\/span> : 5, rue Bonaparte\u00a0 06000 Nice &#8211; 04 93 56 33 04<\/p>\n<p><img loading=\"lazy\" decoding=\"async\" class=\"aligncenter size-large wp-image-11578\" title=\"IMG_0505\" src=\"https:\/\/www.au-pays-des-merveilles.com\/blog\/wp-content\/uploads\/2012\/04\/IMG_0505-1024x1024.jpg\" alt=\"\" width=\"621\" height=\"621\" srcset=\"https:\/\/www.au-pays-des-merveilles.com\/blog\/wp-content\/uploads\/2012\/04\/IMG_0505-1024x1024.jpg 1024w, https:\/\/www.au-pays-des-merveilles.com\/blog\/wp-content\/uploads\/2012\/04\/IMG_0505-150x150.jpg 150w, https:\/\/www.au-pays-des-merveilles.com\/blog\/wp-content\/uploads\/2012\/04\/IMG_0505-300x300.jpg 300w, https:\/\/www.au-pays-des-merveilles.com\/blog\/wp-content\/uploads\/2012\/04\/IMG_0505.jpg 2048w\" sizes=\"auto, (max-width: 621px) 100vw, 621px\" \/><\/p>\n<p><img loading=\"lazy\" decoding=\"async\" class=\"alignnone size-full wp-image-11588\" title=\"StrapSPDV\" src=\"https:\/\/www.au-pays-des-merveilles.com\/blog\/wp-content\/uploads\/2012\/04\/StrapSPDV.jpg\" alt=\"\" width=\"381\" height=\"91\" srcset=\"https:\/\/www.au-pays-des-merveilles.com\/blog\/wp-content\/uploads\/2012\/04\/StrapSPDV.jpg 672w, https:\/\/www.au-pays-des-merveilles.com\/blog\/wp-content\/uploads\/2012\/04\/StrapSPDV-300x71.jpg 300w\" sizes=\"auto, (max-width: 381px) 100vw, 381px\" \/><\/p>\n<p>Le meilleur pour la fin &#8230;<\/p>\n<h1><span style=\"color: #ff9900;\"><em><span style=\"text-decoration: underline;\">Villa Nicolas Juste<\/span><\/em><\/span><\/h1>\n<h1><img loading=\"lazy\" decoding=\"async\" class=\"alignnone wp-image-11592\" title=\"IMG_0519\" src=\"https:\/\/www.au-pays-des-merveilles.com\/blog\/wp-content\/uploads\/2012\/04\/IMG_0519-768x1024.jpg\" alt=\"\" width=\"300\" height=\"401\" srcset=\"https:\/\/www.au-pays-des-merveilles.com\/blog\/wp-content\/uploads\/2012\/04\/IMG_0519-768x1024.jpg 768w, https:\/\/www.au-pays-des-merveilles.com\/blog\/wp-content\/uploads\/2012\/04\/IMG_0519-225x300.jpg 225w\" sizes=\"auto, (max-width: 300px) 100vw, 300px\" \/> <img loading=\"lazy\" decoding=\"async\" class=\"alignnone size-medium wp-image-11580\" title=\"IMG_0512\" src=\"https:\/\/www.au-pays-des-merveilles.com\/blog\/wp-content\/uploads\/2012\/04\/IMG_0512-300x225.jpg\" alt=\"\" width=\"300\" height=\"225\" srcset=\"https:\/\/www.au-pays-des-merveilles.com\/blog\/wp-content\/uploads\/2012\/04\/IMG_0512-300x225.jpg 300w, https:\/\/www.au-pays-des-merveilles.com\/blog\/wp-content\/uploads\/2012\/04\/IMG_0512-1024x768.jpg 1024w\" sizes=\"auto, (max-width: 300px) 100vw, 300px\" \/><\/h1>\n<p>Je ne sais plus si je vous ai d\u00e9j\u00e0 parl\u00e9 de cette adresse. Mais s&rsquo;il y a bien UNE adresse o\u00f9 aller pour manger des mets raffin\u00e9s \u00e0 Saint Paul de Vence, c&rsquo;est vraiment \u00e0 la Villa Nicolas Juste. Ca fait des ann\u00e9es que nous y allons et le chef nous surprend \u00e0 chaque venue.<\/p>\n<p>Nous avons opt\u00e9 pour le menu d\u00e9gustation \u00e0 38\u20ac avec cappuccino de homard, ses gambas et tomates confites \u00e0 la ricotta en entr\u00e9e :<\/p>\n<p><img loading=\"lazy\" decoding=\"async\" class=\"aligncenter wp-image-11582\" title=\"IMG_0514\" src=\"https:\/\/www.au-pays-des-merveilles.com\/blog\/wp-content\/uploads\/2012\/04\/IMG_0514-1024x1024.jpg\" alt=\"\" width=\"620\" height=\"620\" srcset=\"https:\/\/www.au-pays-des-merveilles.com\/blog\/wp-content\/uploads\/2012\/04\/IMG_0514-1024x1024.jpg 1024w, https:\/\/www.au-pays-des-merveilles.com\/blog\/wp-content\/uploads\/2012\/04\/IMG_0514-150x150.jpg 150w, https:\/\/www.au-pays-des-merveilles.com\/blog\/wp-content\/uploads\/2012\/04\/IMG_0514-300x300.jpg 300w, https:\/\/www.au-pays-des-merveilles.com\/blog\/wp-content\/uploads\/2012\/04\/IMG_0514.jpg 2048w\" sizes=\"auto, (max-width: 620px) 100vw, 620px\" \/><\/p>\n<p>Les canons de supr\u00eame de pintade farci, pur\u00e9e, l\u00e9gume et jus de viande :<\/p>\n<p><img loading=\"lazy\" decoding=\"async\" class=\"aligncenter wp-image-11583\" title=\"IMG_0515\" src=\"https:\/\/www.au-pays-des-merveilles.com\/blog\/wp-content\/uploads\/2012\/04\/IMG_0515-1024x1024.jpg\" alt=\"\" width=\"620\" height=\"620\" srcset=\"https:\/\/www.au-pays-des-merveilles.com\/blog\/wp-content\/uploads\/2012\/04\/IMG_0515-1024x1024.jpg 1024w, https:\/\/www.au-pays-des-merveilles.com\/blog\/wp-content\/uploads\/2012\/04\/IMG_0515-150x150.jpg 150w, https:\/\/www.au-pays-des-merveilles.com\/blog\/wp-content\/uploads\/2012\/04\/IMG_0515-300x300.jpg 300w, https:\/\/www.au-pays-des-merveilles.com\/blog\/wp-content\/uploads\/2012\/04\/IMG_0515.jpg 2048w\" sizes=\"auto, (max-width: 620px) 100vw, 620px\" \/><\/p>\n<p>Le dessert (de fou !) , le riz imp\u00e9rial aux fraises with barbapapa !<\/p>\n<p><img loading=\"lazy\" decoding=\"async\" class=\"aligncenter wp-image-11595\" title=\"IMG_0520\" src=\"https:\/\/www.au-pays-des-merveilles.com\/blog\/wp-content\/uploads\/2012\/04\/IMG_0520-1024x1024.jpg\" alt=\"\" width=\"620\" height=\"620\" srcset=\"https:\/\/www.au-pays-des-merveilles.com\/blog\/wp-content\/uploads\/2012\/04\/IMG_0520-1024x1024.jpg 1024w, https:\/\/www.au-pays-des-merveilles.com\/blog\/wp-content\/uploads\/2012\/04\/IMG_0520-150x150.jpg 150w, https:\/\/www.au-pays-des-merveilles.com\/blog\/wp-content\/uploads\/2012\/04\/IMG_0520-300x300.jpg 300w, https:\/\/www.au-pays-des-merveilles.com\/blog\/wp-content\/uploads\/2012\/04\/IMG_0520.jpg 2048w\" sizes=\"auto, (max-width: 620px) 100vw, 620px\" \/><\/p>\n<p>Et pour finir, petit caf\u00e9 with gourmandises !<\/p>\n<p><img loading=\"lazy\" decoding=\"async\" class=\"alignnone size-medium wp-image-11596\" title=\"IMG_0521\" src=\"https:\/\/www.au-pays-des-merveilles.com\/blog\/wp-content\/uploads\/2012\/04\/IMG_0521-300x300.jpg\" alt=\"\" width=\"300\" height=\"300\" srcset=\"https:\/\/www.au-pays-des-merveilles.com\/blog\/wp-content\/uploads\/2012\/04\/IMG_0521-300x300.jpg 300w, https:\/\/www.au-pays-des-merveilles.com\/blog\/wp-content\/uploads\/2012\/04\/IMG_0521-150x150.jpg 150w, https:\/\/www.au-pays-des-merveilles.com\/blog\/wp-content\/uploads\/2012\/04\/IMG_0521-1024x1024.jpg 1024w, https:\/\/www.au-pays-des-merveilles.com\/blog\/wp-content\/uploads\/2012\/04\/IMG_0521.jpg 2048w\" sizes=\"auto, (max-width: 300px) 100vw, 300px\" \/>\u00a0 <img loading=\"lazy\" decoding=\"async\" class=\"alignnone size-medium wp-image-11597\" title=\"IMG_0522\" src=\"https:\/\/www.au-pays-des-merveilles.com\/blog\/wp-content\/uploads\/2012\/04\/IMG_0522-225x300.jpg\" alt=\"\" width=\"225\" height=\"300\" srcset=\"https:\/\/www.au-pays-des-merveilles.com\/blog\/wp-content\/uploads\/2012\/04\/IMG_0522-225x300.jpg 225w, https:\/\/www.au-pays-des-merveilles.com\/blog\/wp-content\/uploads\/2012\/04\/IMG_0522-768x1024.jpg 768w\" sizes=\"auto, (max-width: 225px) 100vw, 225px\" \/><\/p>\n<p>Inutile de vous dire qu&rsquo;il convient de garder cette adresse tr\u00e8s pr\u00e9cieusement !<\/p>\n<p><span style=\"text-decoration: underline;\"><em><strong>+ infos<\/strong><\/em><\/span> : 493 Route de Saint-Paul\u00a0\u00a006480 Colle sur Loup (La) &#8211; 04 93 32 50 25 &#8211; Site web<\/p>\n<p>&nbsp;<\/p>\n<p>Voil\u00e0 pour cette \u00ab\u00a0petite\u00a0\u00bb escapade gourmande dans ma contr\u00e9e ! J&rsquo;en referais (tr\u00e8s certainement !) d&rsquo;autres ! Et si vous voulez que je joue au cobaye, aucun probl\u00e8me, je suis l\u00e0 !<\/p>\n<p>Bon app\u00e9tit biens\u00fbr !<\/p>\n<p>&nbsp;<\/p>\n","protected":false},"excerpt":{"rendered":"<p>J&rsquo;inaugure une nouvelle rubrique aujourd&rsquo;hui : \u00ab\u00a0mes balades gourmandes\u00a0\u00bb. Moi &amp; la gourmandise \u00e7a fait deux, donc autant vous donner les bonnes adresses lors de mes trips en France et around the world pour que vous puissiez profiter vous aussi des bons plans ! Lors de mes petites vacances dans ma r\u00e9gion (PACA) il y<\/p>\n","protected":false},"author":1,"featured_media":0,"comment_status":"open","ping_status":"open","sticky":false,"template":"","format":"standard","meta":{"footnotes":""},"categories":[1704],"tags":[],"class_list":["post-11520","post","type-post","status-publish","format-standard","hentry","category-restaurant-pub-bonnesadresses-visites"],"_links":{"self":[{"href":"https:\/\/www.au-pays-des-merveilles.com\/blog\/wp-json\/wp\/v2\/posts\/11520","targetHints":{"allow":["GET"]}}],"collection":[{"href":"https:\/\/www.au-pays-des-merveilles.com\/blog\/wp-json\/wp\/v2\/posts"}],"about":[{"href":"https:\/\/www.au-pays-des-merveilles.com\/blog\/wp-json\/wp\/v2\/types\/post"}],"author":[{"embeddable":true,"href":"https:\/\/www.au-pays-des-merveilles.com\/blog\/wp-json\/wp\/v2\/users\/1"}],"replies":[{"embeddable":true,"href":"https:\/\/www.au-pays-des-merveilles.com\/blog\/wp-json\/wp\/v2\/comments?post=11520"}],"version-history":[{"count":0,"href":"https:\/\/www.au-pays-des-merveilles.com\/blog\/wp-json\/wp\/v2\/posts\/11520\/revisions"}],"wp:attachment":[{"href":"https:\/\/www.au-pays-des-merveilles.com\/blog\/wp-json\/wp\/v2\/media?parent=11520"}],"wp:term":[{"taxonomy":"category","embeddable":true,"href":"https:\/\/www.au-pays-des-merveilles.com\/blog\/wp-json\/wp\/v2\/categories?post=11520"},{"taxonomy":"post_tag","embeddable":true,"href":"https:\/\/www.au-pays-des-merveilles.com\/blog\/wp-json\/wp\/v2\/tags?post=11520"}],"curies":[{"name":"wp","href":"https:\/\/api.w.org\/{rel}","templated":true}]}}