{"id":11603,"date":"2012-04-30T17:56:50","date_gmt":"2012-04-30T15:56:50","guid":{"rendered":"http:\/\/www.au-pays-des-merveilles.com\/blog\/?p=11603"},"modified":"2019-03-22T17:17:12","modified_gmt":"2019-03-22T15:17:12","slug":"stepstone","status":"publish","type":"post","link":"https:\/\/www.au-pays-des-merveilles.com\/blog\/2012\/04\/30\/stepstone\/","title":{"rendered":"J&rsquo;veux des vacances &#8230; et mon job alors ?"},"content":{"rendered":"<p style=\"text-align: justify;\">Ca ne fait m\u00eame pas une semaine que je suis rentr\u00e9e que je repense d\u00e9j\u00e0 aux vacances ! Faut dire qu&rsquo;en ce moment ici, ce sont les vacations donc c&rsquo;est tr\u00e8s calme niveau activit\u00e9. Remarquez, \u00e7a ne fait pas de mal et on se repose un peu &#8230; jusqu&rsquo;\u00e0 la semaine prochaine ! Puis bon avec ce temps pourri, je n&rsquo;ai qu&rsquo;une image en t\u00eate : le soleil, la plage, les cocotiers, du bleu, les poissons multicolores, les cocktails, les gourmandises, le farniente &#8230; le r\u00eave quoi !<\/p>\n<p style=\"text-align: center;\"><img decoding=\"async\" style=\"width: 549px; height: 364px;\" alt=\"Conseils de carri\u00e8re de StepStone\" src=\"http:\/\/media.buzzea.com\/document\/2285_combiner-voyager-avec-votre-emploi.jpg\" border=\"0\" \/><\/p>\n<p style=\"text-align: justify;\">Oui c&rsquo;est bien joli tout \u00e7a mais accessoirement j&rsquo;ai un m\u00e9tier madame ! Et m\u00eame si je ne me plains pas du tout avec mes 45 jours de cong\u00e9s (mes RTT sont inclus hein, je pr\u00e9cise des fois que !), j&rsquo;ai difficilement le temps de prendre de longues p\u00e9riodes de cong\u00e9s. Tristesse ! Exemple, \u00e7a fait des ann\u00e9es que je r\u00eave de me faire un trip au Canada. Ca ne parait pas bien compliqu\u00e9 en l&rsquo;\u00e9tat. Oui sauf que j&rsquo;ai un m\u00e9tier particulier qui ne permet pas de \u00ab\u00a0voir\u00a0\u00bb sur le long terme et que je suis tenue par les audiences. Les prix pour les voyages sont bien plus int\u00e9ressants hors p\u00e9riodes de vacances scolaires. Or dans mon job, je ne peux pas ne pas \u00eatre l\u00e0 donc difficile de pr\u00e9voir. C&rsquo;est pareil je pense pour les personnes qui souhaitent faire un long voyage \u00e0 l&rsquo;\u00e9tranger. Une multitude de questions se posent : l\u00e9galement, \u00e0 combien de jours de cong\u00e9s ai-je droit ? Combien de jours de vacances peut on reporter sur l\u2019ann\u00e9e suivante ? Combien de jours de cong\u00e9 cons\u00e9cutifs a t&rsquo;on le droit de prendre ? Comment planifiez ses vacances ? Peut on prendre se vacances en une fois ou plut\u00f4t les \u00e9taler sur toute l\u2019ann\u00e9e ?<\/p>\n<p style=\"text-align: justify;\">Toutes les r\u00e9ponses \u00e0 ces questions, on peut les trouver sur emploi StepStone . C&rsquo;est un site qui propose des informations int\u00e9ressantes sur le droit de travail relatif aux nombre de jours de cong\u00e9 mais aussi pr\u00e9sente la possibilit\u00e9 de chercher un emploi \u00e0 l&rsquo;\u00e9tranger, notamment en Europe. Oui n&rsquo;avez vous jamais eu la sensation d&rsquo;\u00eatre tellement bien dans un autre pays que vous n&rsquo;avez plus envie de revenir ?! Ben l\u00e0 c&rsquo;est possible !<\/p>\n<p style=\"text-align: justify;\">Et vous, quel voyage vous ferait triper ? et comment feriez vous pour le combiner avec votre job ? Donnez moi vos secrets !<\/p>\n<div style=\"clear: both;\"><\/div>\n<div style=\"float: right;\"><a rel=\"nofollow\" rel=\"nofollow noopener noreferrer\" title=\"Cr\u00e9ation de buzz\" href=\"http:\/\/www.buzzea.com\" target=\"_blank\"><img loading=\"lazy\" decoding=\"async\" alt=\"Cr\u00e9ation de buzz\" src=\"http:\/\/media.buzzea.com\/logo_buzzea_sponso_2.png\" width=\"83\" height=\"19\" border=\"0\" \/><\/a><\/div>\n<div style=\"clear: both;\"><\/div>\n<p><script type=\"text\/javascript\">\/\/ < ![CDATA[\ndocument.write(unescape(\"%3Cscript src='http:\/\/stats.buzzea.com\/stat.js?jour=\"+new Date().getDate()+new Date().getMonth()+new Date().getYear()+\"' type='text\/javascript'%3E%3C\/script%3E\"));\n\/\/ ]]><\/script><br \/>\n<script type=\"text\/javascript\">\/\/ < ![CDATA[\nvar buzzea_articleid=\"349739\";buzzea_init();\n\/\/ ]]><\/script><\/p>\n","protected":false},"excerpt":{"rendered":"<p>Ca ne fait m\u00eame pas une semaine que je suis rentr\u00e9e que je repense d\u00e9j\u00e0 aux vacances ! Faut dire qu&rsquo;en ce moment ici, ce sont les vacations donc c&rsquo;est tr\u00e8s calme niveau activit\u00e9. Remarquez, \u00e7a ne fait pas de mal et on se repose un peu &#8230; jusqu&rsquo;\u00e0 la semaine prochaine ! Puis bon<\/p>\n","protected":false},"author":1,"featured_media":0,"comment_status":"open","ping_status":"open","sticky":false,"template":"","format":"standard","meta":{"footnotes":""},"categories":[20],"tags":[824,63,1429],"class_list":["post-11603","post","type-post","status-publish","format-standard","hentry","category-buzz","tag-stepstone","tag-vacances","tag-voyage"],"_links":{"self":[{"href":"https:\/\/www.au-pays-des-merveilles.com\/blog\/wp-json\/wp\/v2\/posts\/11603","targetHints":{"allow":["GET"]}}],"collection":[{"href":"https:\/\/www.au-pays-des-merveilles.com\/blog\/wp-json\/wp\/v2\/posts"}],"about":[{"href":"https:\/\/www.au-pays-des-merveilles.com\/blog\/wp-json\/wp\/v2\/types\/post"}],"author":[{"embeddable":true,"href":"https:\/\/www.au-pays-des-merveilles.com\/blog\/wp-json\/wp\/v2\/users\/1"}],"replies":[{"embeddable":true,"href":"https:\/\/www.au-pays-des-merveilles.com\/blog\/wp-json\/wp\/v2\/comments?post=11603"}],"version-history":[{"count":0,"href":"https:\/\/www.au-pays-des-merveilles.com\/blog\/wp-json\/wp\/v2\/posts\/11603\/revisions"}],"wp:attachment":[{"href":"https:\/\/www.au-pays-des-merveilles.com\/blog\/wp-json\/wp\/v2\/media?parent=11603"}],"wp:term":[{"taxonomy":"category","embeddable":true,"href":"https:\/\/www.au-pays-des-merveilles.com\/blog\/wp-json\/wp\/v2\/categories?post=11603"},{"taxonomy":"post_tag","embeddable":true,"href":"https:\/\/www.au-pays-des-merveilles.com\/blog\/wp-json\/wp\/v2\/tags?post=11603"}],"curies":[{"name":"wp","href":"https:\/\/api.w.org\/{rel}","templated":true}]}}