{"id":11617,"date":"2012-05-09T22:50:27","date_gmt":"2012-05-09T20:50:27","guid":{"rendered":"http:\/\/www.au-pays-des-merveilles.com\/blog\/?p=11617"},"modified":"2019-04-28T12:14:58","modified_gmt":"2019-04-28T10:14:58","slug":"cafe-viennois-gros-gateaux-autrichien","status":"publish","type":"post","link":"https:\/\/www.au-pays-des-merveilles.com\/blog\/2012\/05\/09\/cafe-viennois-gros-gateaux-autrichien\/","title":{"rendered":"Caf\u00e9s viennois &#038; gros g\u00e2teaux &#8230;"},"content":{"rendered":"<p><img loading=\"lazy\" decoding=\"async\" class=\"aligncenter wp-image-11618\" title=\"IMG_2954 copie\" src=\"https:\/\/www.au-pays-des-merveilles.com\/blog\/wp-content\/uploads\/2012\/05\/IMG_2954-copie-682x1024.jpg\" alt=\"\" width=\"450\" height=\"676\" srcset=\"https:\/\/www.au-pays-des-merveilles.com\/blog\/wp-content\/uploads\/2012\/05\/IMG_2954-copie-682x1024.jpg 682w, https:\/\/www.au-pays-des-merveilles.com\/blog\/wp-content\/uploads\/2012\/05\/IMG_2954-copie-200x300.jpg 200w\" sizes=\"auto, (max-width: 450px) 100vw, 450px\" \/><\/p>\n<p style=\"text-align: justify;\">S&rsquo;il y a bien un pays \u00e9tranger o\u00f9 je pourrais vivre, c&rsquo;est bien l&rsquo;<a rel=\"nofollow noopener noreferrer\" rel=\"nofollow noopener noreferrer\" href=\"http:\/\/www.austria.info\/fr\" target=\"_blank\" rel=\"nofollow noopener\">Autriche<\/a>. J&rsquo;ai fait les principales villes (Salzburg, Innsbruck et Vienne) et je n&rsquo;ai qu&rsquo;une envie c&rsquo;est d&rsquo;y retourner ! J&rsquo;imagine que vous me croyez si je vous dis qu&rsquo;on a tr\u00e8s bien mang\u00e9 durant ces 4 jours \u00e0 Vienne !<em> Comment font les autrichiennes pour garder la ligne avec toutes ces gourmandises ?!<\/em><\/p>\n<p style=\"text-align: justify;\"><img loading=\"lazy\" decoding=\"async\" class=\"aligncenter wp-image-11619\" title=\"IMG_2642 copie\" src=\"https:\/\/www.au-pays-des-merveilles.com\/blog\/wp-content\/uploads\/2012\/05\/IMG_2642-copie-1024x682.jpg\" alt=\"\" width=\"618\" height=\"412\" srcset=\"https:\/\/www.au-pays-des-merveilles.com\/blog\/wp-content\/uploads\/2012\/05\/IMG_2642-copie-1024x682.jpg 1024w, https:\/\/www.au-pays-des-merveilles.com\/blog\/wp-content\/uploads\/2012\/05\/IMG_2642-copie-300x199.jpg 300w\" sizes=\"auto, (max-width: 618px) 100vw, 618px\" \/><\/p>\n<p style=\"text-align: justify;\">Bon je vous rassure, nous n&rsquo;avons pas fait que manger &#8230; <del>on\u00a0 a bu aussi\u00a0 !!<\/del> &#8230; on a vu de tr\u00e8s tr\u00e8s jolies choses. Cette ville est magnifique. Nous n&rsquo;avons pas eu le temps de faire tout ce qu&rsquo;on voulait, il va falloir y retourner ! h\u00e9 h\u00e9 ! Toujours est il que je vais essayer de vous donner les bonnes adresses, les jolis coins \u00e0 ne pas louper et un petit programme si jamais vous partez faire un trip viennois. Mais tout \u00e7a ce sera fin mai le temps que je trie mes milliers de photos, que je vous fasse le compte-rendu et surtout que je passe mon oral (<em>ah oui tiens, j&rsquo;avais zapp\u00e9 ce d\u00e9tail !<\/em> ). Qu&rsquo;est ce que je ne donnerais pas pour me reconvertir en journaliste voyage ! <img src=\"https:\/\/www.au-pays-des-merveilles.com\/blog\/wp-includes\/images\/smilies\/3.gif\" alt=\";)\" class=\"wp-smiley\" style=\"height: 1em; max-height: 1em;\" \/>\u00a0 Danke !<\/p>\n<p style=\"text-align: justify;\"><img loading=\"lazy\" decoding=\"async\" class=\"aligncenter wp-image-11620\" title=\"IMG_2868 copie\" src=\"https:\/\/www.au-pays-des-merveilles.com\/blog\/wp-content\/uploads\/2012\/05\/IMG_2868-copie-1024x682.jpg\" alt=\"\" width=\"618\" height=\"411\" srcset=\"https:\/\/www.au-pays-des-merveilles.com\/blog\/wp-content\/uploads\/2012\/05\/IMG_2868-copie-1024x682.jpg 1024w, https:\/\/www.au-pays-des-merveilles.com\/blog\/wp-content\/uploads\/2012\/05\/IMG_2868-copie-300x200.jpg 300w\" sizes=\"auto, (max-width: 618px) 100vw, 618px\" \/><\/p>\n<p style=\"text-align: right;\"><em>Cr\u00e9dits photos : Au Pays Des Merveilles<\/em><\/p>\n<p style=\"text-align: justify;\">\n","protected":false},"excerpt":{"rendered":"<p>S&rsquo;il y a bien un pays \u00e9tranger o\u00f9 je pourrais vivre, c&rsquo;est bien l&rsquo;Autriche. J&rsquo;ai fait les principales villes (Salzburg, Innsbruck et Vienne) et je n&rsquo;ai qu&rsquo;une envie c&rsquo;est d&rsquo;y retourner ! J&rsquo;imagine que vous me croyez si je vous dis qu&rsquo;on a tr\u00e8s bien mang\u00e9 durant ces 4 jours \u00e0 Vienne ! Comment font<\/p>\n","protected":false},"author":1,"featured_media":0,"comment_status":"open","ping_status":"open","sticky":false,"template":"","format":"standard","meta":{"footnotes":""},"categories":[1704],"tags":[374,302,41,330,331,40,825,1429,56],"class_list":["post-11617","post","type-post","status-publish","format-standard","hentry","category-restaurant-pub-bonnesadresses-visites","tag-autriche","tag-cafe","tag-chocolat","tag-dessert","tag-gourmandise","tag-gouter","tag-vienne","tag-voyage","tag-week-end"],"_links":{"self":[{"href":"https:\/\/www.au-pays-des-merveilles.com\/blog\/wp-json\/wp\/v2\/posts\/11617","targetHints":{"allow":["GET"]}}],"collection":[{"href":"https:\/\/www.au-pays-des-merveilles.com\/blog\/wp-json\/wp\/v2\/posts"}],"about":[{"href":"https:\/\/www.au-pays-des-merveilles.com\/blog\/wp-json\/wp\/v2\/types\/post"}],"author":[{"embeddable":true,"href":"https:\/\/www.au-pays-des-merveilles.com\/blog\/wp-json\/wp\/v2\/users\/1"}],"replies":[{"embeddable":true,"href":"https:\/\/www.au-pays-des-merveilles.com\/blog\/wp-json\/wp\/v2\/comments?post=11617"}],"version-history":[{"count":0,"href":"https:\/\/www.au-pays-des-merveilles.com\/blog\/wp-json\/wp\/v2\/posts\/11617\/revisions"}],"wp:attachment":[{"href":"https:\/\/www.au-pays-des-merveilles.com\/blog\/wp-json\/wp\/v2\/media?parent=11617"}],"wp:term":[{"taxonomy":"category","embeddable":true,"href":"https:\/\/www.au-pays-des-merveilles.com\/blog\/wp-json\/wp\/v2\/categories?post=11617"},{"taxonomy":"post_tag","embeddable":true,"href":"https:\/\/www.au-pays-des-merveilles.com\/blog\/wp-json\/wp\/v2\/tags?post=11617"}],"curies":[{"name":"wp","href":"https:\/\/api.w.org\/{rel}","templated":true}]}}