{"id":11785,"date":"2012-08-03T17:17:59","date_gmt":"2012-08-03T15:17:59","guid":{"rendered":"http:\/\/www.au-pays-des-merveilles.com\/blog\/?p=11785"},"modified":"2019-03-22T17:17:11","modified_gmt":"2019-03-22T15:17:11","slug":"sncf","status":"publish","type":"post","link":"https:\/\/www.au-pays-des-merveilles.com\/blog\/2012\/08\/03\/sncf\/","title":{"rendered":"Bon plan vacances : + t&rsquo;as de potes, &#8211; tu payes !"},"content":{"rendered":"<p style=\"text-align: justify;\">Si t&rsquo;as pas d&rsquo;amis, c&rsquo;est le moment d&rsquo;en louer ! <img src=\"https:\/\/www.au-pays-des-merveilles.com\/blog\/wp-includes\/images\/smilies\/3.gif\" alt=\";)\" class=\"wp-smiley\" style=\"height: 1em; max-height: 1em;\" \/><\/p>\n<p style=\"text-align: justify;\">Pourquoi donc ? Pour \u00e7a : <img loading=\"lazy\" decoding=\"async\" class=\"aligncenter size-large wp-image-11788\" title=\"Picture1\" src=\"https:\/\/www.au-pays-des-merveilles.com\/blog\/wp-content\/uploads\/2013\/07\/Picture1-780x1024.jpg\" alt=\"\" width=\"450\" height=\"591\" srcset=\"https:\/\/www.au-pays-des-merveilles.com\/blog\/wp-content\/uploads\/2013\/07\/Picture1-780x1024.jpg 780w, https:\/\/www.au-pays-des-merveilles.com\/blog\/wp-content\/uploads\/2013\/07\/Picture1-228x300.jpg 228w, https:\/\/www.au-pays-des-merveilles.com\/blog\/wp-content\/uploads\/2013\/07\/Picture1.jpg 784w\" sizes=\"auto, (max-width: 450px) 100vw, 450px\" \/><\/p>\n<p style=\"text-align: justify;\">Cet \u00e9t\u00e9, SNCF nous offre la possibilit\u00e9 de voyager \u00e0 prix tous doux ! Le principe est simple : plus on est nombreux, moins on paye ! Paris, Lyon, Marseille, Strasbourg &#8230; en famille ou entre amis, c&rsquo;est le moment de prendre des vacances !<\/p>\n<p style=\"text-align: justify;\">Le tarif des billets de train est d\u00e9gressif en fonction du nombre de personnes donc plus t&rsquo;as de potes, moins tu payes ! Look :<\/p>\n<p style=\"text-align: center;\" align=\"center\">Partez \u00e0 5, \u00e0 partir de 25\u20ac\/personne<\/p>\n<p style=\"text-align: center;\" align=\"center\">Partez \u00e0 4, \u00e0 partir de 30<sup>\u20ac<\/sup>\/personne<\/p>\n<p style=\"text-align: center;\" align=\"center\">Partez \u00e0 3, \u00e0 partir de 35\u20ac\/personne<\/p>\n<p style=\"text-align: center;\" align=\"center\">Partez \u00e0 2, \u00e0 partir de 40 \u20ac\/personne<\/p>\n<p style=\"text-align: justify;\">Moi qui d\u00e9m\u00e9nage dans le Sud ce mois-ci, \u00e7a tombe pile poil vu que j&rsquo;aimerai bien emmener les coupains ! D&rsquo;ailleurs, on va se retrouver une tap\u00e9e sur Nice &#8230; normal c&rsquo;est l\u00e0 o\u00f9 il fait le plus beau !<\/p>\n<p style=\"text-align: justify;\"><img loading=\"lazy\" decoding=\"async\" class=\"aligncenter wp-image-11791\" title=\"SNCF logo\" src=\"https:\/\/www.au-pays-des-merveilles.com\/blog\/wp-content\/uploads\/2013\/07\/SNCF-logo1-300x156.gif\" alt=\"\" width=\"172\" height=\"89\" srcset=\"https:\/\/www.au-pays-des-merveilles.com\/blog\/wp-content\/uploads\/2013\/07\/SNCF-logo1-300x156.gif 300w, https:\/\/www.au-pays-des-merveilles.com\/blog\/wp-content\/uploads\/2013\/07\/SNCF-logo1.gif 908w\" sizes=\"auto, (max-width: 172px) 100vw, 172px\" \/><\/p>\n<p style=\"text-align: justify;\">A savoir : les billets sont en vente du 31 juillet au 21 ao\u00fbt 2012 pour des voyages effectu\u00e9s du 3 ao\u00fbt au 3 septembre 2012. Il faut acheter ses billets au minimum 3 jours avant le d\u00e9part, sont non \u00e9changeables et non remboursables. Ils sont en vente en gares, en boutiques SNCF, par t\u00e9l\u00e9phone au 3635 \u00a0(0,34 \u20ac TTC, hors surco\u00fbt \u00e9ventuel), aupr\u00e8s des agences de voyages agr\u00e9\u00e9es SNCF et sur <a href=\"http:\/\/www.voyages-sncf.com\/\" rel=\"nofollow\">www.voyages-sncf.com<\/a>.\u00a0 Il faut voyager ensemble \u00e0 2, 3, 4 ou 5, 2 personnes minimum et 5 personnes maximum<\/p>\n<p style=\"text-align: justify;\">L\u2019offre est valable sur des trajets sans correspondance, en\u00a0<span style=\"font-family: Verdana; font-size: small;\">2de<\/span> classe certains jours et sur certains trains, sur une s\u00e9lection de destinations en France, dans la limite des places disponibles \u00e0 ce tarif.<\/p>\n<p style=\"text-align: justify;\">Bon allez, plus que 10 petits jours et je pourrais enfin profiter du soleil ! On r\u00e9serve ?!<\/p>\n<p style=\"text-align: justify;\"><strong><span style=\"text-decoration: underline;\"><br \/>\n<\/span><\/strong><\/p>\n<p>&nbsp;<\/p>\n","protected":false},"excerpt":{"rendered":"<p>Si t&rsquo;as pas d&rsquo;amis, c&rsquo;est le moment d&rsquo;en louer ! Pourquoi donc ? Pour \u00e7a : Cet \u00e9t\u00e9, SNCF nous offre la possibilit\u00e9 de voyager \u00e0 prix tous doux ! Le principe est simple : plus on est nombreux, moins on paye ! Paris, Lyon, Marseille, Strasbourg &#8230; en famille ou entre amis, c&rsquo;est le<\/p>\n","protected":false},"author":1,"featured_media":0,"comment_status":"open","ping_status":"open","sticky":false,"template":"","format":"standard","meta":{"footnotes":""},"categories":[20],"tags":[43,731,63,1429],"class_list":["post-11785","post","type-post","status-publish","format-standard","hentry","category-buzz","tag-buzzparadise","tag-sncf","tag-vacances","tag-voyage"],"_links":{"self":[{"href":"https:\/\/www.au-pays-des-merveilles.com\/blog\/wp-json\/wp\/v2\/posts\/11785","targetHints":{"allow":["GET"]}}],"collection":[{"href":"https:\/\/www.au-pays-des-merveilles.com\/blog\/wp-json\/wp\/v2\/posts"}],"about":[{"href":"https:\/\/www.au-pays-des-merveilles.com\/blog\/wp-json\/wp\/v2\/types\/post"}],"author":[{"embeddable":true,"href":"https:\/\/www.au-pays-des-merveilles.com\/blog\/wp-json\/wp\/v2\/users\/1"}],"replies":[{"embeddable":true,"href":"https:\/\/www.au-pays-des-merveilles.com\/blog\/wp-json\/wp\/v2\/comments?post=11785"}],"version-history":[{"count":0,"href":"https:\/\/www.au-pays-des-merveilles.com\/blog\/wp-json\/wp\/v2\/posts\/11785\/revisions"}],"wp:attachment":[{"href":"https:\/\/www.au-pays-des-merveilles.com\/blog\/wp-json\/wp\/v2\/media?parent=11785"}],"wp:term":[{"taxonomy":"category","embeddable":true,"href":"https:\/\/www.au-pays-des-merveilles.com\/blog\/wp-json\/wp\/v2\/categories?post=11785"},{"taxonomy":"post_tag","embeddable":true,"href":"https:\/\/www.au-pays-des-merveilles.com\/blog\/wp-json\/wp\/v2\/tags?post=11785"}],"curies":[{"name":"wp","href":"https:\/\/api.w.org\/{rel}","templated":true}]}}