{"id":12168,"date":"2012-12-08T09:39:26","date_gmt":"2012-12-08T08:39:26","guid":{"rendered":"http:\/\/www.au-pays-des-merveilles.com\/blog\/?p=12168"},"modified":"2019-09-29T18:42:51","modified_gmt":"2019-09-29T16:42:51","slug":"%e2%99%a1-les-liens-du-week-end-%e2%99%a1-55","status":"publish","type":"post","link":"https:\/\/www.au-pays-des-merveilles.com\/blog\/2012\/12\/08\/%e2%99%a1-les-liens-du-week-end-%e2%99%a1-55\/","title":{"rendered":"\u2661 Les liens du week-end \u2661 # 55"},"content":{"rendered":"<p style=\"text-align: center;\">\u00a0<img loading=\"lazy\" decoding=\"async\" class=\"aligncenter  wp-image-12200\" title=\"IMG_1732\" src=\"https:\/\/www.au-pays-des-merveilles.com\/blog\/wp-content\/uploads\/2012\/12\/IMG_1732-768x1024.jpg\" alt=\"\" width=\"461\" height=\"614\" srcset=\"https:\/\/www.au-pays-des-merveilles.com\/blog\/wp-content\/uploads\/2012\/12\/IMG_1732-768x1024.jpg 768w, https:\/\/www.au-pays-des-merveilles.com\/blog\/wp-content\/uploads\/2012\/12\/IMG_1732-225x300.jpg 225w\" sizes=\"auto, (max-width: 461px) 100vw, 461px\" \/><\/p>\n<p style=\"text-align: center;\"><em>(c)\u00a0<a href=\"https:\/\/www.au-pays-des-merveilles.com\/blog\/2012\/03\/blog\" target=\"_blank\" rel=\"noopener noreferrer\">Au Pays Des Merveilles<\/a><\/em><\/p>\n<p>&#x2665; <strong>COOK<\/strong> : elles m&rsquo;avaient d\u00e9j\u00e0 \u00e9pat\u00e9 l&rsquo;ann\u00e9e derni\u00e8re avec leurs jolis calendriers de l&rsquo;avent, voil\u00e0 que cette ann\u00e9e, elles remettent \u00e7a ! Chouette ! Merci <a rel=\"nofollow noopener noreferrer\" href=\"http:\/\/www.griottes.fr\/\" target=\"_blank\" class=\"broken_link\">Griottes<\/a> &amp; \u00a0<a rel=\"nofollow noopener noreferrer\" rel=\"nofollow noopener noreferrer\" href=\"http:\/\/www.carnetsparisiens.com\/\" target=\"_blank\">Parigote<\/a> !<\/p>\n<p><strong>&#x2665;\u00a0COOK (bis) : <\/strong>les f\u00eates de fin d\u2019ann\u00e9e\u00a0sont autant d\u2019occasions de se r\u00e9galer entre proches. Mais quand on est\u00a0allergique \u00e0 certains aliments, il est parfois compliqu\u00e9 de partager un repas. C\u2019est pourquoi\u00a0l\u2019<a rel=\"nofollow noopener noreferrer\" rel=\"nofollow noopener noreferrer\" href=\"http:\/\/allergies.afpral.fr\/\" target=\"_blank\">Association Fran\u00e7aise pour la Pr\u00e9vention des Allergies (AFPRAL)<\/a> vous propose de d\u00e9licieuses recettes, qui sauront ravir les allergiques alimentaires \u2026 et ceux qui ne le sont pas\u00a0!\u00a0Ces recettes sont adapt\u00e9es aux allergies et intol\u00e9rances au\u00a0lait, aux \u0153ufs, au soja et au bl\u00e9.<\/p>\n<p>&#x2665; <strong>DIY<\/strong> : id\u00e9e cadeau : l&rsquo;\u00e9tui pour votre t\u00e9l\u00e9phone ch\u00e9ri chez <a rel=\"nofollow noopener noreferrer\" rel=\"nofollow noopener noreferrer\" href=\"http:\/\/ein-stueck-garten.blogspot.fr\/2012\/12\/cover-my-phone.html\" target=\"_blank\">Anita<\/a> (une blogueuse allemande adorable que je suis depuis des lustres !)<\/p>\n<p>&#x2665; <strong>NOEL<\/strong> : le chouette dossier de No\u00ebl sur Hellocoton &#8230; il faut que je prenne cong\u00e9 pour tout lire !! D&rsquo;ailleurs, il y a un super concours Hellocoton pour No\u00ebl avec de tr\u00e8s beaux cadeaux par ici &#8230; Moi je dis \u00e7a, je dis rien &#8230; !<\/p>\n<p>&#x2665; <strong>MODE<\/strong> : les cadeaux du calendrier de l&rsquo;avent sur <a rel=\"nofollow noopener noreferrer\" rel=\"nofollow noopener noreferrer\" href=\"http:\/\/www.promod.fr\/\" target=\"_blank\">Promod.fr\u00a0<\/a><\/p>\n<p>&#x2665; <strong>IPHONE<\/strong> : la nouvelle <a rel=\"nofollow noopener noreferrer\" rel=\"nofollow noopener noreferrer\" href=\"http:\/\/www.sephora.fr\/iphone\/R98500007\" target=\"_blank\">appli Sephora<\/a> qui d\u00e9chire ! surtout avec le maquillage virtuel qui permet de tester directement sur sa photo une s\u00e9lection de produits de maquillage.<\/p>\n<p>Et sinon ? Plus que 17 dodos et c&rsquo;est Nono &#8230; hu hu ! (\u00e7a va bien merci). Bon week-end les enfants !<\/p>\n","protected":false},"excerpt":{"rendered":"<p>\u00a0 (c)\u00a0Au Pays Des Merveilles &#x2665; COOK : elles m&rsquo;avaient d\u00e9j\u00e0 \u00e9pat\u00e9 l&rsquo;ann\u00e9e derni\u00e8re avec leurs jolis calendriers de l&rsquo;avent, voil\u00e0 que cette ann\u00e9e, elles remettent \u00e7a ! Chouette ! Merci Griottes &amp; \u00a0Parigote ! &#x2665;\u00a0COOK (bis) : les f\u00eates de fin d\u2019ann\u00e9e\u00a0sont autant d\u2019occasions de se r\u00e9galer entre proches. Mais quand on est\u00a0allergique \u00e0<\/p>\n","protected":false},"author":1,"featured_media":0,"comment_status":"open","ping_status":"open","sticky":false,"template":"","format":"standard","meta":{"footnotes":""},"categories":[236],"tags":[440,47,1433,547,942,237,238,328,255,56],"class_list":["post-12168","post","type-post","status-publish","format-standard","hentry","category-les-liens-du-week-end","tag-cook","tag-cuisine","tag-diy","tag-fashion","tag-hellocoton","tag-liens","tag-links","tag-mode","tag-noel","tag-week-end"],"_links":{"self":[{"href":"https:\/\/www.au-pays-des-merveilles.com\/blog\/wp-json\/wp\/v2\/posts\/12168","targetHints":{"allow":["GET"]}}],"collection":[{"href":"https:\/\/www.au-pays-des-merveilles.com\/blog\/wp-json\/wp\/v2\/posts"}],"about":[{"href":"https:\/\/www.au-pays-des-merveilles.com\/blog\/wp-json\/wp\/v2\/types\/post"}],"author":[{"embeddable":true,"href":"https:\/\/www.au-pays-des-merveilles.com\/blog\/wp-json\/wp\/v2\/users\/1"}],"replies":[{"embeddable":true,"href":"https:\/\/www.au-pays-des-merveilles.com\/blog\/wp-json\/wp\/v2\/comments?post=12168"}],"version-history":[{"count":0,"href":"https:\/\/www.au-pays-des-merveilles.com\/blog\/wp-json\/wp\/v2\/posts\/12168\/revisions"}],"wp:attachment":[{"href":"https:\/\/www.au-pays-des-merveilles.com\/blog\/wp-json\/wp\/v2\/media?parent=12168"}],"wp:term":[{"taxonomy":"category","embeddable":true,"href":"https:\/\/www.au-pays-des-merveilles.com\/blog\/wp-json\/wp\/v2\/categories?post=12168"},{"taxonomy":"post_tag","embeddable":true,"href":"https:\/\/www.au-pays-des-merveilles.com\/blog\/wp-json\/wp\/v2\/tags?post=12168"}],"curies":[{"name":"wp","href":"https:\/\/api.w.org\/{rel}","templated":true}]}}