{"id":12273,"date":"2013-01-07T18:00:41","date_gmt":"2013-01-07T17:00:41","guid":{"rendered":"http:\/\/www.au-pays-des-merveilles.com\/blog\/?p=12273"},"modified":"2019-03-22T17:17:09","modified_gmt":"2019-03-22T15:17:09","slug":"belle-annee-2013","status":"publish","type":"post","link":"https:\/\/www.au-pays-des-merveilles.com\/blog\/2013\/01\/07\/belle-annee-2013\/","title":{"rendered":"Belle Ann\u00e9e 2013 !"},"content":{"rendered":"<p style=\"text-align: center\"><img loading=\"lazy\" decoding=\"async\" class=\"aligncenter  wp-image-12277\" alt=\"\" src=\"https:\/\/www.au-pays-des-merveilles.com\/blog\/wp-content\/uploads\/2014\/01\/IMG_2127.jpg\" width=\"576\" height=\"576\" srcset=\"https:\/\/www.au-pays-des-merveilles.com\/blog\/wp-content\/uploads\/2014\/01\/IMG_2127.jpg 960w, https:\/\/www.au-pays-des-merveilles.com\/blog\/wp-content\/uploads\/2014\/01\/IMG_2127-150x150.jpg 150w, https:\/\/www.au-pays-des-merveilles.com\/blog\/wp-content\/uploads\/2014\/01\/IMG_2127-300x300.jpg 300w, https:\/\/www.au-pays-des-merveilles.com\/blog\/wp-content\/uploads\/2014\/01\/IMG_2127-160x160.jpg 160w, https:\/\/www.au-pays-des-merveilles.com\/blog\/wp-content\/uploads\/2014\/01\/IMG_2127-271x271.jpg 271w, https:\/\/www.au-pays-des-merveilles.com\/blog\/wp-content\/uploads\/2014\/01\/IMG_2127-542x542.jpg 542w, https:\/\/www.au-pays-des-merveilles.com\/blog\/wp-content\/uploads\/2014\/01\/IMG_2127-80x80.jpg 80w, https:\/\/www.au-pays-des-merveilles.com\/blog\/wp-content\/uploads\/2014\/01\/IMG_2127-320x320.jpg 320w, https:\/\/www.au-pays-des-merveilles.com\/blog\/wp-content\/uploads\/2014\/01\/IMG_2127-600x600.jpg 600w\" sizes=\"auto, (max-width: 576px) 100vw, 576px\" \/><\/p>\n<p style=\"text-align: justify\">Il serait temps que je vous souhaite <strong>mes meilleurs voeux pour cette nouvelle ann\u00e9e 2013<\/strong> ! Vous m&rsquo;excuserez mais j&rsquo;ai profit\u00e9 au max pour me reposer pendant ma petite semaine de vacances qui est pass\u00e9e \u00e0 une allure folle ! On est d\u00e9j\u00e0 le<strong> 7 janvier<\/strong>, vous rendez vous compte ?! <em>D&rsquo;ailleurs, en passant, <strong>bonne f\u00eate \u00e0 toutes les Virginie<\/strong> !<\/em>\u00a0Merci pour vos mails, com&rsquo; &amp; ptits mots pour mes 5 ans de blog APDM en nom de domaine. C&rsquo;est vrai que cela fait plus longtemps que je blogue, suis une vieille maintenant ! Mais je prends toujours autant de plaisir \u00e0 le faire, alors pourvu que \u00e7a dure !<\/p>\n<p style=\"text-align: justify\">J&rsquo;esp\u00e8re que vous avez pass\u00e9 de bonnes f\u00eates et de jolies vacances, que vous \u00eates bien repos\u00e9 et que vous \u00eates pr\u00eat \u00e0 entamer une grosse ann\u00e9e ! Alors, alors, je suis curieuse, qu&rsquo;est ce que vous avez eu \u00e0 <strong>No\u00ebl<\/strong> ? Vous avez \u00e9t\u00e9 sage ?! Moi ouiiii, vous le pouvez le voir sur la photo (<em>z&rsquo;avez vu l&rsquo;effet ? c&rsquo;est grace \u00e0 l&rsquo;appli <a rel=\"nofollow\" href=\"https:\/\/itunes.apple.com\/fr\/app\/pip-camera\/id521922264?mt=8\" class=\"broken_link\">PIP Camera<\/a>, j&rsquo;adore !!<\/em>), j&rsquo;ai un<strong> nouveau joujou<\/strong> ! Inutile de vous dire que je passe mon temps dessus &#8230; \u00e0 tel point que j&rsquo;en oublie tout le monde autour ! sauf quand le ch\u00e9ri me le squatte !<\/p>\n<p style=\"text-align: justify\">Et comme j&rsquo;ai \u00e9t\u00e9 tr\u00e8s tr\u00e8s sage, je vais pas tarder \u00e0 commander le mod\u00e8le au dessus, l&rsquo;<strong>iMac<\/strong>. Je me gal\u00e8re trop avec mon petit <strong>MacBook \u00a0Pro<\/strong> pour <strong>les photos<\/strong> alors j&rsquo;ai d\u00e9cid\u00e9 de passer \u00e0 la vitesse sup\u00e9rieure ! surtout qu&rsquo;il va falloir assurer le <strong>P12 <\/strong>maintenant ! 65 membres d\u00e9j\u00e0, c&rsquo;est top ! N&rsquo;h\u00e9sitez pas, vous pouvez toujours vous inscrire. Pour r\u00e9pondre aux questions, je n&rsquo;ai aucune exigence concernant ce projet. Cette ann\u00e9e, je vais proposer des th\u00e8mes par mois mais vous n&rsquo;\u00eates pas oblig\u00e9 de les suivre. C&rsquo;est juste si vous manquez d&rsquo;inspiration ! Vous pouvez poster votre ou vos photos (je crois que j&rsquo;ai mis 3 maxi par mois) au cours du mois, as u want ! N&rsquo;h\u00e9sitez pas si vous avez des questions.<\/p>\n<p style=\"text-align: justify\">Sur ces bonnes paroles, je m&rsquo;en vais me remettre au boulot pour vous parler de tout plein de choses ! &#8230;<\/p>\n<p style=\"text-align: justify\">A tr\u00e8s vite !<\/p>\n","protected":false},"excerpt":{"rendered":"<p>Il serait temps que je vous souhaite mes meilleurs voeux pour cette nouvelle ann\u00e9e 2013 ! Vous m&rsquo;excuserez mais j&rsquo;ai profit\u00e9 au max pour me reposer pendant ma petite semaine de vacances qui est pass\u00e9e \u00e0 une allure folle ! On est d\u00e9j\u00e0 le 7 janvier, vous rendez vous compte ?! D&rsquo;ailleurs, en passant, bonne<\/p>\n","protected":false},"author":1,"featured_media":0,"comment_status":"open","ping_status":"open","sticky":false,"template":"","format":"standard","meta":{"footnotes":""},"categories":[7,4],"tags":[923,283,949,280,660,922,195],"class_list":["post-12273","post","type-post","status-publish","format-standard","hentry","category-geekeries","category-ma-vie-mon-oeuvre","tag-923","tag-apple","tag-imac","tag-iphone","tag-macbook","tag-p12","tag-photo"],"_links":{"self":[{"href":"https:\/\/www.au-pays-des-merveilles.com\/blog\/wp-json\/wp\/v2\/posts\/12273","targetHints":{"allow":["GET"]}}],"collection":[{"href":"https:\/\/www.au-pays-des-merveilles.com\/blog\/wp-json\/wp\/v2\/posts"}],"about":[{"href":"https:\/\/www.au-pays-des-merveilles.com\/blog\/wp-json\/wp\/v2\/types\/post"}],"author":[{"embeddable":true,"href":"https:\/\/www.au-pays-des-merveilles.com\/blog\/wp-json\/wp\/v2\/users\/1"}],"replies":[{"embeddable":true,"href":"https:\/\/www.au-pays-des-merveilles.com\/blog\/wp-json\/wp\/v2\/comments?post=12273"}],"version-history":[{"count":0,"href":"https:\/\/www.au-pays-des-merveilles.com\/blog\/wp-json\/wp\/v2\/posts\/12273\/revisions"}],"wp:attachment":[{"href":"https:\/\/www.au-pays-des-merveilles.com\/blog\/wp-json\/wp\/v2\/media?parent=12273"}],"wp:term":[{"taxonomy":"category","embeddable":true,"href":"https:\/\/www.au-pays-des-merveilles.com\/blog\/wp-json\/wp\/v2\/categories?post=12273"},{"taxonomy":"post_tag","embeddable":true,"href":"https:\/\/www.au-pays-des-merveilles.com\/blog\/wp-json\/wp\/v2\/tags?post=12273"}],"curies":[{"name":"wp","href":"https:\/\/api.w.org\/{rel}","templated":true}]}}