{"id":12817,"date":"2013-05-11T15:24:36","date_gmt":"2013-05-11T13:24:36","guid":{"rendered":"http:\/\/www.au-pays-des-merveilles.com\/blog\/?p=12817"},"modified":"2019-01-14T11:21:55","modified_gmt":"2019-01-14T09:21:55","slug":"concert-m-concours","status":"publish","type":"post","link":"https:\/\/www.au-pays-des-merveilles.com\/blog\/2013\/05\/11\/concert-m-concours\/","title":{"rendered":"Qui veut aller voir -M- en concert \u00e0 Marseille mercredi ? {concours}"},"content":{"rendered":"<p style=\"text-align: center;\"><img loading=\"lazy\" decoding=\"async\" class=\"aligncenter  wp-image-12818\" alt=\"\" src=\"https:\/\/www.au-pays-des-merveilles.com\/blog\/wp-content\/uploads\/2013\/05\/BlackXS_M_KV-1024x723.jpg\" width=\"614\" height=\"434\" srcset=\"https:\/\/www.au-pays-des-merveilles.com\/blog\/wp-content\/uploads\/2013\/05\/BlackXS_M_KV-1024x723.jpg 1024w, https:\/\/www.au-pays-des-merveilles.com\/blog\/wp-content\/uploads\/2013\/05\/BlackXS_M_KV-300x212.jpg 300w\" sizes=\"auto, (max-width: 614px) 100vw, 614px\" \/><\/p>\n<p style=\"text-align: justify;\"><em>Et ben moi je vais aller voir \u2013M-\u00a0jeudi soiiiiirrreeeeeuuuu ! Pas vous ? Comment \u00e7a ? Ca vous tente d&rsquo;aller voir sur Marseille mercredi soir ? Alors vous avez de la chance,<\/em> Black XS revient avec l&rsquo;op\u00e9ration \u00ab\u00a0Be The Rock Star\u00a0\u00bb !\u00a0Be THE Rockstar est une grande recherche de guitaristes rock organis\u00e9 par Black XS \u00e0 travers toute la France en les faisant monter sur sc\u00e8ne avec \u2013M-\u00a0pour partager un duo intense de rock ! Apr\u00e8s une s\u00e9lection parmi plus de 300 vid\u00e9os envoy\u00e9es sur la plateforme be-a-rockstar.com, Matthieu Chedid a choisi les 6 musiciens les plus talentueux qui auront l&rsquo;opportunit\u00e9 de jouer avec lui lors de ses dates de tourn\u00e9e.\u00a0Lors de ces concerts, les prestations sc\u00e9niques de chaque guitariste seront film\u00e9es et misent en ligne \u00a0afin de permettre au grand public de choisir LEUR talent de demain.\u00a0Du 1er au 16 juin, les internautes vont pouvoir revivre ces duos sur la plateforme be-a-rockstar.com et\u00a0voter pour le candidat qui les aura le plus convaincu. Les 6 guitaristes en lice pour participer \u00e0 ce\u00a0concert explosif vont \u00e9galement d\u00e9fendre leur chance sur les r\u00e9seaux sociaux. Celui qui aura r\u00e9colt\u00e9 le\u00a0plus de voix montera sur sc\u00e8ne le 19 juin au Z\u00e9nith de Paris et sera la Rockstar le temps d\u2019une soir\u00e9e !\u00a06 candidats, 5 concerts et une seule place pour le Z\u00e9nith de Paris !\u00a0Epernay, Strasbourg, Marseille, Toulouse, Nantes\u2026 Les plus grandes salles de concerts de ces 5 villes\u00a0vont accueillir chacune un ou deux des candidats choisis par Matthieu Chedid. Tous les candidats ont\u00a0appris la grande nouvelle directement par \u2013M-, qui les a appel\u00e9 pour leur annoncer leur s\u00e9lection.\u00a0D\u00e9couvrez d\u00e8s aujourd\u2019hui le futur Jimi Hendrix Fran\u00e7ais !<\/p>\n<p style=\"text-align: justify;\">Ca vous dit de voir ce que \u00e7a donne ? Alors laissez moi un commentaire ici. Vous avez jusqu&rsquo;\u00e0 lundi 20h (<em>oui je sais c&rsquo;est tr\u00e8s tr\u00e8s court mais je ne pouvais pas faire autrement !!<\/em>). Et la ou le gagnant(e) pourra assister au concert de -M- \u00e0 Marseille avec la personne de son choix ce mercredi 15 mai. Go !<\/p>\n<p style=\"text-align: justify;\">\n<p style=\"text-align: justify;\"><strong>Edit du 14\/05\/13 \u00e0 19h31 : l&rsquo;heureuse gagnante est &#8230;<\/strong><\/p>\n<p style=\"text-align: justify;\"><img loading=\"lazy\" decoding=\"async\" class=\"aligncenter size-medium wp-image-12823\" alt=\"\" src=\"https:\/\/www.au-pays-des-merveilles.com\/blog\/wp-content\/uploads\/2013\/05\/M-300x153.png\" width=\"300\" height=\"153\" srcset=\"https:\/\/www.au-pays-des-merveilles.com\/blog\/wp-content\/uploads\/2013\/05\/M-300x153.png 300w, https:\/\/www.au-pays-des-merveilles.com\/blog\/wp-content\/uploads\/2013\/05\/M.png 448w\" sizes=\"auto, (max-width: 300px) 100vw, 300px\" \/><\/p>\n<p style=\"text-align: justify;\"><strong>Commentaire n\u00b01 : Paola. Bravo miss ! Je te maile toudisuite ! Excusez pour le retard (mais j&rsquo;ai une bonne excuse ! oui oui !!)\u00a0<\/strong><\/p>\n","protected":false},"excerpt":{"rendered":"<p>Et ben moi je vais aller voir \u2013M-\u00a0jeudi soiiiiirrreeeeeuuuu ! Pas vous ? Comment \u00e7a ? Ca vous tente d&rsquo;aller voir sur Marseille mercredi soir ? Alors vous avez de la chance, Black XS revient avec l&rsquo;op\u00e9ration \u00ab\u00a0Be The Rock Star\u00a0\u00bb !\u00a0Be THE Rockstar est une grande recherche de guitaristes rock organis\u00e9 par Black XS<\/p>\n","protected":false},"author":1,"featured_media":0,"comment_status":"open","ping_status":"open","sticky":false,"template":"","format":"standard","meta":{"footnotes":""},"categories":[5],"tags":[454,1052,1053,389],"class_list":["post-12817","post","type-post","status-publish","format-standard","hentry","category-cinema-musique-livres","tag-concert","tag-m","tag-marseille","tag-musique"],"_links":{"self":[{"href":"https:\/\/www.au-pays-des-merveilles.com\/blog\/wp-json\/wp\/v2\/posts\/12817","targetHints":{"allow":["GET"]}}],"collection":[{"href":"https:\/\/www.au-pays-des-merveilles.com\/blog\/wp-json\/wp\/v2\/posts"}],"about":[{"href":"https:\/\/www.au-pays-des-merveilles.com\/blog\/wp-json\/wp\/v2\/types\/post"}],"author":[{"embeddable":true,"href":"https:\/\/www.au-pays-des-merveilles.com\/blog\/wp-json\/wp\/v2\/users\/1"}],"replies":[{"embeddable":true,"href":"https:\/\/www.au-pays-des-merveilles.com\/blog\/wp-json\/wp\/v2\/comments?post=12817"}],"version-history":[{"count":0,"href":"https:\/\/www.au-pays-des-merveilles.com\/blog\/wp-json\/wp\/v2\/posts\/12817\/revisions"}],"wp:attachment":[{"href":"https:\/\/www.au-pays-des-merveilles.com\/blog\/wp-json\/wp\/v2\/media?parent=12817"}],"wp:term":[{"taxonomy":"category","embeddable":true,"href":"https:\/\/www.au-pays-des-merveilles.com\/blog\/wp-json\/wp\/v2\/categories?post=12817"},{"taxonomy":"post_tag","embeddable":true,"href":"https:\/\/www.au-pays-des-merveilles.com\/blog\/wp-json\/wp\/v2\/tags?post=12817"}],"curies":[{"name":"wp","href":"https:\/\/api.w.org\/{rel}","templated":true}]}}