{"id":12955,"date":"2013-06-05T10:00:20","date_gmt":"2013-06-05T08:00:20","guid":{"rendered":"http:\/\/www.au-pays-des-merveilles.com\/blog\/?p=12955"},"modified":"2020-08-31T15:06:25","modified_gmt":"2020-08-31T14:06:25","slug":"bon-plan-la-trousse-beaute-de-lete-elle-pour-loccitane","status":"publish","type":"post","link":"https:\/\/www.au-pays-des-merveilles.com\/blog\/2013\/06\/05\/bon-plan-la-trousse-beaute-de-lete-elle-pour-loccitane\/","title":{"rendered":"{Bon Plan} la trousse beaut\u00e9 de l&rsquo;\u00e9t\u00e9 Elle pour L&rsquo;Occitane"},"content":{"rendered":"<p style=\"text-align: center;\"><img loading=\"lazy\" decoding=\"async\" class=\"aligncenter  wp-image-12956\" alt=\"\" src=\"https:\/\/www.au-pays-des-merveilles.com\/blog\/wp-content\/uploads\/2013\/06\/elle-768x1024.jpg\" width=\"461\" height=\"614\" srcset=\"https:\/\/www.au-pays-des-merveilles.com\/blog\/wp-content\/uploads\/2013\/06\/elle-768x1024.jpg 768w, https:\/\/www.au-pays-des-merveilles.com\/blog\/wp-content\/uploads\/2013\/06\/elle-225x300.jpg 225w\" sizes=\"auto, (max-width: 461px) 100vw, 461px\" \/><\/p>\n<p style=\"text-align: center;\">C&rsquo;est bient\u00f4t l&rsquo;\u00e9t\u00e9 (si si !!) ! Et pour le c\u00e9l\u00e9brer, <a rel=\"nofollow noopener noreferrer\" href=\"http:\/\/www.elle.fr\/\" target=\"_blank\" class=\"broken_link\">ELLE<\/a> et <a rel=\"nofollow noopener noreferrer\" href=\"http:\/\/fr.loccitane.com\/\" target=\"_blank\">L&rsquo;Occitane en Provence<\/a> nous pr\u00e9sentent la trousse beaut\u00e9 de l&rsquo;\u00e9t\u00e9 : 5 produits incontournables en format mini et mimi qui nous suivent partout et abonnement de 2 mois au mag&rsquo; <a rel=\"nofollow noopener noreferrer\" href=\"http:\/\/www.elle.fr\/\" target=\"_blank\" class=\"broken_link\">ELLE<\/a> offerts dans une pochette revisit\u00e9e par Soledad, l&rsquo;illustratrice du ELLE. Le tout d\u00e8s 15\u20ac d&rsquo;achats dans les boutiques L&rsquo;Occitane participant \u00e0 l&rsquo;op\u00e9ration ou sur <a rel=\"nofollow noopener noreferrer\" href=\"http:\/\/fr.loccitane.com\/\" target=\"_blank\">loccitane.fr\u00a0<\/a><\/p>\n<p style=\"text-align: center;\">D\u00e9p\u00eachez vous, l&rsquo;offre est diffus\u00e9e dans le ELLE de cette semaine !<\/p>\n<p style=\"text-align: center;\"><em>Cette offre est valable jusqu&rsquo;au 30 juin 2013.<\/em><\/p>\n<p style=\"text-align: center;\">\u2605\u2605\u2605\u2605<\/p>\n<h1><\/h1>\n<p style=\"text-align: justify;\"><img loading=\"lazy\" decoding=\"async\" class=\"alignleft size-full wp-image-12959\" alt=\"\" src=\"https:\/\/www.au-pays-des-merveilles.com\/blog\/wp-content\/uploads\/2013\/06\/occitane.jpeg\" width=\"143\" height=\"247\" \/>La belle excuse pour me racheter le s\u00e9rum perfecteur de peau \u00ab\u00a0Essence Sublime Iris Ang\u00e9lique\u00a0\u00bb de L&rsquo;Occitane ! Enorme coup de coeur pour ce s\u00e9rum qui sublime la peau.<\/p>\n<blockquote>\n<p style=\"text-align: justify;\"><em>Sa texture tr\u00e8s velout\u00e9e unique corrige 6 imperfections de la peau:<\/em><\/p>\n<p style=\"text-align: justify;\"><em id=\"__mceDel\"><\/em><em>1. La peau est visiblement liss\u00e9e et affin\u00e9e<\/em><br \/>\n<em>2. Les pores sont instantan\u00e9ment ress\u00e9r\u00e9s<\/em><br \/>\n<em>3. Les rougeurs et les t\u00e2ches sont att\u00e9nu\u00e9es<\/em><br \/>\n<em>4. Le teint est plus lumineux et uniformis\u00e9<\/em><br \/>\n<em>5. La peau est hydrat\u00e9e et repulp\u00e9e<\/em><br \/>\n<em>6. La peau est tr\u00e8s douce et velout\u00e9e<\/em><\/p>\n<p>Ce s\u00e9rum perfecteur est \u00e0 base d&rsquo;extraits bio de deux fleurs d&rsquo;anges: l&rsquo;Iris Blanc et l&rsquo;Ang\u00e9lique.<br \/>\nSymbole de beaut\u00e9 pure, l&rsquo;Iris Blanc lumineux et velout\u00e9 offre ses pouvoirs de sublimation.<br \/>\nConnue pour ses propri\u00e9t\u00e9s incroyablement hydratantes, l&rsquo;Ang\u00e9lique donne de la vitalit\u00e9 \u00e0 la peau.<br \/>\nNotre formule brevet\u00e9e sans silicone laisse la peau sublime \u00e0 la vue comme au toucher<\/p><\/blockquote>\n<p style=\"text-align: justify;\">Le packaging est tr\u00e8s sobre, j&rsquo;avoue mais le parfum &#8230; le parfum les enfants ! Une tuerie !! Il sent divinement bon &#8230; C&rsquo;est mon kiff du matin ! S&rsquo;il y a bien un achat que je vous recommande sur le site, c&rsquo;est bien celui-ci ! Je vous en reparlerais de toute fa\u00e7on ainsi que des cr\u00e8mes de beaut\u00e9 sublime (qui m&rsquo;ont moins emball\u00e9 !). Vous savez ce qu&rsquo;il vous reste \u00e0 faire &#8230; !<\/p>\n","protected":false},"excerpt":{"rendered":"<p>C&rsquo;est bient\u00f4t l&rsquo;\u00e9t\u00e9 (si si !!) ! Et pour le c\u00e9l\u00e9brer, ELLE et L&rsquo;Occitane en Provence nous pr\u00e9sentent la trousse beaut\u00e9 de l&rsquo;\u00e9t\u00e9 : 5 produits incontournables en format mini et mimi qui nous suivent partout et abonnement de 2 mois au mag&rsquo; ELLE offerts dans une pochette revisit\u00e9e par Soledad, l&rsquo;illustratrice du ELLE. Le<\/p>\n","protected":false},"author":1,"featured_media":0,"comment_status":"open","ping_status":"open","sticky":false,"template":"","format":"standard","meta":{"footnotes":""},"categories":[6],"tags":[49,1070,71,225,1071],"class_list":["post-12955","post","type-post","status-publish","format-standard","hentry","category-beautiful-girl","tag-beaute","tag-elle","tag-ete","tag-loccitane","tag-loccitane-en-provence"],"_links":{"self":[{"href":"https:\/\/www.au-pays-des-merveilles.com\/blog\/wp-json\/wp\/v2\/posts\/12955","targetHints":{"allow":["GET"]}}],"collection":[{"href":"https:\/\/www.au-pays-des-merveilles.com\/blog\/wp-json\/wp\/v2\/posts"}],"about":[{"href":"https:\/\/www.au-pays-des-merveilles.com\/blog\/wp-json\/wp\/v2\/types\/post"}],"author":[{"embeddable":true,"href":"https:\/\/www.au-pays-des-merveilles.com\/blog\/wp-json\/wp\/v2\/users\/1"}],"replies":[{"embeddable":true,"href":"https:\/\/www.au-pays-des-merveilles.com\/blog\/wp-json\/wp\/v2\/comments?post=12955"}],"version-history":[{"count":0,"href":"https:\/\/www.au-pays-des-merveilles.com\/blog\/wp-json\/wp\/v2\/posts\/12955\/revisions"}],"wp:attachment":[{"href":"https:\/\/www.au-pays-des-merveilles.com\/blog\/wp-json\/wp\/v2\/media?parent=12955"}],"wp:term":[{"taxonomy":"category","embeddable":true,"href":"https:\/\/www.au-pays-des-merveilles.com\/blog\/wp-json\/wp\/v2\/categories?post=12955"},{"taxonomy":"post_tag","embeddable":true,"href":"https:\/\/www.au-pays-des-merveilles.com\/blog\/wp-json\/wp\/v2\/tags?post=12955"}],"curies":[{"name":"wp","href":"https:\/\/api.w.org\/{rel}","templated":true}]}}