{"id":12962,"date":"2013-06-11T13:50:08","date_gmt":"2013-06-11T11:50:08","guid":{"rendered":"http:\/\/www.au-pays-des-merveilles.com\/blog\/?p=12962"},"modified":"2019-03-22T17:17:06","modified_gmt":"2019-03-22T15:17:06","slug":"activ-age-nivea-concours","status":"publish","type":"post","link":"https:\/\/www.au-pays-des-merveilles.com\/blog\/2013\/06\/11\/activ-age-nivea-concours\/","title":{"rendered":"Offrez la gamme Activ Age de Niv\u00e9a pour votre papa ch\u00e9ri ! {concours}"},"content":{"rendered":"<p style=\"text-align: center;\"><img loading=\"lazy\" decoding=\"async\" class=\"aligncenter  wp-image-12963\" alt=\"\" src=\"https:\/\/www.au-pays-des-merveilles.com\/blog\/wp-content\/uploads\/2013\/06\/gamme-active-age.jpg\" width=\"590\" height=\"262\" srcset=\"https:\/\/www.au-pays-des-merveilles.com\/blog\/wp-content\/uploads\/2013\/06\/gamme-active-age.jpg 984w, https:\/\/www.au-pays-des-merveilles.com\/blog\/wp-content\/uploads\/2013\/06\/gamme-active-age-300x132.jpg 300w\" sizes=\"auto, (max-width: 590px) 100vw, 590px\" \/><\/p>\n<p style=\"text-align: justify;\">Dimanche prochain, c&rsquo;est la f\u00eate des papas ! Et oui, chacun son tour !<em> (et nous alors ?! \u00e0 quand la f\u00eate des enfants ?! comment \u00e7a c&rsquo;est toute l&rsquo;ann\u00e9e ?!). <\/em>Alors dites moi, quelles sont vos id\u00e9es cadeau pour faire plaisir \u00e0 votre papa ador\u00e9 ?! Pas d&rsquo;id\u00e9e ? J&rsquo;en ai d\u00e9j\u00e0 une ! <a href=\"http:\/\/www.nivea.fr\/Les-Produits\/Soins-pour-Homme\/Active-age\" target=\"_blank\" rel=\"noopener noreferrer\">La gamme <strong>Active Age de Nivea Men<\/strong> <\/a>!<a rel=\"nofollow\" rel=\"nofollow noopener noreferrer\" href=\"http:\/\/www.nivea.fr\/\" target=\"_blank\"> NIVEA<\/a>, marque pionni\u00e8re sur le secteur anti-\u00e2ge, innove encore avec une nouvelle ligne anti-\u00e2ge consacr\u00e9e aux hommes, Active Age. Plus \u00e9paisse que celle de la femme, gr\u00e2ce \u00e0 sa richesse en fibres de collag\u00e8ne, la peau masculine est plus ferme, plus \u00e9lastique, et donc naturellement plus r\u00e9sistante. Le vieillissement cutan\u00e9 appara\u00eet plus tardivement mais de mani\u00e8re plus brutale chez l\u2019homme. Quand il se d\u00e9clenche, souvent autour de la quarantaine, la peau perd rapidement de sa tonicit\u00e9 et les rides sont plus marqu\u00e9es et plus profondes, que chez les femmes.<\/p>\n<p style=\"text-align: justify;\">NIVEA MEN a d\u00e9velopp\u00e9 des formules parfaitement adapt\u00e9es \u00e0 la peau des hommes\u2026 Et a r\u00e9alis\u00e9 une petite r\u00e9volution avec 3 produits totalement novateurs qui r\u00e9pondent \u00e0 leurs besoins sp\u00e9cifiques avec une solution compl\u00e8te : 6 actions en un seul geste ! 2 ingr\u00e9dients phares anti-\u00e2ge et une source d&rsquo;hydratation in\u00e9puisable :<em><strong> la cr\u00e9atine <\/strong><\/em>qui stimule la production d\u2019\u00e9nCergie par les cellules et favorise leurs renouvellements et <em><strong>la caf\u00e9ine<\/strong><\/em>, antioxydant protecteur, elle est reconnue aussi pour ses propri\u00e9t\u00e9s drainantes et stimulantes. Elle agit sur la peau comme un stimulant avec un\u00a0\u00ab effet liftant \u00bb et lissant. Et enfin <em><strong>le\u00a0beurre de karit\u00e9<\/strong> <\/em>qui\u00a0nourrit la peau.<\/p>\n<p style=\"text-align: justify;\">La gamme est compos\u00e9e de 3 nouveaux produits :<strong> 1 Soin de Jour Hydratant<\/strong> : le 1er Soin anti-a\u0302ge 6 en 1 +\u00a0<strong>1 Soin de Nuit re\u0301ge\u0301ne\u0301rant<\/strong> : le 1er Soin de Nuit en GMS\u00a0+ <strong>1 Baume Apre\u0300s-rasage<\/strong> : le 1er Apre\u0300s-Rasage Anti-a\u0302ge.<\/p>\n<p style=\"text-align: center;\">\u00a0<img loading=\"lazy\" decoding=\"async\" class=\"aligncenter  wp-image-12971\" alt=\"\" src=\"https:\/\/www.au-pays-des-merveilles.com\/blog\/wp-content\/uploads\/2014\/06\/Mens_skincare_Nivea_new_C9095_117873.jpg\" width=\"518\" height=\"154\" srcset=\"https:\/\/www.au-pays-des-merveilles.com\/blog\/wp-content\/uploads\/2014\/06\/Mens_skincare_Nivea_new_C9095_117873.jpg 740w, https:\/\/www.au-pays-des-merveilles.com\/blog\/wp-content\/uploads\/2014\/06\/Mens_skincare_Nivea_new_C9095_117873-300x89.jpg 300w\" sizes=\"auto, (max-width: 518px) 100vw, 518px\" \/><\/p>\n<p style=\"text-align: justify;\">Avec \u00e7a, daddy va avoir la peau toute douce !<\/p>\n<h1 style=\"text-align: justify;\"><span style=\"color: #0000ff;\">Concours<\/span><\/h1>\n<p style=\"text-align: justify;\">J&rsquo;ai la chance de faire gagner \u00e0<strong> 3<\/strong>\u00a0lectrices la <a href=\"http:\/\/www.nivea.fr\/Les-Produits\/Soins-pour-Homme\/Active-age\" target=\"_blank\" rel=\"noopener noreferrer\"><strong>gamme Activ Age de Nivea<\/strong> <\/a>\u00e0 savoir\u00a0:<strong> le soin de jour hydratant, le soin de nuit hydratant et le baume apr\u00e8s rasage<\/strong>. Pour cela, vous me dites dans les commentaires ce que vous comptez offrir \u00e0 votre papa dimanche prochain ! Vous avez jusqu&rsquo;\u00e0<strong> dimanche (16\/06\/13) minuit<\/strong>. R\u00e9sultats par tirage au sort lundi. Vous recevrez la gamme juste apr\u00e8s !<\/p>\n<p style=\"text-align: justify;\"><em>Attention, le concours est r\u00e9serv\u00e9 \u00e0 la France m\u00e9tropolitaine.<\/em><\/p>\n<p style=\"text-align: justify;\">Bonne f\u00eate papa &amp; merci <a rel=\"nofollow\" rel=\"nofollow noopener noreferrer\" href=\"http:\/\/www.nivea.fr\/\" target=\"_blank\">Niv\u00e9a<\/a> !<\/p>\n<p style=\"text-align: justify;\">\u00a0<\/p>\n<p style=\"text-align: center;\">\u2605\u2605\u2605\u2605\u2605\u2605\u2605\u2605\u2605\u2605\u2605\u2605<!-- .comments-body-inner --><!-- .comments-body-inner-wrap --><!-- .comments-body --><!-- .comments-body-inner --><!-- .comments-body-inner-wrap --><!-- .comments-body --><!-- .comments-body-inner --><!-- .comments-body-inner-wrap --><!-- .comments-body --><\/p>\n<p style=\"text-align: center;\"><span style=\"text-decoration: underline;\"><strong>Edit du 18 juin 2013 \u00e0 11h30<\/strong> <\/span>: les gagnant(e)s des lots gamme Activ Age de Nivea sont<\/p>\n<p style=\"text-align: center;\"><img loading=\"lazy\" decoding=\"async\" class=\"aligncenter  wp-image-12985\" alt=\"\" src=\"https:\/\/www.au-pays-des-merveilles.com\/blog\/wp-content\/uploads\/2013\/06\/nivea.png\" width=\"333\" height=\"294\" srcset=\"https:\/\/www.au-pays-des-merveilles.com\/blog\/wp-content\/uploads\/2013\/06\/nivea.png 370w, https:\/\/www.au-pays-des-merveilles.com\/blog\/wp-content\/uploads\/2013\/06\/nivea-300x265.png 300w\" sizes=\"auto, (max-width: 333px) 100vw, 333px\" \/><\/p>\n<p style=\"text-align: center;\"><strong>Commentaire n\u00b0 21 : f\u00e9e clochette 06<\/strong><\/p>\n<p style=\"text-align: center;\"><strong>Commentaire n\u00b0 30 : alassimone katie<\/strong><\/p>\n<p style=\"text-align: center;\"><strong>Commentaire n\u00b0 34 : bubble<\/strong><\/p>\n<p style=\"text-align: center;\">Bravo ! Je vous maile tout de suite !<\/p>\n<p style=\"text-align: center;\">Merci pour vos nombreuses participations ! &#x2665;<\/p>\n","protected":false},"excerpt":{"rendered":"<p>Dimanche prochain, c&rsquo;est la f\u00eate des papas ! Et oui, chacun son tour ! (et nous alors ?! \u00e0 quand la f\u00eate des enfants ?! comment \u00e7a c&rsquo;est toute l&rsquo;ann\u00e9e ?!). Alors dites moi, quelles sont vos id\u00e9es cadeau pour faire plaisir \u00e0 votre papa ador\u00e9 ?! Pas d&rsquo;id\u00e9e ? J&rsquo;en ai d\u00e9j\u00e0 une !<\/p>\n","protected":false},"author":1,"featured_media":0,"comment_status":"open","ping_status":"open","sticky":false,"template":"","format":"standard","meta":{"footnotes":""},"categories":[6,20],"tags":[1074,1075,908,1072,1009,1073,1076,74],"class_list":["post-12962","post","type-post","status-publish","format-standard","hentry","category-beautiful-girl","category-buzz","tag-active-age","tag-fete-des-peres","tag-homme","tag-hommes","tag-nivea","tag-nivea-men","tag-pere","tag-soins"],"_links":{"self":[{"href":"https:\/\/www.au-pays-des-merveilles.com\/blog\/wp-json\/wp\/v2\/posts\/12962","targetHints":{"allow":["GET"]}}],"collection":[{"href":"https:\/\/www.au-pays-des-merveilles.com\/blog\/wp-json\/wp\/v2\/posts"}],"about":[{"href":"https:\/\/www.au-pays-des-merveilles.com\/blog\/wp-json\/wp\/v2\/types\/post"}],"author":[{"embeddable":true,"href":"https:\/\/www.au-pays-des-merveilles.com\/blog\/wp-json\/wp\/v2\/users\/1"}],"replies":[{"embeddable":true,"href":"https:\/\/www.au-pays-des-merveilles.com\/blog\/wp-json\/wp\/v2\/comments?post=12962"}],"version-history":[{"count":0,"href":"https:\/\/www.au-pays-des-merveilles.com\/blog\/wp-json\/wp\/v2\/posts\/12962\/revisions"}],"wp:attachment":[{"href":"https:\/\/www.au-pays-des-merveilles.com\/blog\/wp-json\/wp\/v2\/media?parent=12962"}],"wp:term":[{"taxonomy":"category","embeddable":true,"href":"https:\/\/www.au-pays-des-merveilles.com\/blog\/wp-json\/wp\/v2\/categories?post=12962"},{"taxonomy":"post_tag","embeddable":true,"href":"https:\/\/www.au-pays-des-merveilles.com\/blog\/wp-json\/wp\/v2\/tags?post=12962"}],"curies":[{"name":"wp","href":"https:\/\/api.w.org\/{rel}","templated":true}]}}