{"id":13040,"date":"2013-06-27T13:30:54","date_gmt":"2013-06-27T11:30:54","guid":{"rendered":"http:\/\/www.au-pays-des-merveilles.com\/blog\/?p=13040"},"modified":"2020-08-31T15:06:25","modified_gmt":"2020-08-31T14:06:25","slug":"solidays-2013","status":"publish","type":"post","link":"https:\/\/www.au-pays-des-merveilles.com\/blog\/2013\/06\/27\/solidays-2013\/","title":{"rendered":"In love, I trust &#x2665;"},"content":{"rendered":"<p><img loading=\"lazy\" decoding=\"async\" class=\"aligncenter size-full wp-image-13041\" src=\"https:\/\/www.au-pays-des-merveilles.com\/blog\/wp-content\/uploads\/2013\/06\/Solidays-fete-ses-15-ans_large.jpg\" alt=\"\" width=\"360\" height=\"235\" srcset=\"https:\/\/www.au-pays-des-merveilles.com\/blog\/wp-content\/uploads\/2013\/06\/Solidays-fete-ses-15-ans_large.jpg 360w, https:\/\/www.au-pays-des-merveilles.com\/blog\/wp-content\/uploads\/2013\/06\/Solidays-fete-ses-15-ans_large-300x195.jpg 300w\" sizes=\"auto, (max-width: 360px) 100vw, 360px\" \/><\/p>\n<div>\n<p style=\"text-align: justify;\">Demain matin, j&#8217;embarque le ch\u00e9ri sous le bras, direction\u00a0la capitale (souvenirs, souvenirs &#8230;) faire les foufous aux<strong> <a rel=\"nofollow noopener noreferrer\" href=\"http:\/\/www.solidays.org\/\" target=\"_blank\">Solidays<\/a><\/strong> ! J&rsquo;ai tellement kiff\u00e9 l&rsquo;ann\u00e9e derni\u00e8re avec les coupains qu&rsquo;on se refait \u00e7a ! Et j&rsquo;ai bien fait car <a rel=\"nofollow noopener noreferrer\" href=\"http:\/\/www.solidays.org\/\" target=\"_blank\">Solidays<\/a> f\u00eate ses <strong>15 ans<\/strong> cette ann\u00e9e. 15 ans d&rsquo;action, de concerts et de collectes de fonds pour lutter contre le SIDA. 17 millions d\u2019euros ont \u00e9t\u00e9 recueillis jusqu\u2019\u00e0 pr\u00e9sent. Chaque euro est investi afin de mener des actions de sensibilisation et de pr\u00e9vention aupr\u00e8s des publics les plus touch\u00e9s et d\u2019aider les malades les plus d\u00e9munis, dans plus de 20 pays. Pas moins de 1000 b\u00e9n\u00e9voles seront mobilis\u00e9s pour trois jours et deux nuits de concerts et d&rsquo;animations. Plac\u00e9 sous le signe de l&rsquo;amour &lsquo;<strong><em>In love, we trust&rsquo;<\/em><\/strong>, le festival solidaire propose une prog&rsquo; remplie de belles surprises : rock, electro, reggae &#8230; Ca va \u00eatre d\u00e9ment !<\/p>\n<p style=\"text-align: center;\"><img loading=\"lazy\" decoding=\"async\" class=\"aligncenter wp-image-13044\" src=\"https:\/\/www.au-pays-des-merveilles.com\/blog\/wp-content\/uploads\/2014\/06\/solidays.jpg\" alt=\"\" width=\"600\" height=\"424\" srcset=\"https:\/\/www.au-pays-des-merveilles.com\/blog\/wp-content\/uploads\/2014\/06\/solidays.jpg 1000w, https:\/\/www.au-pays-des-merveilles.com\/blog\/wp-content\/uploads\/2014\/06\/solidays-300x212.jpg 300w\" sizes=\"auto, (max-width: 600px) 100vw, 600px\" \/><\/p>\n<p style=\"text-align: justify;\">J&rsquo;attends avec impatience <strong>-M-<\/strong> (qui passe demain),<strong> C2C, Tryo,\u00a0Wax Taylor, Alice Russell, Asaf Avidan, David Guetta<\/strong> et encore plus <strong>Lily Wood &amp; The Prick<\/strong> ! Hiiii !! Mais j&rsquo;esp\u00e8re aussi faire de belles d\u00e9couvertes musicales comme Fuel Fandango l&rsquo;ann\u00e9e derni\u00e8re o\u00f9 je suis rest\u00e9e scotch\u00e9 devant la sc\u00e8ne ! Y&rsquo;a pas \u00e0 dire, quand on voit les groupes en live, c&rsquo;est quand m\u00eame autre chose !<\/p>\n<p style=\"text-align: justify;\">Ce soir, au boulot &#8211;&gt;\u00a0y&rsquo;a une valise \u00e0 pr\u00e9parer<em> (c&rsquo;est pas comme si j&rsquo;avais pas dormi la veille avec le m\u00e9ga\u00a0concert de <strong>Muse \u00e0 Nice<\/strong> hier &#8230; c&rsquo;\u00e9tait d\u00e9mentiel !!)\u00a0 <\/em>et j&rsquo;ai pas int\u00e9r\u00eat \u00e0 oublier la tente (<em>le camping \u00e0 la roots, ma passion<\/em>), les sacs de couchage avec matelas int\u00e9gr\u00e9 (<em>c&rsquo;te classe<\/em> !), une petite laine (<em>voir grosse laine<\/em>), des chaussettes (<em>on s&rsquo;est pel\u00e9 le luc l&rsquo;ann\u00e9e derni\u00e8re<\/em> !), la cr\u00e8me solaire (<em>j&rsquo;ai espoir<\/em>), les lunettes de soleil (<em>l\u00e0 aussi<\/em>), le n\u00e9cessaire de toilettes pour les douches, des lingettes,\u00a0les tongs, les ptits d\u00e9j&rsquo;, APN, iPhone &#8230; bon je vais peut \u00eatre faire une liste, j&rsquo;me fais peur toute seule !! Oulala que j&rsquo;ai h\u00e2te ! Je sens qu&rsquo;on ne va pas beaucoup dormir<del> (c&rsquo;est plus de notre \u00e2ge tout \u00e7a !!) <\/del><\/p>\n<p style=\"text-align: justify;\">Et vous, vous viendez ? Si oui, dites le moi qu&rsquo;on essaie de se capter ! &#8230; si on arrive \u00e0 se trouver &#8230; A ce propos, les festivaliers, n&rsquo;oubliez pas de t\u00e9l\u00e9charger pas l&rsquo;appli iPhone Solidays\u00a0 tip top pour\u00a0se retrouver et\u00a0looker\u00a0le programme des journ\u00e9es\u00a0!<\/p>\n<p style=\"text-align: justify;\">J&rsquo;essaierai de vous montrer tout \u00e7a en live si j&rsquo;ai assez de batterave dans le tel, promis ! A demaiiiiin !<\/p>\n<p style=\"text-align: justify;\">Lov&rsquo;u &#x2665;<\/p>\n<p style=\"text-align: center;\"><img loading=\"lazy\" decoding=\"async\" class=\"aligncenter wp-image-13045\" src=\"https:\/\/www.au-pays-des-merveilles.com\/blog\/wp-content\/uploads\/2014\/06\/solidays-direct.jpg\" alt=\"\" width=\"598\" height=\"348\" srcset=\"https:\/\/www.au-pays-des-merveilles.com\/blog\/wp-content\/uploads\/2014\/06\/solidays-direct.jpg 996w, https:\/\/www.au-pays-des-merveilles.com\/blog\/wp-content\/uploads\/2014\/06\/solidays-direct-300x174.jpg 300w\" sizes=\"auto, (max-width: 598px) 100vw, 598px\" \/><\/p>\n<\/div>\n","protected":false},"excerpt":{"rendered":"<p>Demain matin, j&#8217;embarque le ch\u00e9ri sous le bras, direction\u00a0la capitale (souvenirs, souvenirs &#8230;) faire les foufous aux Solidays ! J&rsquo;ai tellement kiff\u00e9 l&rsquo;ann\u00e9e derni\u00e8re avec les coupains qu&rsquo;on se refait \u00e7a ! Et j&rsquo;ai bien fait car Solidays f\u00eate ses 15 ans cette ann\u00e9e. 15 ans d&rsquo;action, de concerts et de collectes de fonds pour<\/p>\n","protected":false},"author":1,"featured_media":0,"comment_status":"open","ping_status":"open","sticky":false,"template":"","format":"standard","meta":{"footnotes":""},"categories":[1695,9],"tags":[162,846,56],"class_list":["post-13040","post","type-post","status-publish","format-standard","hentry","category-musique","category-sorties-loisirs-distractions","tag-paris","tag-solidays","tag-week-end"],"_links":{"self":[{"href":"https:\/\/www.au-pays-des-merveilles.com\/blog\/wp-json\/wp\/v2\/posts\/13040","targetHints":{"allow":["GET"]}}],"collection":[{"href":"https:\/\/www.au-pays-des-merveilles.com\/blog\/wp-json\/wp\/v2\/posts"}],"about":[{"href":"https:\/\/www.au-pays-des-merveilles.com\/blog\/wp-json\/wp\/v2\/types\/post"}],"author":[{"embeddable":true,"href":"https:\/\/www.au-pays-des-merveilles.com\/blog\/wp-json\/wp\/v2\/users\/1"}],"replies":[{"embeddable":true,"href":"https:\/\/www.au-pays-des-merveilles.com\/blog\/wp-json\/wp\/v2\/comments?post=13040"}],"version-history":[{"count":0,"href":"https:\/\/www.au-pays-des-merveilles.com\/blog\/wp-json\/wp\/v2\/posts\/13040\/revisions"}],"wp:attachment":[{"href":"https:\/\/www.au-pays-des-merveilles.com\/blog\/wp-json\/wp\/v2\/media?parent=13040"}],"wp:term":[{"taxonomy":"category","embeddable":true,"href":"https:\/\/www.au-pays-des-merveilles.com\/blog\/wp-json\/wp\/v2\/categories?post=13040"},{"taxonomy":"post_tag","embeddable":true,"href":"https:\/\/www.au-pays-des-merveilles.com\/blog\/wp-json\/wp\/v2\/tags?post=13040"}],"curies":[{"name":"wp","href":"https:\/\/api.w.org\/{rel}","templated":true}]}}