{"id":13100,"date":"2013-08-19T10:21:23","date_gmt":"2013-08-19T08:21:23","guid":{"rendered":"http:\/\/www.au-pays-des-merveilles.com\/blog\/?p=13100"},"modified":"2019-06-23T15:29:42","modified_gmt":"2019-06-23T13:29:42","slug":"tendance-neon","status":"publish","type":"post","link":"https:\/\/www.au-pays-des-merveilles.com\/blog\/2013\/08\/19\/tendance-neon\/","title":{"rendered":"Tendance n\u00e9on"},"content":{"rendered":"<p style=\"text-align: center;\"><img loading=\"lazy\" decoding=\"async\" class=\"aligncenter  wp-image-13101\" src=\"https:\/\/www.au-pays-des-merveilles.com\/blog\/wp-content\/uploads\/2013\/08\/IMG_3979-768x1024.jpg\" alt=\"\" width=\"538\" height=\"717\" srcset=\"https:\/\/www.au-pays-des-merveilles.com\/blog\/wp-content\/uploads\/2013\/08\/IMG_3979-768x1024.jpg 768w, https:\/\/www.au-pays-des-merveilles.com\/blog\/wp-content\/uploads\/2013\/08\/IMG_3979-225x300.jpg 225w\" sizes=\"auto, (max-width: 538px) 100vw, 538px\" \/><\/p>\n<p style=\"text-align: justify;\">On va faire comme si on n&rsquo;avait pas vu que \u00e7a fait plus de 15 jours que je ne suis pas venue par ici hein ! J&rsquo;ai de bonnes excuses je vous promets que c&rsquo;est vrai ! Vous le saurez bient\u00f4t de toute fa\u00e7on ! Toujours est il que le blog va reprendre du service apr\u00e8s cette pitite pause estivale. D&rsquo;ailleurs on ne va pas se laisser gagner par la d\u00e9prime de la rentr\u00e9e puisque je vous propose aujourd&rsquo;hui de vous parer de fluo ! Je ne sais pas, cette ann\u00e9e, j&rsquo;ai fait une fixette sur la tendance n\u00e9on ! Envie de couleur et de lumi\u00e8re. Bon alors, par contre, on \u00e9vite le total look sinon a\u00efe les yeux ! Plut\u00f4t que les fringues, je pr\u00e9f\u00e8re les accessoires en fluo comme sur la photo ! Parmi eux, celle qui n&rsquo;a pas quitt\u00e9 mon \u00e9t\u00e9 c&rsquo;est la fouta ! FOUTA serviette au placard !! D\u00e9nich\u00e9e sur le site Just Fouta, elle a remplac\u00e9 ma serviette de plage. Avec mon <a href=\"https:\/\/www.au-pays-des-merveilles.com\/blog\/2010\/06\/16\/le-pareo-malin-le-kikoy\/\" target=\"_blank\" rel=\"noopener noreferrer\">kikoy<\/a>, je n&rsquo;utilise plus que \u00e7a ! Elle est toute douce et bien grande &#8230; Pour 18\u20ac, je pense que je vais m&rsquo;en reprendre une dans une autre couleur punchy ! Avec \u00e7a, vous me mettrez un sac qui se remarque et <a rel=\"nofollow noopener noreferrer\" href=\"http:\/\/www.spartoo.com\/chaussures-femmes.php\" target=\"_blank\">des chaussures Spartoo qui vont bien<\/a> comme les <a href=\"http:\/\/www.spartoo.com\/Sandale-femme-st-10217-10148-0-rose.php\" target=\"_blank\" rel=\"nofollow noopener noreferrer\">sandales roses<\/a> p\u00e9tard sivoupl\u00e9 ! Parfait pour la soir\u00e9e <a rel=\"nofollow noopener noreferrer\" href=\"http:\/\/www.wearethe90s.com\/\" target=\"_blank\" rel=\"nofollow noopener noreferrer\">We Are The 90&rsquo;s<\/a> pass\u00e9e au <a rel=\"nofollow noopener noreferrer\" href=\"http:\/\/lemas-concert.com\/\" target=\"_blank\" rel=\"nofollow noopener noreferrer\">Mas des Escaravatiers<\/a> d\u00e9but ao\u00fbt ! C&rsquo;\u00e9tait d\u00e9ment ! Voil\u00e0, voil\u00e0 &#8230; bon apr\u00e8s libre \u00e0 vous d&rsquo;assumer au bureau ! Haha ! En m\u00eame temps, l&rsquo;\u00e9t\u00e9 n&rsquo;est pas fini ! On va en profiter encore un peu ! Enjoy &amp; \u00e0 tr\u00e8s vite pour de nouveaux articles !\u00a0 <img src=\"https:\/\/www.au-pays-des-merveilles.com\/blog\/wp-includes\/images\/smilies\/10.gif\" alt=\"(drink)\" class=\"wp-smiley\" style=\"height: 1em; max-height: 1em;\" \/><\/p>\n","protected":false},"excerpt":{"rendered":"<p>On va faire comme si on n&rsquo;avait pas vu que \u00e7a fait plus de 15 jours que je ne suis pas venue par ici hein ! J&rsquo;ai de bonnes excuses je vous promets que c&rsquo;est vrai ! Vous le saurez bient\u00f4t de toute fa\u00e7on ! Toujours est il que le blog va reprendre du service<\/p>\n","protected":false},"author":1,"featured_media":0,"comment_status":"open","ping_status":"open","sticky":false,"template":"","format":"standard","meta":{"footnotes":""},"categories":[20,36],"tags":[581,71,1115,1116,88,1118,154,207,91,206,1117,930,1119],"class_list":["post-13100","post","type-post","status-publish","format-standard","hentry","category-buzz","category-fashion-no-victim","tag-chaussures","tag-ete","tag-fouta","tag-just-fouta","tag-kikoy","tag-mas-des-escaravatiers","tag-mer","tag-pink","tag-plage","tag-rose","tag-sandales","tag-spartoo","tag-we-are-the-90s"],"_links":{"self":[{"href":"https:\/\/www.au-pays-des-merveilles.com\/blog\/wp-json\/wp\/v2\/posts\/13100","targetHints":{"allow":["GET"]}}],"collection":[{"href":"https:\/\/www.au-pays-des-merveilles.com\/blog\/wp-json\/wp\/v2\/posts"}],"about":[{"href":"https:\/\/www.au-pays-des-merveilles.com\/blog\/wp-json\/wp\/v2\/types\/post"}],"author":[{"embeddable":true,"href":"https:\/\/www.au-pays-des-merveilles.com\/blog\/wp-json\/wp\/v2\/users\/1"}],"replies":[{"embeddable":true,"href":"https:\/\/www.au-pays-des-merveilles.com\/blog\/wp-json\/wp\/v2\/comments?post=13100"}],"version-history":[{"count":0,"href":"https:\/\/www.au-pays-des-merveilles.com\/blog\/wp-json\/wp\/v2\/posts\/13100\/revisions"}],"wp:attachment":[{"href":"https:\/\/www.au-pays-des-merveilles.com\/blog\/wp-json\/wp\/v2\/media?parent=13100"}],"wp:term":[{"taxonomy":"category","embeddable":true,"href":"https:\/\/www.au-pays-des-merveilles.com\/blog\/wp-json\/wp\/v2\/categories?post=13100"},{"taxonomy":"post_tag","embeddable":true,"href":"https:\/\/www.au-pays-des-merveilles.com\/blog\/wp-json\/wp\/v2\/tags?post=13100"}],"curies":[{"name":"wp","href":"https:\/\/api.w.org\/{rel}","templated":true}]}}