{"id":13105,"date":"2013-08-20T08:00:40","date_gmt":"2013-08-20T06:00:40","guid":{"rendered":"http:\/\/www.au-pays-des-merveilles.com\/blog\/?p=13105"},"modified":"2019-03-22T17:17:05","modified_gmt":"2019-03-22T15:17:05","slug":"les-photos-de-vacances","status":"publish","type":"post","link":"https:\/\/www.au-pays-des-merveilles.com\/blog\/2013\/08\/20\/les-photos-de-vacances\/","title":{"rendered":"Les photos de vacances"},"content":{"rendered":"<p><a rel=\"nofollow noopener noreferrer\" href=\"http:\/\/weheartit.com\/entry\/55153241\" target=\"_blank\" class=\"broken_link\"><img loading=\"lazy\" decoding=\"async\" class=\"aligncenter size-full wp-image-13107\" alt=\"\" src=\"https:\/\/www.au-pays-des-merveilles.com\/blog\/wp-content\/uploads\/2013\/08\/photo.jpg\" width=\"500\" height=\"500\" srcset=\"https:\/\/www.au-pays-des-merveilles.com\/blog\/wp-content\/uploads\/2013\/08\/photo.jpg 500w, https:\/\/www.au-pays-des-merveilles.com\/blog\/wp-content\/uploads\/2013\/08\/photo-150x150.jpg 150w, https:\/\/www.au-pays-des-merveilles.com\/blog\/wp-content\/uploads\/2013\/08\/photo-300x300.jpg 300w, https:\/\/www.au-pays-des-merveilles.com\/blog\/wp-content\/uploads\/2013\/08\/photo-160x160.jpg 160w, https:\/\/www.au-pays-des-merveilles.com\/blog\/wp-content\/uploads\/2013\/08\/photo-271x271.jpg 271w, https:\/\/www.au-pays-des-merveilles.com\/blog\/wp-content\/uploads\/2013\/08\/photo-80x80.jpg 80w, https:\/\/www.au-pays-des-merveilles.com\/blog\/wp-content\/uploads\/2013\/08\/photo-320x320.jpg 320w\" sizes=\"auto, (max-width: 500px) 100vw, 500px\" \/><\/a><\/p>\n<p style=\"text-align: justify;\">On fait toujours le plein de photos pendant les vacances. Mais r\u00e9aliser des photos vraiment r\u00e9ussies\u00a0n\u2019est jamais si facile, alors comment mettre tous les atouts de son c\u00f4t\u00e9 ? Et quoi faire avec ses photos au\u00a0retour, pour \u00e9viter qu\u2019elles ne restent au fond de l\u2019ordinateur sans \u00eatre plus jamais vues ?<\/p>\n<h2 style=\"text-align: justify;\">Avant et pendant les vacances<\/h2>\n<p style=\"text-align: justify;\">Pour \u00e9viter des drames et des mauvaises surprises pendant les vacances, il faut bien se pr\u00e9parer.<\/p>\n<p style=\"text-align: justify;\">Nettoyez votre appareil photo avant de prendre la route, pour \u00e9viter des taches ou les rayures\u00a0sur les photos, et contr\u00f4lez vos \u00e9quipements afin de ne pas oublier un objectif ou le chargeur. La\u00a0carte m\u00e9moire est aussi importante : v\u00e9rifier qu\u2019elle n\u2019est pas trop pleine, et pr\u00e9voyez une carte de\u00a0remplacement qui pourrait se r\u00e9v\u00e9ler tr\u00e8s pratique en cas de boulimie de photo !<\/p>\n<p style=\"text-align: justify;\">En vacances, il faut bien s\u00fbr faire attention \u00e0 son \u00e9quipement : vols, sable de plage, projections\u00a0d\u2019eau \u2026une ceinture adapt\u00e9e au port de votre appareil \u00e0 la taille ou autour du cou peut vous y aider.<\/p>\n<p style=\"text-align: center;\"><img loading=\"lazy\" decoding=\"async\" class=\"aligncenter  wp-image-13109\" alt=\"\" src=\"https:\/\/www.au-pays-des-merveilles.com\/blog\/wp-content\/uploads\/2013\/08\/plage-1024x1024.jpg\" width=\"614\" height=\"614\" srcset=\"https:\/\/www.au-pays-des-merveilles.com\/blog\/wp-content\/uploads\/2013\/08\/plage-1024x1024.jpg 1024w, https:\/\/www.au-pays-des-merveilles.com\/blog\/wp-content\/uploads\/2013\/08\/plage-150x150.jpg 150w, https:\/\/www.au-pays-des-merveilles.com\/blog\/wp-content\/uploads\/2013\/08\/plage-300x300.jpg 300w\" sizes=\"auto, (max-width: 614px) 100vw, 614px\" \/><\/p>\n<h2 style=\"text-align: justify;\">Changement des conditions<\/h2>\n<p style=\"text-align: justify;\">Bien s\u00fbr les conditions g\u00e9ographiques et climatiques sont en vacances compl\u00e8tement diff\u00e9rentes de\u00a0celles \u00e0 la maison. La lumi\u00e8re de plage par exemple. Les photos prises au lever ou coucher du soleil\u00a0b\u00e9n\u00e9ficieront d\u2019une lumi\u00e8re plus douce qu\u2019en journ\u00e9e, ce qui vous aidera \u00e0 r\u00e9ussir des effets des\u00a0couleurs exceptionnels. A vous aussi d\u2019exp\u00e9rimenter avec les options de votre appareil photo pour\u00a0l\u2019adapter au mieux aux conditions de lumi\u00e8re. M\u00eame un jour de mauvais temps peut \u00eatre l\u2019occasion\u00a0d\u2019une photo magnifique: les photos des nuages jumel\u00e9s avec une \u00e9tendue d\u2019eau par exemple peuvent se r\u00e9v\u00e9ler impressionnantes.<\/p>\n<p style=\"text-align: justify;\">Attention aussi aux endroits bond\u00e9s. Prendre vos photos sur certaines plages ou attractions\u00a0touristiques peut se r\u00e9v\u00e9ler plus compliqu\u00e9 que pr\u00e9vu en raison du grand nombre de passants,\u00a0touristes ou festivaliers qui risquent d\u2019occuper l\u2019arri\u00e8re-plan de vos photos. Pr\u00e9voyez cela en\u00a0recherchant \u00e0 ces endroits des emplacements un peu moins fr\u00e9quent\u00e9s d\u2019o\u00f9 une bonne photo\u00a0pourra \u00eatre prise, ou en vous y rendant en dehors des heures de pointe. Surveillez les arri\u00e8re-plans\u00a0de vos photos en r\u00e8gle g\u00e9n\u00e9rale : il serait dommage qu\u2019un \u00e9l\u00e9ment disgracieux (d\u00e9chets, objets\u00a0incongru, personnes coup\u00e9s) vienne g\u00e2cher apr\u00e8s-coup ce qui vous semblait \u00eatre une tr\u00e8s bonne\u00a0photo.<\/p>\n<p style=\"text-align: justify;\">Pour r\u00e9ussir des photos cr\u00e9atives, quelques ingr\u00e9dients suffisent : des endroits surprenants et peu\u00a0connus, des angles de vue d\u00e9cal\u00e9s par exemple. La plage et les lieux touristiques, o\u00f9 tout le monde\u00a0se met traditionnellement en sc\u00e8ne, peuvent aussi fournir des sujets de photos cr\u00e9atives. Pourquoine pas prendre des photos d\u2019enfants en train d\u2019exp\u00e9rimenter les joies de la plage ? Il n\u2019est pas\u00a0n\u00e9cessaire que le sujet de vos photos regarde l\u2019objectif, les photos peuvent au contraire \u00eatre encore\u00a0plus naturelles de cette mani\u00e8re.\u00a0M\u00eame pour une photo exceptionnelle, ne n\u00e9gligez jamais la s\u00e9curit\u00e9. Sur la plage, n\u2019oubliez pas\u00a0que les rochers peuvent \u00eatre mouill\u00e9s et glissants. Pour \u00e9viter les vols, ne quittez pas votre mat\u00e9riel\u00a0des yeux, prenez juste l\u2019\u00e9quipement n\u00e9cessaire pour vos photographies du jour, et \u00e9vitez d\u2019avoir la marque et le mod\u00e8le de votre appareil imprim\u00e9s sur l\u2019\u00e9tui de votre appareil.<\/p>\n<p style=\"text-align: center;\"><img loading=\"lazy\" decoding=\"async\" class=\"aligncenter  wp-image-13110\" alt=\"\" src=\"https:\/\/www.au-pays-des-merveilles.com\/blog\/wp-content\/uploads\/2013\/08\/plage2-1024x1024.jpg\" width=\"614\" height=\"614\" srcset=\"https:\/\/www.au-pays-des-merveilles.com\/blog\/wp-content\/uploads\/2013\/08\/plage2-1024x1024.jpg 1024w, https:\/\/www.au-pays-des-merveilles.com\/blog\/wp-content\/uploads\/2013\/08\/plage2-150x150.jpg 150w, https:\/\/www.au-pays-des-merveilles.com\/blog\/wp-content\/uploads\/2013\/08\/plage2-300x300.jpg 300w\" sizes=\"auto, (max-width: 614px) 100vw, 614px\" \/><\/p>\n<h2 style=\"text-align: justify;\">Apr\u00e8s les vacances<\/h2>\n<p style=\"text-align: justify;\">Tout le monde conna\u00eet la situation : on est en train de d\u00e9faire ses bagages, on met les photos sur\u00a0l\u2019ordinateur, puis le travail recommence, et parmi les priorit\u00e9s de la rentr\u00e9es, celle de s\u2019occuper\u00a0de ses photos de vacances dispara\u00eet en bas de liste. Quel dommage de laisser ses souvenirs si loin\u00a0des yeux et du c\u0153ur ! Imprimer ses photos les plus marquantes, en faire un album photo, ou bien\u00a0accrocher au mur celles vraiment sp\u00e9ciales avec une photo sur toile, sur <a rel=\"nofollow\" rel=\"nofollow noopener noreferrer\" href=\"http:\/\/www.prentu.fr\/produits\/photo-sur-plexiglas\/\" target=\"_blank\">plexiglas<\/a>, ou un photo\u00a0collage : voil\u00e0 des fa\u00e7ons vraiment efficaces pour vous rendre la rentr\u00e9e plus douce, partager\u00a0\u00e0 nouveau ces bons moments avec vos proches, et vous donner des id\u00e9es pour vos prochaines\u00a0vacances !<\/p>\n","protected":false},"excerpt":{"rendered":"<p>On fait toujours le plein de photos pendant les vacances. Mais r\u00e9aliser des photos vraiment r\u00e9ussies\u00a0n\u2019est jamais si facile, alors comment mettre tous les atouts de son c\u00f4t\u00e9 ? Et quoi faire avec ses photos au\u00a0retour, pour \u00e9viter qu\u2019elles ne restent au fond de l\u2019ordinateur sans \u00eatre plus jamais vues ? Avant et pendant les<\/p>\n","protected":false},"author":1,"featured_media":0,"comment_status":"open","ping_status":"open","sticky":false,"template":"","format":"standard","meta":{"footnotes":""},"categories":[20,26],"tags":[195,1120,1121],"class_list":["post-13105","post","type-post","status-publish","format-standard","hentry","category-buzz","category-photography","tag-photo","tag-plexiglas","tag-prentu"],"_links":{"self":[{"href":"https:\/\/www.au-pays-des-merveilles.com\/blog\/wp-json\/wp\/v2\/posts\/13105","targetHints":{"allow":["GET"]}}],"collection":[{"href":"https:\/\/www.au-pays-des-merveilles.com\/blog\/wp-json\/wp\/v2\/posts"}],"about":[{"href":"https:\/\/www.au-pays-des-merveilles.com\/blog\/wp-json\/wp\/v2\/types\/post"}],"author":[{"embeddable":true,"href":"https:\/\/www.au-pays-des-merveilles.com\/blog\/wp-json\/wp\/v2\/users\/1"}],"replies":[{"embeddable":true,"href":"https:\/\/www.au-pays-des-merveilles.com\/blog\/wp-json\/wp\/v2\/comments?post=13105"}],"version-history":[{"count":0,"href":"https:\/\/www.au-pays-des-merveilles.com\/blog\/wp-json\/wp\/v2\/posts\/13105\/revisions"}],"wp:attachment":[{"href":"https:\/\/www.au-pays-des-merveilles.com\/blog\/wp-json\/wp\/v2\/media?parent=13105"}],"wp:term":[{"taxonomy":"category","embeddable":true,"href":"https:\/\/www.au-pays-des-merveilles.com\/blog\/wp-json\/wp\/v2\/categories?post=13105"},{"taxonomy":"post_tag","embeddable":true,"href":"https:\/\/www.au-pays-des-merveilles.com\/blog\/wp-json\/wp\/v2\/tags?post=13105"}],"curies":[{"name":"wp","href":"https:\/\/api.w.org\/{rel}","templated":true}]}}