{"id":13153,"date":"2013-09-06T03:51:04","date_gmt":"2013-09-06T01:51:04","guid":{"rendered":"http:\/\/www.au-pays-des-merveilles.com\/blog\/?p=13153"},"modified":"2014-01-30T21:30:11","modified_gmt":"2014-01-30T20:30:11","slug":"oora-m-pokora","status":"publish","type":"post","link":"https:\/\/www.au-pays-des-merveilles.com\/blog\/2013\/09\/06\/oora-m-pokora\/","title":{"rendered":"O\u00d4RA ! &#8230; Quand M. Pokora nous rhabille !"},"content":{"rendered":"<p style=\"text-align: justify;\">Qu&rsquo;ouis-je ? Qu&rsquo;entends-je ? Parait que M. Pokora va nous concocter une jolie petite collection de fringues pour nous les filles !<\/p>\n<p style=\"text-align: justify;\"><img decoding=\"async\" style=\"display: block; margin-left: auto; margin-right: auto;\" alt=\"O\u00d4RA by M POKORA - Une exclusivit\u00e9 Cache Cache\" src=\"http:\/\/media.buzzea.com\/document\/8651_visuel-lancement-oora-by-m-pokora.jpg\" border=\"0\" \/><\/p>\n<p style=\"text-align: justify;\">Oui ! Oui ! En exclu, chez Cache Cache, on pourra looker la collec&rsquo; cr\u00e9\u00e9e par le c\u00e9l\u00e8bre chanteur d\u00e8s le 1er octobre 2013.<\/p>\n<p style=\"text-align: justify;\">\u00a0On sait que M. Pokora apporte beaucoup d&rsquo;importance \u00e0 son look donc c&rsquo;est tout naturellement que le groupe Beaumanoir incluant Cache Cache, Br\u00e9al, Bonobo, Scottage, Morgan et La City, a fait appel \u00e0 lui ! Un style \u00ab\u00a0look\u00e9 &amp; abordable\u00a0\u00bb, \u00a0c&rsquo;est ce que souhaitait le beau gosse !<\/p>\n<p style=\"text-align: justify;\"><span style=\"background-color: #fcfdfd; font-family: 'Lucida Grande', 'Lucida Sans', Arial, sans-serif; line-height: 15px; text-align: justify;\">O\u00d4RA by M.Pokora est une marque de pr\u00eat-\u00e0-porter \u00e0 la fois chic &amp; casual, street &amp; sexy, pour les filles et les femmes qui veulent afficher leur f\u00e9minit\u00e9 autant que leur personnalit\u00e9.<\/span><\/p>\n<p style=\"font-family: 'Lucida Grande', 'Lucida Sans', Arial, sans-serif; line-height: 15px; background-color: #fcfdfd; text-align: justify;\">Avec des pi\u00e8ces tr\u00e8s actuelles aux d\u00e9tails travaill\u00e9s, O\u00d4RA by M.Pokora s&rsquo;inspire de l&rsquo;air du temps et dessine une silhouette moderne et \u00e9l\u00e9gante, marquant un d\u00e9sir de se faire remarquer sans pour autant s&rsquo;afficher. Pour la premi\u00e8re collection automne-hiver 2013, les teintes sont denses, rehauss\u00e9es d&rsquo;\u00e9meraude ou de violet, les motifs m\u00e9langent formes g\u00e9om\u00e9triques et ciels \u00e9toil\u00e9s. Rien que pour \u00e7a, je vais camper devant la boutique !! Des \u00e9toiiiiles !\u00a0<span style=\"color: #37404e; font-family: 'lucida grande', tahoma, verdana, arial, sans-serif; font-size: 13px; line-height: 18px;\">?\u00a0<\/span><\/p>\n<p style=\"font-family: 'Lucida Grande', 'Lucida Sans', Arial, sans-serif; line-height: 15px; background-color: #fcfdfd; text-align: justify;\">Avec cette collection M.Pokora cherche \u00e0 r\u00e9v\u00e9ler ce que les femmes ont de plus beau en elle : leur personnalit\u00e9.<\/p>\n<p style=\"font-family: 'Lucida Grande', 'Lucida Sans', Arial, sans-serif; line-height: 15px; background-color: #fcfdfd;\"><img decoding=\"async\" style=\"display: block; margin-left: auto; margin-right: auto;\" alt=\"O\u00d4RA by M POKORA - Une exclusivit\u00e9 Cache Cache\" src=\"http:\/\/media.buzzea.com\/document\/8647_oora-logo-blanc.jpg\" border=\"0\" \/><\/p>\n<p style=\"font-family: 'Lucida Grande', 'Lucida Sans', Arial, sans-serif; line-height: 15px; background-color: #fcfdfd; text-align: justify;\">Pourquoi ce nom O\u00d4RA ? Parce qu&rsquo;il fait r\u00e9f\u00e9rence \u00e0 l&rsquo;aura : toutes ces petites choses que d\u00e9gage une personne quand on la rencontre pour la premi\u00e8re fois. Les v\u00eatements participent \u00e0 cette aura et doivent r\u00e9v\u00e9ler, d\u00e8s le premier coup d&rsquo;\u0153il, un peu de la personnalit\u00e9 de celle qui les porte.<\/p>\n<p style=\"font-family: 'Lucida Grande', 'Lucida Sans', Arial, sans-serif; line-height: 15px; background-color: #fcfdfd; text-align: justify;\">Pour cr\u00e9er sa premi\u00e8re collection M. Pokora a pass\u00e9 beaucoup de temps dans les boutiques, notamment \u00e0 Londres et Paris, pour rep\u00e9rer les coupes, les mati\u00e8res et les couleurs du moment. Inspir\u00e9 par ses danseuses, il a \u00e9galement souhait\u00e9 ajouter beaucoup de f\u00e9minit\u00e9, cr\u00e9ant des v\u00eatements qu&rsquo;il aimerait voir sur des femmes.<\/p>\n<p style=\"font-family: 'Lucida Grande', 'Lucida Sans', Arial, sans-serif; line-height: 15px; background-color: #fcfdfd; text-align: justify;\">Je ne sais pas vous mais moi je sais ce que je fais le 6 septembre : trainer sur le site O\u00d4RA, d\u00e9couvrir la collection en exclu et pr\u00e9commander mes articles ! Chut ! Je ne vous ai rien dit !<\/p>\n<div style=\"clear: both;\"><\/div>\n<div style=\"float: right;\"><img loading=\"lazy\" decoding=\"async\" alt=\"\" src=\"http:\/\/media.buzzea.com\/logo_buzzea_sponso_2.png\" width=\"83\" height=\"19\" border=\"0\" \/><\/div>\n<div style=\"clear: both;\"><\/div>\n<p><script type=\"text\/javascript\">\/\/ <![CDATA[\ndocument.write(unescape(\"%3Cscript src='http:\/\/stats.buzzea.com\/stat.js?jour=\"+new Date().getDate()+new Date().getMonth()+new Date().getYear()+\"' type='text\/javascript'%3E%3C\/script%3E\"));\n\/\/ ]]><\/script><br \/>\n<script type=\"text\/javascript\">\/\/ <![CDATA[\nvar buzzea_articleid=\"362651\";buzzea_init();\n\/\/ ]]><\/script><\/p>\n","protected":false},"excerpt":{"rendered":"<p>Qu&rsquo;ouis-je ? Qu&rsquo;entends-je ? Parait que M. Pokora va nous concocter une jolie petite collection de fringues pour nous les filles ! Oui ! Oui ! En exclu, chez Cache Cache, on pourra looker la collec&rsquo; cr\u00e9\u00e9e par le c\u00e9l\u00e8bre chanteur d\u00e8s le 1er octobre 2013. \u00a0On sait que M. Pokora apporte beaucoup d&rsquo;importance \u00e0<\/p>\n","protected":false},"author":1,"featured_media":0,"comment_status":"open","ping_status":"open","sticky":false,"template":"","format":"standard","meta":{"footnotes":""},"categories":[20,36],"tags":[185,799,1133,1135,328,1134],"class_list":["post-13153","post","type-post","status-publish","format-standard","hentry","category-buzz","category-fashion-no-victim","tag-buzz-2","tag-buzzea","tag-cache-cache","tag-m-pokora","tag-mode","tag-oora"],"_links":{"self":[{"href":"https:\/\/www.au-pays-des-merveilles.com\/blog\/wp-json\/wp\/v2\/posts\/13153","targetHints":{"allow":["GET"]}}],"collection":[{"href":"https:\/\/www.au-pays-des-merveilles.com\/blog\/wp-json\/wp\/v2\/posts"}],"about":[{"href":"https:\/\/www.au-pays-des-merveilles.com\/blog\/wp-json\/wp\/v2\/types\/post"}],"author":[{"embeddable":true,"href":"https:\/\/www.au-pays-des-merveilles.com\/blog\/wp-json\/wp\/v2\/users\/1"}],"replies":[{"embeddable":true,"href":"https:\/\/www.au-pays-des-merveilles.com\/blog\/wp-json\/wp\/v2\/comments?post=13153"}],"version-history":[{"count":0,"href":"https:\/\/www.au-pays-des-merveilles.com\/blog\/wp-json\/wp\/v2\/posts\/13153\/revisions"}],"wp:attachment":[{"href":"https:\/\/www.au-pays-des-merveilles.com\/blog\/wp-json\/wp\/v2\/media?parent=13153"}],"wp:term":[{"taxonomy":"category","embeddable":true,"href":"https:\/\/www.au-pays-des-merveilles.com\/blog\/wp-json\/wp\/v2\/categories?post=13153"},{"taxonomy":"post_tag","embeddable":true,"href":"https:\/\/www.au-pays-des-merveilles.com\/blog\/wp-json\/wp\/v2\/tags?post=13153"}],"curies":[{"name":"wp","href":"https:\/\/api.w.org\/{rel}","templated":true}]}}