{"id":13283,"date":"2013-10-12T17:10:46","date_gmt":"2013-10-12T15:10:46","guid":{"rendered":"http:\/\/www.au-pays-des-merveilles.com\/blog\/?p=13283"},"modified":"2019-01-14T11:22:08","modified_gmt":"2019-01-14T09:22:08","slug":"multicity","status":"publish","type":"post","link":"https:\/\/www.au-pays-des-merveilles.com\/blog\/2013\/10\/12\/multicity\/","title":{"rendered":"Et si je louais la voiture du voisin ?"},"content":{"rendered":"<p style=\"text-align: center;\"><img loading=\"lazy\" decoding=\"async\" class=\"aligncenter  wp-image-13286\" alt=\"CIMD_1204296_citroen_multicity\" src=\"https:\/\/www.au-pays-des-merveilles.com\/blog\/wp-content\/uploads\/2013\/10\/CIMD_1204296_citroen_multicity-1024x512.jpg\" width=\"614\" height=\"307\" srcset=\"https:\/\/www.au-pays-des-merveilles.com\/blog\/wp-content\/uploads\/2013\/10\/CIMD_1204296_citroen_multicity-1024x512.jpg 1024w, https:\/\/www.au-pays-des-merveilles.com\/blog\/wp-content\/uploads\/2013\/10\/CIMD_1204296_citroen_multicity-300x150.jpg 300w, https:\/\/www.au-pays-des-merveilles.com\/blog\/wp-content\/uploads\/2013\/10\/CIMD_1204296_citroen_multicity.jpg 1800w\" sizes=\"auto, (max-width: 614px) 100vw, 614px\" \/><\/p>\n<p style=\"text-align: justify;\">Est ce que vous saviez qu&rsquo;en moyenne votre voiture vous co\u00fbte environ 5 812 \u20ac par an ? Nan ? ben moi non plus ! Et alors quand on sait qu&rsquo;elle reste au garage plus de 95% du temps, \u00e7a fait mal au &#8230; En m\u00eame temps, quand on voit le prix de l&rsquo;essence, les parkings, les p\u00e9ages, les r\u00e9parations \u00e9ventuelles et autres r\u00e9jouissances, on se demande si on ne ferait pas mieux de prendre le bus !<\/p>\n<p style=\"text-align: justify;\">Et ben NAN M&rsquo;sieurs Dames ! Because j&rsquo;ai LA solution : <strong>le partage de v\u00e9hicules<\/strong> ! Plut\u00f4t que de se saigner pendant des ann\u00e9es dans l&rsquo;achat d&rsquo;une voiture, pourquoi ne pas tester la location de voiture entre particuliers ?! J&rsquo;ai trouv\u00e9 \u00e7a sur le site de\u00a0CITRO\u00cbN, \u00e7a s&rsquo;appelle\u00a0MULTICITY. Il apporte de nouvelles solutions de mobilit\u00e9 autour de\u00a0<strong>l\u2019auto-partag\u00e9e<\/strong>\u00a0avec un\u00a0<strong>service de micro-location entre particuliers.\u00a0<\/strong><\/p>\n<p style=\"text-align: justify;\">Avec ce service, <strong>CITRO\u00cbN MULTICITY<\/strong> permet \u00e0 :<\/p>\n<p style=\"text-align: justify;\">&#8211; des\u00a0<strong>propri\u00e9taires<\/strong>\u00a0de v\u00e9hicule de mettre \u00e0 disposition leur automobile et de la louer en toute confiance via une plateforme d\u2019\u00e9changes, de transactions s\u00e9curis\u00e9es, un contrat de location et une assurance compl\u00e9mentaire.<br \/>\nLe propri\u00e9taire d\u00e9cide du lieu de rendez-vous et du tarif de location.\u00a0Ceux-ci peuvent ainsi r\u00e9duire le co\u00fbt \u00e0 l\u2019usage de leur v\u00e9hicule.<\/p>\n<p style=\"text-align: justify;\">&#8211; des\u00a0<strong>locataires\u00a0<\/strong>d\u2019acc\u00e9der \u00e0 une large gamme de v\u00e9hicules en priorit\u00e9 labellis\u00e9s (entretien, r\u00e9vision\u2026) \u00e0 proximit\u00e9 de chez eux, selon leurs besoins, en toute facilit\u00e9.<br \/>\nLa r\u00e9servation s\u2019effectue directement sur le site CITRO\u00cbN MULTICITY et la <strong>transaction<\/strong> est <strong>enti\u00e8rement s\u00e9curis\u00e9e<\/strong> via ce site.\u00a0Une solution alternative, s\u00e9curis\u00e9e et compl\u00e9mentaire de la location en agence.<\/p>\n<p style=\"text-align: justify;\">\u00a0Si vous avez des r\u00e9serves concernant les risques &#8230; tout est pr\u00e9vu pour que vous\u00a0ayez l\u2019esprit tranquille puisque l&rsquo;<strong>assurance<\/strong>\u00a0<strong>MMA<\/strong>\u00a0prot\u00e8ge \u00e0 la fois le propri\u00e9taire en cas d\u2019amende et de d\u00e9gradation du v\u00e9hicule, et le locataire en cas d\u2019accident.<\/p>\n<p style=\"text-align: justify;\">Comment \u00e7a marche ? on vous explique tout ici !<\/p>\n<p style=\"text-align: center;\"><img loading=\"lazy\" decoding=\"async\" class=\"aligncenter  wp-image-13287\" alt=\"infographie_Citroen-multicity-location-de-voitures-entre-particuliers\" src=\"https:\/\/www.au-pays-des-merveilles.com\/blog\/wp-content\/uploads\/2013\/10\/infographie_Citroen-multicity-location-de-voitures-entre-particuliers.jpg\" width=\"628\" height=\"4051\" \/><\/p>\n<p>Moi j&rsquo;ai d\u00e9j\u00e0 ma petite bombe mais en y regardant de plus pr\u00e8s, et vu que je ne peux pas me payer la d\u00e9capotable dernier cri (ah bon ?), j&rsquo;ai look\u00e9 les voitures de mes voisins et je peux vous dire que je vais certainement louer la petite coup\u00e9e \u00e0 deux quartiers de chez moi histoire de faire ma cr\u00e2neuse sur la Croisette !<\/p>\n<p>Je vous montre \u00e7a tout bient\u00f4t !<\/p>\n<p>&nbsp;<\/p>\n<p><script id=\"bp-disclaimer\" type=\"text\/javascript\" src=\"http:\/\/api.buzzparadise.com\/scripts\/disclaimer\/bp-disclaimer.js?disclaimer=disclaimer_txt1_fr.gif&#038;blog=7735&#038;campaign=1973\"><\/script><\/p>\n","protected":false},"excerpt":{"rendered":"<p>Est ce que vous saviez qu&rsquo;en moyenne votre voiture vous co\u00fbte environ 5 812 \u20ac par an ? Nan ? ben moi non plus ! Et alors quand on sait qu&rsquo;elle reste au garage plus de 95% du temps, \u00e7a fait mal au &#8230; En m\u00eame temps, quand on voit le prix de l&rsquo;essence, les<\/p>\n","protected":false},"author":1,"featured_media":0,"comment_status":"open","ping_status":"open","sticky":false,"template":"","format":"standard","meta":{"footnotes":""},"categories":[20],"tags":[185,43,1156,1157],"class_list":["post-13283","post","type-post","status-publish","format-standard","hentry","category-buzz","tag-buzz-2","tag-buzzparadise","tag-citroen","tag-multicity"],"_links":{"self":[{"href":"https:\/\/www.au-pays-des-merveilles.com\/blog\/wp-json\/wp\/v2\/posts\/13283","targetHints":{"allow":["GET"]}}],"collection":[{"href":"https:\/\/www.au-pays-des-merveilles.com\/blog\/wp-json\/wp\/v2\/posts"}],"about":[{"href":"https:\/\/www.au-pays-des-merveilles.com\/blog\/wp-json\/wp\/v2\/types\/post"}],"author":[{"embeddable":true,"href":"https:\/\/www.au-pays-des-merveilles.com\/blog\/wp-json\/wp\/v2\/users\/1"}],"replies":[{"embeddable":true,"href":"https:\/\/www.au-pays-des-merveilles.com\/blog\/wp-json\/wp\/v2\/comments?post=13283"}],"version-history":[{"count":0,"href":"https:\/\/www.au-pays-des-merveilles.com\/blog\/wp-json\/wp\/v2\/posts\/13283\/revisions"}],"wp:attachment":[{"href":"https:\/\/www.au-pays-des-merveilles.com\/blog\/wp-json\/wp\/v2\/media?parent=13283"}],"wp:term":[{"taxonomy":"category","embeddable":true,"href":"https:\/\/www.au-pays-des-merveilles.com\/blog\/wp-json\/wp\/v2\/categories?post=13283"},{"taxonomy":"post_tag","embeddable":true,"href":"https:\/\/www.au-pays-des-merveilles.com\/blog\/wp-json\/wp\/v2\/tags?post=13283"}],"curies":[{"name":"wp","href":"https:\/\/api.w.org\/{rel}","templated":true}]}}