{"id":13462,"date":"2013-12-04T08:00:11","date_gmt":"2013-12-04T07:00:11","guid":{"rendered":"http:\/\/www.au-pays-des-merveilles.com\/blog\/?p=13462"},"modified":"2019-10-27T20:48:40","modified_gmt":"2019-10-27T18:48:40","slug":"%e2%9c%ae-idee-kdo-%e2%9c%ae-le-kit-papeterie-josephine","status":"publish","type":"post","link":"https:\/\/www.au-pays-des-merveilles.com\/blog\/2013\/12\/04\/%e2%9c%ae-idee-kdo-%e2%9c%ae-le-kit-papeterie-josephine\/","title":{"rendered":"\u272e Id\u00e9e Kdo \u272e le kit papeterie special \u00ab\u00a0Josephine\u00a0\u00bb"},"content":{"rendered":"<p style=\"text-align: justify;\"><img loading=\"lazy\" decoding=\"async\" class=\"alignright  wp-image-13466\" alt=\"40754_288250689995_1493248_n\" src=\"https:\/\/www.au-pays-des-merveilles.com\/blog\/wp-content\/uploads\/2013\/12\/40754_288250689995_1493248_n.jpg\" width=\"220\" height=\"311\" srcset=\"https:\/\/www.au-pays-des-merveilles.com\/blog\/wp-content\/uploads\/2013\/12\/40754_288250689995_1493248_n.jpg 509w, https:\/\/www.au-pays-des-merveilles.com\/blog\/wp-content\/uploads\/2013\/12\/40754_288250689995_1493248_n-212x300.jpg 212w\" sizes=\"auto, (max-width: 220px) 100vw, 220px\" \/>Connaissez vous\u00a0<a rel=\"nofollow noopener noreferrer\" rel=\"nofollow noopener noreferrer\" href=\"http:\/\/josephinebeaute.fr\/\" target=\"_blank\">Josephine<\/a> ?\u00a0Cr\u00e9\u00e9e en 2006 par Lucia Iraci, l\u2019association\u00a0<i>Jos\u00e9phine<\/i>\u00a0pour la beaut\u00e9 des femmes a pour mission de r\u00e9concilier les femmes les plus d\u00e9munies avec leur image et de leur redonner le plaisir de prendre soin d\u2019elles gr\u00e2ce \u00e0 des soins r\u00e9alis\u00e9s par des professionnels lors d&rsquo;ateliers de mise en beaut\u00e9. Ainsi,\u00a0<i>Jos\u00e9phine<\/i>\u00a0offre \u00e0 ces femmes un luxe qu\u2019elles croyaient d\u00e9sormais inaccessibles, voire interdits.<\/p>\n<p style=\"text-align: justify;\"><img loading=\"lazy\" decoding=\"async\" class=\"alignleft size-full wp-image-13464\" style=\"margin: 10px;\" alt=\"424523_450079759995_1207260659_n\" src=\"https:\/\/www.au-pays-des-merveilles.com\/blog\/wp-content\/uploads\/2013\/12\/424523_450079759995_1207260659_n.jpg\" width=\"206\" height=\"290\" \/>Dans la conjoncture actuelle, il est tr\u00e8s difficile de s\u2019en sortir sans solidarit\u00e9.\u00a0Le Salon Jos\u00e9phine est un lieu de partage qui, au-del\u00e0 des soins de beaut\u00e9 pratiqu\u00e9s, offre un soutien moral permanent pour que les femmes les plus d\u00e9munies.<\/p>\n<div style=\"text-align: justify;\">\n<div>Depuis l\u02bcouverture, Jos\u00e9phine Paris a accueilli plus de 3000 femmes et\u00a0plus de 1200 femmes ont \u00e9t\u00e9\u00a0re\u00e7ues au salon\u00a0Jos\u00e9phine Tours depuis un an.<\/div>\n<div><\/div>\n<div><img loading=\"lazy\" decoding=\"async\" class=\"aligncenter  wp-image-13467\" alt=\"kit-josephine-05\" src=\"https:\/\/www.au-pays-des-merveilles.com\/blog\/wp-content\/uploads\/2013\/12\/kit-josephine-05-1024x683.jpg\" width=\"614\" height=\"410\" srcset=\"https:\/\/www.au-pays-des-merveilles.com\/blog\/wp-content\/uploads\/2013\/12\/kit-josephine-05-1024x683.jpg 1024w, https:\/\/www.au-pays-des-merveilles.com\/blog\/wp-content\/uploads\/2013\/12\/kit-josephine-05-300x200.jpg 300w\" sizes=\"auto, (max-width: 614px) 100vw, 614px\" \/><\/div>\n<\/div>\n<div style=\"text-align: justify;\"><\/div>\n<div>\n<p style=\"text-align: justify;\">Pour continuer \u00e0 mener ses actions et pour poursuivre de nouveaux projets, Jos\u00e9phine a besoin de dons : selon les moyens de chacun, chaque participation est importante (et d\u00e9ductible des imp\u00f4ts). Alors, histoire de participer, nous aussi, \u00e0 cette belle action, et parce que No\u00ebl approche , la Petite Papeterie Fran\u00e7aise propose un kit special \u00ab\u00a0Josephine\u00a0\u00bb compos\u00e9 d&rsquo;un stylo 849 Caran d&rsquo;Ache rose fluo, de deux rouleaux de papier adh\u00e9sif Masking Tape et d&rsquo;un carnet 100% made in France au graphisme design et \u00e9l\u00e9gant \u00ab\u00a0Ma po\u00e9sie\u00a0\u00bb.<\/p>\n<p style=\"text-align: justify;\">\u00a0Sensible \u00e0 la cause f\u00e9minine, Sylvie B\u00e9tard fondatrice de La Petite Papeterie Fran\u00e7aise a tout naturellement imagin\u00e9 ce kit \u00ab\u00a0L&rsquo;\u00e9vidence m\u00eame de soutenir la cause des femmes en difficult\u00e9 m&rsquo;a amen\u00e9e \u00e0 composer avec soin ce kit aux couleurs de cette h\u00e9roine moderne\u00a0\u00bb.<\/p>\n<p style=\"text-align: justify;\">La Petite Papeterie Fran\u00e7aise est fi\u00e8re de reverser l&rsquo;int\u00e9gralit\u00e9 des b\u00e9n\u00e9fices \u00e0 l&rsquo;Association Jos\u00e9phine pour la beaut\u00e9 des femmes.<\/p>\n<p style=\"text-align: justify;\">Ce kit est vendu sur www.lapetitepapeteriefrancaise.fr au prix de 33\u20ac<\/p>\n<\/div>\n","protected":false},"excerpt":{"rendered":"<p>Connaissez vous\u00a0Josephine ?\u00a0Cr\u00e9\u00e9e en 2006 par Lucia Iraci, l\u2019association\u00a0Jos\u00e9phine\u00a0pour la beaut\u00e9 des femmes a pour mission de r\u00e9concilier les femmes les plus d\u00e9munies avec leur image et de leur redonner le plaisir de prendre soin d\u2019elles gr\u00e2ce \u00e0 des soins r\u00e9alis\u00e9s par des professionnels lors d&rsquo;ateliers de mise en beaut\u00e9. Ainsi,\u00a0Jos\u00e9phine\u00a0offre \u00e0 ces femmes un<\/p>\n","protected":false},"author":1,"featured_media":0,"comment_status":"open","ping_status":"open","sticky":false,"template":"","format":"standard","meta":{"footnotes":""},"categories":[20,8],"tags":[245,1184,1185,255],"class_list":["post-13462","post","type-post","status-publish","format-standard","hentry","category-buzz","category-jolies-choses","tag-cadeau","tag-josephine","tag-la-petite-papeterie-francaise","tag-noel"],"_links":{"self":[{"href":"https:\/\/www.au-pays-des-merveilles.com\/blog\/wp-json\/wp\/v2\/posts\/13462","targetHints":{"allow":["GET"]}}],"collection":[{"href":"https:\/\/www.au-pays-des-merveilles.com\/blog\/wp-json\/wp\/v2\/posts"}],"about":[{"href":"https:\/\/www.au-pays-des-merveilles.com\/blog\/wp-json\/wp\/v2\/types\/post"}],"author":[{"embeddable":true,"href":"https:\/\/www.au-pays-des-merveilles.com\/blog\/wp-json\/wp\/v2\/users\/1"}],"replies":[{"embeddable":true,"href":"https:\/\/www.au-pays-des-merveilles.com\/blog\/wp-json\/wp\/v2\/comments?post=13462"}],"version-history":[{"count":0,"href":"https:\/\/www.au-pays-des-merveilles.com\/blog\/wp-json\/wp\/v2\/posts\/13462\/revisions"}],"wp:attachment":[{"href":"https:\/\/www.au-pays-des-merveilles.com\/blog\/wp-json\/wp\/v2\/media?parent=13462"}],"wp:term":[{"taxonomy":"category","embeddable":true,"href":"https:\/\/www.au-pays-des-merveilles.com\/blog\/wp-json\/wp\/v2\/categories?post=13462"},{"taxonomy":"post_tag","embeddable":true,"href":"https:\/\/www.au-pays-des-merveilles.com\/blog\/wp-json\/wp\/v2\/tags?post=13462"}],"curies":[{"name":"wp","href":"https:\/\/api.w.org\/{rel}","templated":true}]}}