{"id":13531,"date":"2013-12-30T08:00:26","date_gmt":"2013-12-30T07:00:26","guid":{"rendered":"http:\/\/www.au-pays-des-merveilles.com\/blog\/?p=13531"},"modified":"2019-03-22T17:17:03","modified_gmt":"2019-03-22T15:17:03","slug":"tenue-de-fete","status":"publish","type":"post","link":"https:\/\/www.au-pays-des-merveilles.com\/blog\/2013\/12\/30\/tenue-de-fete\/","title":{"rendered":"Tenue de f\u00eate \u272e"},"content":{"rendered":"<p>Bon, les filles, qu&rsquo;est ce qu&rsquo;on met pour le r\u00e9veillon du 31 ? J&rsquo;ai zieut\u00e9 un peu les boutiques et je vous avoue que j&rsquo;ai bloqu\u00e9 complet sur cette tenue :<\/p>\n<p style=\"text-align: center;\"><img loading=\"lazy\" decoding=\"async\" class=\"aligncenter  wp-image-13535\" src=\"https:\/\/www.au-pays-des-merveilles.com\/blog\/wp-content\/uploads\/2014\/12\/collection_visuel_look_femme_ah13_54-1.jpg\" alt=\"collection_visuel_look_femme_ah13_54-1\" width=\"428\" height=\"644\" srcset=\"https:\/\/www.au-pays-des-merveilles.com\/blog\/wp-content\/uploads\/2014\/12\/collection_visuel_look_femme_ah13_54-1.jpg 475w, https:\/\/www.au-pays-des-merveilles.com\/blog\/wp-content\/uploads\/2014\/12\/collection_visuel_look_femme_ah13_54-1-199x300.jpg 199w\" sizes=\"auto, (max-width: 428px) 100vw, 428px\" \/><\/p>\n<p>La robe bustier tutu NAF NAF (70 \u20ac) avec la veste de smock&rsquo; NAF NAF (90\u20ac), je la trouve tellement classe et quoi de mieux que le r\u00e9veillon de la St Sylvestre pour mettre un tutu, hein ?! je vous le demande !<\/p>\n<p>Avec \u00e7a, on rajoute une <a href=\"http:\/\/www.spartoo.com\/Escarpin-femme-st-10217-10134-0.php\" target=\"_blank\" rel=\"nofollow noopener noreferrer\">jolie paire d&rsquo;escarpins<\/a>\u00a0<a rel=\"nofollow noopener noreferrer\" href=\"http:\/\/www.spartoo.com\/Rupert-Sanderson-WANDA-x149331.php\" target=\"_blank\">Rupert Sanderson via Spartoo<\/a> so chic\u00a0:<\/p>\n<p><img loading=\"lazy\" decoding=\"async\" class=\"aligncenter size-full wp-image-13536\" src=\"https:\/\/www.au-pays-des-merveilles.com\/blog\/wp-content\/uploads\/2014\/12\/149331_350_A.jpg\" alt=\"149331_350_A\" width=\"350\" height=\"350\" srcset=\"https:\/\/www.au-pays-des-merveilles.com\/blog\/wp-content\/uploads\/2014\/12\/149331_350_A.jpg 350w, https:\/\/www.au-pays-des-merveilles.com\/blog\/wp-content\/uploads\/2014\/12\/149331_350_A-150x150.jpg 150w, https:\/\/www.au-pays-des-merveilles.com\/blog\/wp-content\/uploads\/2014\/12\/149331_350_A-300x300.jpg 300w\" sizes=\"auto, (max-width: 350px) 100vw, 350px\" \/><\/p>\n<p>&nbsp;<\/p>\n<p>Et on parfait le tout avec le make-up qui brille, le kit <a rel=\"nofollow\" href=\"http:\/\/www.sephora.fr\/Maquillage\/Palettes-Coffrets\/Multi-usage\/Sparkler-Kit-de-Maquillage\/P1608016\" target=\"_blank\" rel=\"nofollow noopener noreferrer\">New Sparkler de Front Cover<\/a>, chez <a rel=\"nofollow\" href=\"http:\/\/www.sephora.fr\/\" target=\"_blank\" rel=\"nofollow noopener noreferrer\">Sephoraaaa<\/a><\/p>\n<p><img loading=\"lazy\" decoding=\"async\" class=\"aligncenter size-full wp-image-13537\" src=\"https:\/\/www.au-pays-des-merveilles.com\/blog\/wp-content\/uploads\/2014\/12\/m7390691_P1608016_princ_la.jpg\" alt=\"m7390691_P1608016_princ_la\" width=\"500\" height=\"500\" srcset=\"https:\/\/www.au-pays-des-merveilles.com\/blog\/wp-content\/uploads\/2014\/12\/m7390691_P1608016_princ_la.jpg 500w, https:\/\/www.au-pays-des-merveilles.com\/blog\/wp-content\/uploads\/2014\/12\/m7390691_P1608016_princ_la-150x150.jpg 150w, https:\/\/www.au-pays-des-merveilles.com\/blog\/wp-content\/uploads\/2014\/12\/m7390691_P1608016_princ_la-300x300.jpg 300w\" sizes=\"auto, (max-width: 500px) 100vw, 500px\" \/><\/p>\n<p>Bon ben j&rsquo;ai envie de vous dire qu&rsquo;il reste qu&rsquo;une journ\u00e9e pour trouver tout \u00e7a &#8230; on est large !!<\/p>\n<p>Bon r\u00e9veillon les minettes !<\/p>\n","protected":false},"excerpt":{"rendered":"<p>Bon, les filles, qu&rsquo;est ce qu&rsquo;on met pour le r\u00e9veillon du 31 ? J&rsquo;ai zieut\u00e9 un peu les boutiques et je vous avoue que j&rsquo;ai bloqu\u00e9 complet sur cette tenue : La robe bustier tutu NAF NAF (70 \u20ac) avec la veste de smock&rsquo; NAF NAF (90\u20ac), je la trouve tellement classe et quoi de<\/p>\n","protected":false},"author":1,"featured_media":0,"comment_status":"open","ping_status":"open","sticky":false,"template":"","format":"standard","meta":{"footnotes":""},"categories":[36],"tags":[581,1158,1006,1191,1192,106,930,1193],"class_list":["post-13531","post","type-post","status-publish","format-standard","hentry","category-fashion-no-victim","tag-chaussures","tag-escarpins","tag-front-cover","tag-naf-naf","tag-robe-bustier","tag-sephora","tag-spartoo","tag-veste-smocking"],"_links":{"self":[{"href":"https:\/\/www.au-pays-des-merveilles.com\/blog\/wp-json\/wp\/v2\/posts\/13531","targetHints":{"allow":["GET"]}}],"collection":[{"href":"https:\/\/www.au-pays-des-merveilles.com\/blog\/wp-json\/wp\/v2\/posts"}],"about":[{"href":"https:\/\/www.au-pays-des-merveilles.com\/blog\/wp-json\/wp\/v2\/types\/post"}],"author":[{"embeddable":true,"href":"https:\/\/www.au-pays-des-merveilles.com\/blog\/wp-json\/wp\/v2\/users\/1"}],"replies":[{"embeddable":true,"href":"https:\/\/www.au-pays-des-merveilles.com\/blog\/wp-json\/wp\/v2\/comments?post=13531"}],"version-history":[{"count":0,"href":"https:\/\/www.au-pays-des-merveilles.com\/blog\/wp-json\/wp\/v2\/posts\/13531\/revisions"}],"wp:attachment":[{"href":"https:\/\/www.au-pays-des-merveilles.com\/blog\/wp-json\/wp\/v2\/media?parent=13531"}],"wp:term":[{"taxonomy":"category","embeddable":true,"href":"https:\/\/www.au-pays-des-merveilles.com\/blog\/wp-json\/wp\/v2\/categories?post=13531"},{"taxonomy":"post_tag","embeddable":true,"href":"https:\/\/www.au-pays-des-merveilles.com\/blog\/wp-json\/wp\/v2\/tags?post=13531"}],"curies":[{"name":"wp","href":"https:\/\/api.w.org\/{rel}","templated":true}]}}