{"id":13540,"date":"2013-12-31T10:00:06","date_gmt":"2013-12-31T09:00:06","guid":{"rendered":"http:\/\/www.au-pays-des-merveilles.com\/blog\/?p=13540"},"modified":"2019-03-22T17:17:03","modified_gmt":"2019-03-22T15:17:03","slug":"%e2%98%85%e2%98%86-2013-p12-%e2%98%86%e2%98%85-the-end","status":"publish","type":"post","link":"https:\/\/www.au-pays-des-merveilles.com\/blog\/2013\/12\/31\/%e2%98%85%e2%98%86-2013-p12-%e2%98%86%e2%98%85-the-end\/","title":{"rendered":"\u2605\u2606 2013 &#8211; P12 \u2606\u2605 The End !"},"content":{"rendered":"<p style=\"text-align: center;\"><img loading=\"lazy\" decoding=\"async\" class=\"aligncenter wp-image-13541\" src=\"https:\/\/www.au-pays-des-merveilles.com\/blog\/wp-content\/uploads\/2013\/12\/Au_Pays_Des_Merveilles.jpg\" alt=\"Au_Pays_Des_Merveilles\" width=\"608\" height=\"458\" srcset=\"https:\/\/www.au-pays-des-merveilles.com\/blog\/wp-content\/uploads\/2013\/12\/Au_Pays_Des_Merveilles.jpg 844w, https:\/\/www.au-pays-des-merveilles.com\/blog\/wp-content\/uploads\/2013\/12\/Au_Pays_Des_Merveilles-300x226.jpg 300w\" sizes=\"auto, (max-width: 608px) 100vw, 608px\" \/><\/p>\n<p style=\"text-align: center;\">Une ann\u00e9e r\u00e9sum\u00e9e en 12 photos, c&rsquo;est chouette non ?! Au final, on se rend compte que le temps passe quand m\u00eame super vite et que m\u00eame avec une seule photo \u00e0 faire par mois, on n&rsquo;a pas forc\u00e9ment le temps de fignoler le tout ! Pour la peine, je renquille l&rsquo;ann\u00e9e prochaine avec un autre P12 et de nouveaux th\u00e8mes !<\/p>\n<p style=\"text-align: center;\"><em>Je vous fais le post toudisuite !<\/em><\/p>\n<p style=\"text-align: center;\">J&rsquo;ai \u00e9t\u00e9 \u00e9merveill\u00e9e tout au long de l&rsquo;ann\u00e9e par les photos de mes flickeriens dans le groupe\u00a0<a rel=\"nofollow\" rel=\"nofollow noopener noreferrer\" href=\"http:\/\/www.flickr.com\/groups\/2013-p12\/\" target=\"_blank\" rel=\"nofollow noopener\">\u2605\u26062013 &#8211; P12\u2606\u2605<\/a> ! Pour la peine, je vais vous montrer quelques mosaiques (du moins ceux qui ont bien voulu m&rsquo;en faire part parce que j&rsquo;ai l&rsquo;impression que beaucoup ont l\u00e2ch\u00e9 l&rsquo;affaire cette ann\u00e9e !!)<\/p>\n<p style=\"text-align: center;\">LOOK :<\/p>\n<p style=\"text-align: center;\"><img loading=\"lazy\" decoding=\"async\" class=\"aligncenter size-full wp-image-13547\" src=\"https:\/\/www.au-pays-des-merveilles.com\/blog\/wp-content\/uploads\/2014\/12\/11476558083_af3830bbfb.jpg\" alt=\"11476558083_af3830bbfb\" width=\"500\" height=\"221\" srcset=\"https:\/\/www.au-pays-des-merveilles.com\/blog\/wp-content\/uploads\/2014\/12\/11476558083_af3830bbfb.jpg 500w, https:\/\/www.au-pays-des-merveilles.com\/blog\/wp-content\/uploads\/2014\/12\/11476558083_af3830bbfb-300x132.jpg 300w\" sizes=\"auto, (max-width: 500px) 100vw, 500px\" \/><\/p>\n<p style=\"text-align: center;\"><a id=\"yui_3_11_0_3_1388422321830_1054\" href=\"http:\/\/www.flickr.com\/photos\/14927119@N02\/\" rel=\"nofollow\" data-track=\"photoAttributionNameClick\" data-rapid_p=\"3\">Frederique RP<\/a><\/p>\n<p style=\"text-align: center;\"><img loading=\"lazy\" decoding=\"async\" class=\"aligncenter size-full wp-image-13550\" src=\"https:\/\/www.au-pays-des-merveilles.com\/blog\/wp-content\/uploads\/2014\/12\/11492336795_193c9ab7021.jpg\" alt=\"11492336795_193c9ab702\" width=\"500\" height=\"375\" srcset=\"https:\/\/www.au-pays-des-merveilles.com\/blog\/wp-content\/uploads\/2014\/12\/11492336795_193c9ab7021.jpg 500w, https:\/\/www.au-pays-des-merveilles.com\/blog\/wp-content\/uploads\/2014\/12\/11492336795_193c9ab7021-300x225.jpg 300w\" sizes=\"auto, (max-width: 500px) 100vw, 500px\" \/><\/p>\n<p style=\"text-align: center;\"><a id=\"yui_3_11_0_3_1388422424532_1103\" href=\"http:\/\/www.flickr.com\/photos\/elpadawan\/\" rel=\"nofollow\" data-track=\"photoAttributionNameClick\" data-rapid_p=\"3\">elPadawan<\/a><\/p>\n<p style=\"text-align: center;\"><img loading=\"lazy\" decoding=\"async\" class=\"aligncenter size-full wp-image-13552\" src=\"https:\/\/www.au-pays-des-merveilles.com\/blog\/wp-content\/uploads\/2014\/12\/11516760946_7aae68b39d.jpg\" alt=\"11516760946_7aae68b39d\" width=\"500\" height=\"399\" srcset=\"https:\/\/www.au-pays-des-merveilles.com\/blog\/wp-content\/uploads\/2014\/12\/11516760946_7aae68b39d.jpg 500w, https:\/\/www.au-pays-des-merveilles.com\/blog\/wp-content\/uploads\/2014\/12\/11516760946_7aae68b39d-300x239.jpg 300w\" sizes=\"auto, (max-width: 500px) 100vw, 500px\" \/><\/p>\n<p style=\"text-align: center;\">Chez Pitch<\/p>\n<p style=\"text-align: center;\"><img loading=\"lazy\" decoding=\"async\" class=\"aligncenter size-full wp-image-13554\" src=\"https:\/\/www.au-pays-des-merveilles.com\/blog\/wp-content\/uploads\/2014\/12\/11570818155_54f90947f5.jpg\" alt=\"11570818155_54f90947f5\" width=\"500\" height=\"500\" srcset=\"https:\/\/www.au-pays-des-merveilles.com\/blog\/wp-content\/uploads\/2014\/12\/11570818155_54f90947f5.jpg 500w, https:\/\/www.au-pays-des-merveilles.com\/blog\/wp-content\/uploads\/2014\/12\/11570818155_54f90947f5-150x150.jpg 150w, https:\/\/www.au-pays-des-merveilles.com\/blog\/wp-content\/uploads\/2014\/12\/11570818155_54f90947f5-300x300.jpg 300w\" sizes=\"auto, (max-width: 500px) 100vw, 500px\" \/><\/p>\n<p style=\"text-align: center;\"><a id=\"yui_3_11_0_3_1388422669038_1105\" href=\"http:\/\/www.flickr.com\/photos\/knitspirit\/\" rel=\"nofollow\" data-track=\"photoAttributionNameClick\" data-rapid_p=\"3\">Ga\u00eblle aka Knit Spirit<\/a><\/p>\n<p>&nbsp;<\/p>\n<p>Beau !! &#8230; et on garde ainsi de jolis souvenirs (les bons comme les mauvais d&rsquo;ailleurs ! haha !) &#8230; Allez, on y retourne ?!<\/p>\n","protected":false},"excerpt":{"rendered":"<p>Une ann\u00e9e r\u00e9sum\u00e9e en 12 photos, c&rsquo;est chouette non ?! Au final, on se rend compte que le temps passe quand m\u00eame super vite et que m\u00eame avec une seule photo \u00e0 faire par mois, on n&rsquo;a pas forc\u00e9ment le temps de fignoler le tout ! Pour la peine, je renquille l&rsquo;ann\u00e9e prochaine avec un<\/p>\n","protected":false},"author":1,"featured_media":0,"comment_status":"open","ping_status":"open","sticky":false,"template":"","format":"standard","meta":{"footnotes":""},"categories":[921],"tags":[352,922,727],"class_list":["post-13540","post","type-post","status-publish","format-standard","hentry","category-defi-photo-p12","tag-flickr","tag-p12","tag-photos"],"_links":{"self":[{"href":"https:\/\/www.au-pays-des-merveilles.com\/blog\/wp-json\/wp\/v2\/posts\/13540","targetHints":{"allow":["GET"]}}],"collection":[{"href":"https:\/\/www.au-pays-des-merveilles.com\/blog\/wp-json\/wp\/v2\/posts"}],"about":[{"href":"https:\/\/www.au-pays-des-merveilles.com\/blog\/wp-json\/wp\/v2\/types\/post"}],"author":[{"embeddable":true,"href":"https:\/\/www.au-pays-des-merveilles.com\/blog\/wp-json\/wp\/v2\/users\/1"}],"replies":[{"embeddable":true,"href":"https:\/\/www.au-pays-des-merveilles.com\/blog\/wp-json\/wp\/v2\/comments?post=13540"}],"version-history":[{"count":0,"href":"https:\/\/www.au-pays-des-merveilles.com\/blog\/wp-json\/wp\/v2\/posts\/13540\/revisions"}],"wp:attachment":[{"href":"https:\/\/www.au-pays-des-merveilles.com\/blog\/wp-json\/wp\/v2\/media?parent=13540"}],"wp:term":[{"taxonomy":"category","embeddable":true,"href":"https:\/\/www.au-pays-des-merveilles.com\/blog\/wp-json\/wp\/v2\/categories?post=13540"},{"taxonomy":"post_tag","embeddable":true,"href":"https:\/\/www.au-pays-des-merveilles.com\/blog\/wp-json\/wp\/v2\/tags?post=13540"}],"curies":[{"name":"wp","href":"https:\/\/api.w.org\/{rel}","templated":true}]}}