{"id":13558,"date":"2014-01-01T00:01:32","date_gmt":"2013-12-31T23:01:32","guid":{"rendered":"http:\/\/www.au-pays-des-merveilles.com\/blog\/?p=13558"},"modified":"2019-04-28T12:14:17","modified_gmt":"2019-04-28T10:14:17","slug":"%e2%98%85%e2%98%86-2014-p12-%e2%98%86%e2%98%85","status":"publish","type":"post","link":"https:\/\/www.au-pays-des-merveilles.com\/blog\/2014\/01\/01\/%e2%98%85%e2%98%86-2014-p12-%e2%98%86%e2%98%85\/","title":{"rendered":"\u2605\u2606 2014 &#8211; P12 \u2606\u2605"},"content":{"rendered":"<p><img loading=\"lazy\" decoding=\"async\" class=\"aligncenter size-full wp-image-13559\" src=\"https:\/\/www.au-pays-des-merveilles.com\/blog\/wp-content\/uploads\/2013\/12\/P12web.jpg\" alt=\"P12web\" width=\"447\" height=\"635\" srcset=\"https:\/\/www.au-pays-des-merveilles.com\/blog\/wp-content\/uploads\/2013\/12\/P12web.jpg 447w, https:\/\/www.au-pays-des-merveilles.com\/blog\/wp-content\/uploads\/2013\/12\/P12web-211x300.jpg 211w\" sizes=\"auto, (max-width: 447px) 100vw, 447px\" \/><\/p>\n<h1 style=\"text-align: center;\"><em>BONNE ANNEE !\u00a0<\/em><\/h1>\n<p style=\"text-align: center;\">Et pour la commencer en beaut\u00e9, on se refait un petit <a href=\"https:\/\/www.au-pays-des-merveilles.com\/blog\/2012\/11\/30\/projet-photo-12-2013\/\" target=\"_blank\" rel=\"noopener noreferrer\">P12<\/a> ! On est trop des foufous !!<\/p>\n<p style=\"text-align: center;\">Je vous rappelle<strong> le principe :\u00a0prendre une photo par mois pendant un an<\/strong>.<\/p>\n<p style=\"text-align: center;\">J\u2019ai recr\u00e9\u00e9 un nouveau groupe sur Flickr au nom tr\u00e8s original :<\/p>\n<h1 style=\"text-align: center;\">\u2605\u2606 2014 \u2013 P12 \u2606\u2605<\/h1>\n<p style=\"text-align: center;\">Vous pouvez, bien entendu, en sus du groupe, publier vos photos sur le support de votre choix. Les photos peuvent \u00eatre retouch\u00e9es ou pas \u2026 le but \u00e9tant, comme tous les ans, de S\u2019AMUSER ! \u2026 et de progresser par la m\u00eame occasion ! Z\u00e9ro contrainte \u2026 On ne fait pas de comp\u00e9tition. C\u2019est un projet personnel et non collectif.<\/p>\n<p style=\"text-align: center;\">Pour l\u2019inscription au groupe, vous cliquez sur\u00a0ce lien, vous demandez une invitation et je vous ajoute.<\/p>\n<p style=\"text-align: center;\">Le projet commence aujourd&rsquo;hui !<em> Je pense que je vais reprendre les th\u00e8mes &#8230; \u00e7a aide si on est en manque d&rsquo;inspiration !\u00a0<\/em><\/p>\n","protected":false},"excerpt":{"rendered":"<p>BONNE ANNEE !\u00a0 Et pour la commencer en beaut\u00e9, on se refait un petit P12 ! On est trop des foufous !! Je vous rappelle le principe :\u00a0prendre une photo par mois pendant un an. J\u2019ai recr\u00e9\u00e9 un nouveau groupe sur Flickr au nom tr\u00e8s original : \u2605\u2606 2014 \u2013 P12 \u2606\u2605 Vous pouvez, bien<\/p>\n","protected":false},"author":1,"featured_media":0,"comment_status":"open","ping_status":"open","sticky":false,"template":"","format":"standard","meta":{"footnotes":""},"categories":[921],"tags":[922,195],"class_list":["post-13558","post","type-post","status-publish","format-standard","hentry","category-defi-photo-p12","tag-p12","tag-photo"],"_links":{"self":[{"href":"https:\/\/www.au-pays-des-merveilles.com\/blog\/wp-json\/wp\/v2\/posts\/13558","targetHints":{"allow":["GET"]}}],"collection":[{"href":"https:\/\/www.au-pays-des-merveilles.com\/blog\/wp-json\/wp\/v2\/posts"}],"about":[{"href":"https:\/\/www.au-pays-des-merveilles.com\/blog\/wp-json\/wp\/v2\/types\/post"}],"author":[{"embeddable":true,"href":"https:\/\/www.au-pays-des-merveilles.com\/blog\/wp-json\/wp\/v2\/users\/1"}],"replies":[{"embeddable":true,"href":"https:\/\/www.au-pays-des-merveilles.com\/blog\/wp-json\/wp\/v2\/comments?post=13558"}],"version-history":[{"count":0,"href":"https:\/\/www.au-pays-des-merveilles.com\/blog\/wp-json\/wp\/v2\/posts\/13558\/revisions"}],"wp:attachment":[{"href":"https:\/\/www.au-pays-des-merveilles.com\/blog\/wp-json\/wp\/v2\/media?parent=13558"}],"wp:term":[{"taxonomy":"category","embeddable":true,"href":"https:\/\/www.au-pays-des-merveilles.com\/blog\/wp-json\/wp\/v2\/categories?post=13558"},{"taxonomy":"post_tag","embeddable":true,"href":"https:\/\/www.au-pays-des-merveilles.com\/blog\/wp-json\/wp\/v2\/tags?post=13558"}],"curies":[{"name":"wp","href":"https:\/\/api.w.org\/{rel}","templated":true}]}}