{"id":1517,"date":"2008-09-01T06:40:11","date_gmt":"2008-09-01T04:40:11","guid":{"rendered":"http:\/\/www.au-pays-des-merveilles.com\/blog\/?p=1517"},"modified":"2019-01-14T10:58:46","modified_gmt":"2019-01-14T08:58:46","slug":"italie-autriche-fin-des-vacances","status":"publish","type":"post","link":"https:\/\/www.au-pays-des-merveilles.com\/blog\/2008\/09\/01\/italie-autriche-fin-des-vacances\/","title":{"rendered":"{Carnet de voyages} Italie &#038; Autriche &#8211; Fin des vacances"},"content":{"rendered":"<p>Je vous finis le r\u00e9cit de mes vacances d&rsquo;\u00e9t\u00e9 2008 !<\/p>\n<p>Pour ma troisi\u00e8me semaine de vacances, je suis all\u00e9e \u00e0 <strong>Nice<\/strong> chez Papa-Maman ! j&rsquo;ai pas fait de photos vu que j&rsquo;ai pas mal glandouill\u00e9 au soleil ! \u00e7a sert \u00e0 \u00e7a les vacances aussi !<\/p>\n<p>Quant \u00e0 la derni\u00e8re semaine, direction les Dolomites \u00e0 la fronti\u00e8re de l&rsquo;<strong>Italie<\/strong> et de l&rsquo;<strong>Autriche<\/strong>.<\/p>\n<p>J&rsquo;ai vu des paysages somptueux. Les montagnes sont tr\u00e8s impressionnantes. Il faisait pas tr\u00e8s tr\u00e8s chaud le matin et le soir mais on a eu la chance d&rsquo;avoir des journ\u00e9es tr\u00e8s ensoleill\u00e9es. En revanche, gros point n\u00e9gatif : je n&rsquo;ai jamais vu autant de chauffards de toute ma vie qu&rsquo;en Italie, des vrais malades en bagnole ! le jeu c&rsquo;est d&rsquo;\u00e9viter l&rsquo;autre en fait. Du grand n&rsquo;importe quoi. Quant \u00e0 dire que cette partie de l&rsquo;Italie est tr\u00e8s propre, normal c&rsquo;est parce qu&rsquo;on est presque en Autriche. On retrouve les paysages et les maisons autrichiennes. Donc rien \u00e0 voir avec l&rsquo;Italie &#8230; (<em>je sens que je vais me faire des amis<\/em> !!)<\/p>\n<p>Pour les photos, on clique sur le lac :<\/p>\n<p style=\"text-align: center;\"><img loading=\"lazy\" decoding=\"async\" class=\"aligncenter\" style=\"border: 0px;\" src=\"https:\/\/www.au-pays-des-merveilles.com\/blog\/wp-content\/uploads\/2008\/08\/dsc02560-thumb.jpg\" alt=\"DSC02560\" width=\"474\" height=\"284\" border=\"0\" \/><\/p>\n<p style=\"text-align: center;\">Bon voyage !\u00a0 <img src=\"https:\/\/www.au-pays-des-merveilles.com\/blog\/wp-includes\/images\/smilies\/3.gif\" alt=\";)\" class=\"wp-smiley\" style=\"height: 1em; max-height: 1em;\" \/><\/p>\n","protected":false},"excerpt":{"rendered":"<p>Je vous finis le r\u00e9cit de mes vacances d&rsquo;\u00e9t\u00e9 2008 ! Pour ma troisi\u00e8me semaine de vacances, je suis all\u00e9e \u00e0 Nice chez Papa-Maman ! j&rsquo;ai pas fait de photos vu que j&rsquo;ai pas mal glandouill\u00e9 au soleil ! \u00e7a sert \u00e0 \u00e7a les vacances aussi ! Quant \u00e0 la derni\u00e8re semaine, direction les Dolomites<\/p>\n","protected":false},"author":1,"featured_media":0,"comment_status":"open","ping_status":"open","sticky":false,"template":"","format":"standard","meta":{"footnotes":""},"categories":[11],"tags":[374,1322,135],"class_list":["post-1517","post","type-post","status-publish","format-standard","hentry","category-voyages","tag-autriche","tag-carnet-de-voyage","tag-italie"],"_links":{"self":[{"href":"https:\/\/www.au-pays-des-merveilles.com\/blog\/wp-json\/wp\/v2\/posts\/1517","targetHints":{"allow":["GET"]}}],"collection":[{"href":"https:\/\/www.au-pays-des-merveilles.com\/blog\/wp-json\/wp\/v2\/posts"}],"about":[{"href":"https:\/\/www.au-pays-des-merveilles.com\/blog\/wp-json\/wp\/v2\/types\/post"}],"author":[{"embeddable":true,"href":"https:\/\/www.au-pays-des-merveilles.com\/blog\/wp-json\/wp\/v2\/users\/1"}],"replies":[{"embeddable":true,"href":"https:\/\/www.au-pays-des-merveilles.com\/blog\/wp-json\/wp\/v2\/comments?post=1517"}],"version-history":[{"count":0,"href":"https:\/\/www.au-pays-des-merveilles.com\/blog\/wp-json\/wp\/v2\/posts\/1517\/revisions"}],"wp:attachment":[{"href":"https:\/\/www.au-pays-des-merveilles.com\/blog\/wp-json\/wp\/v2\/media?parent=1517"}],"wp:term":[{"taxonomy":"category","embeddable":true,"href":"https:\/\/www.au-pays-des-merveilles.com\/blog\/wp-json\/wp\/v2\/categories?post=1517"},{"taxonomy":"post_tag","embeddable":true,"href":"https:\/\/www.au-pays-des-merveilles.com\/blog\/wp-json\/wp\/v2\/tags?post=1517"}],"curies":[{"name":"wp","href":"https:\/\/api.w.org\/{rel}","templated":true}]}}