{"id":1526,"date":"2008-09-02T07:24:46","date_gmt":"2008-09-02T05:24:46","guid":{"rendered":"http:\/\/www.au-pays-des-merveilles.com\/blog\/?p=1526"},"modified":"2019-03-22T17:17:49","modified_gmt":"2019-03-22T15:17:49","slug":"bonne-rentre","status":"publish","type":"post","link":"https:\/\/www.au-pays-des-merveilles.com\/blog\/2008\/09\/02\/bonne-rentre\/","title":{"rendered":"Bonne rentr&eacute;e !"},"content":{"rendered":"<p><a href=\"https:\/\/www.au-pays-des-merveilles.com\/blog\/wp-content\/uploads\/2008\/09\/image.png\"><img loading=\"lazy\" decoding=\"async\" style=\"border-right: 0px; border-top: 0px; border-left: 0px; border-bottom: 0px\" src=\"https:\/\/www.au-pays-des-merveilles.com\/blog\/wp-content\/uploads\/2008\/09\/image-thumb.png\" border=\"0\" alt=\"image\" width=\"216\" height=\"264\" align=\"left\" \/><\/a> Quand j&rsquo;\u00e9tais petite (j<em>e n&rsquo;\u00e9tais pas grande<\/em> &#8230;), j&rsquo;adorais cette p\u00e9riode de l&rsquo;ann\u00e9e : des nouvelles affaires, des nouveaux copains, une nouvelle ma\u00eetresse &#8230; Et surtout une nouvelle ann\u00e9e o\u00f9 on est plein de bonnes volont\u00e9s et on partait avec l&rsquo;impression qu&rsquo;on allait battre tout le monde ! <em>Oui bon ben \u00e7a c&rsquo;\u00e9tait juste en d\u00e9but d&rsquo;ann\u00e9e parce que je n&rsquo;ai jamais \u00e9t\u00e9 premi\u00e8re de classe ! ^^<\/em><\/p>\n<p>Ben figurez vous que pour moi cette ann\u00e9e c&rsquo;est \u00e0 peu pr\u00e8s la m\u00eame chose qui va se passer : de nouvelles affaires (<a href=\"https:\/\/www.au-pays-des-merveilles.com\/blog\/2008\/07\/21\/bobbypin-by-jeffrey-fulvimari\/\">\u00e7a c&rsquo;est fait<\/a> !), des nouveaux copains (<em>oui je vais changer de coll\u00e8gues<\/em> !) et une nouvelle ma\u00eetresse (<em>oui aussi ! la mienne est partie la semaine derni\u00e8re ! et maintenant je vais en avoir plein !) : z&rsquo;avez vu, y&rsquo;a des similitudes hein <\/em>! <img src=\"https:\/\/www.au-pays-des-merveilles.com\/blog\/wp-includes\/images\/smilies\/1.gif\" alt=\":)\" class=\"wp-smiley\" style=\"height: 1em; max-height: 1em;\" \/> Et surtout pleine de bonnes volont\u00e9s : et pour cause, je me remets \u00e0 bosser mes concours (<em>mais \u00e7a je vous en parlerais plus longuement dans un prochain post<\/em>)<\/p>\n<p>Et l&rsquo;impression de battre tout le monde : en m\u00eame temps tout le monde ici avait bien remarqu\u00e9 que j&rsquo;ai beau avoir 30 ans (+ 1 dans quelques jours), ben j&rsquo;ai toujours pas grandi ! \u00e7a sert \u00e0 \u00e7a aussi les blogs ! JE FAIS CE QUE JE VEUX !! ET OUAIIIIII !! Je vais tous vous battre !!! <img src=\"https:\/\/www.au-pays-des-merveilles.com\/blog\/wp-includes\/images\/smilies\/4.gif\" alt=\":D\" class=\"wp-smiley\" style=\"height: 1em; max-height: 1em;\" \/><\/p>\n<p>Tr\u00eave de gal\u00e9jades,<\/p>\n<p style=\"text-align: center;\"><span style=\"font-size: large; color: #ff00ff;\">BONNE RENTREE LES ENFANTS ! <\/span><\/p>\n<p style=\"text-align: center;\">******<\/p>\n<p style=\"text-align: center;\"><span style=\"text-decoration: underline;\">Petit bonheur du jour <\/span>(<em>ah ah vous aviez cru que j&rsquo;avais oubli\u00e9 hein !! et ben NAN !!<\/em>) : mon cours d&rsquo;anglais hier soir (j<em>e vous en reparle bient\u00f4t ! que de choses \u00e0 vous dire <\/em>!!)<\/p>\n","protected":false},"excerpt":{"rendered":"<p>Quand j&rsquo;\u00e9tais petite (je n&rsquo;\u00e9tais pas grande &#8230;), j&rsquo;adorais cette p\u00e9riode de l&rsquo;ann\u00e9e : des nouvelles affaires, des nouveaux copains, une nouvelle ma\u00eetresse &#8230; Et surtout une nouvelle ann\u00e9e o\u00f9 on est plein de bonnes volont\u00e9s et on partait avec l&rsquo;impression qu&rsquo;on allait battre tout le monde ! Oui bon ben \u00e7a c&rsquo;\u00e9tait juste en<\/p>\n","protected":false},"author":1,"featured_media":0,"comment_status":"open","ping_status":"open","sticky":false,"template":"","format":"standard","meta":{"footnotes":""},"categories":[13],"tags":[],"class_list":["post-1526","post","type-post","status-publish","format-standard","hentry","category-calendrier"],"_links":{"self":[{"href":"https:\/\/www.au-pays-des-merveilles.com\/blog\/wp-json\/wp\/v2\/posts\/1526","targetHints":{"allow":["GET"]}}],"collection":[{"href":"https:\/\/www.au-pays-des-merveilles.com\/blog\/wp-json\/wp\/v2\/posts"}],"about":[{"href":"https:\/\/www.au-pays-des-merveilles.com\/blog\/wp-json\/wp\/v2\/types\/post"}],"author":[{"embeddable":true,"href":"https:\/\/www.au-pays-des-merveilles.com\/blog\/wp-json\/wp\/v2\/users\/1"}],"replies":[{"embeddable":true,"href":"https:\/\/www.au-pays-des-merveilles.com\/blog\/wp-json\/wp\/v2\/comments?post=1526"}],"version-history":[{"count":0,"href":"https:\/\/www.au-pays-des-merveilles.com\/blog\/wp-json\/wp\/v2\/posts\/1526\/revisions"}],"wp:attachment":[{"href":"https:\/\/www.au-pays-des-merveilles.com\/blog\/wp-json\/wp\/v2\/media?parent=1526"}],"wp:term":[{"taxonomy":"category","embeddable":true,"href":"https:\/\/www.au-pays-des-merveilles.com\/blog\/wp-json\/wp\/v2\/categories?post=1526"},{"taxonomy":"post_tag","embeddable":true,"href":"https:\/\/www.au-pays-des-merveilles.com\/blog\/wp-json\/wp\/v2\/tags?post=1526"}],"curies":[{"name":"wp","href":"https:\/\/api.w.org\/{rel}","templated":true}]}}