{"id":17642,"date":"2014-04-21T17:22:06","date_gmt":"2014-04-21T15:22:06","guid":{"rendered":"http:\/\/www.au-pays-des-merveilles.com\/blog\/?p=17642"},"modified":"2019-03-22T17:17:01","modified_gmt":"2019-03-22T15:17:01","slug":"the-paques-mariage-freres","status":"publish","type":"post","link":"https:\/\/www.au-pays-des-merveilles.com\/blog\/2014\/04\/21\/the-paques-mariage-freres\/","title":{"rendered":"Vous prendrez bien un peu de th\u00e9 avec votre chocolat ?"},"content":{"rendered":"<p><img loading=\"lazy\" decoding=\"async\" class=\"aligncenter wp-image-17643\" src=\"https:\/\/www.au-pays-des-merveilles.com\/blog\/wp-content\/uploads\/2014\/04\/th\u00e9mariages-768x1024.jpg\" alt=\"th\u00e9mariages\" width=\"579\" height=\"772\" srcset=\"https:\/\/www.au-pays-des-merveilles.com\/blog\/wp-content\/uploads\/2014\/04\/th\u00e9mariages-768x1024.jpg 768w, https:\/\/www.au-pays-des-merveilles.com\/blog\/wp-content\/uploads\/2014\/04\/th\u00e9mariages-225x300.jpg 225w\" sizes=\"auto, (max-width: 579px) 100vw, 579px\" \/><\/p>\n<h1 style=\"text-align: center;\">** Joyeuses P\u00e2ques les copains ! **<\/h1>\n<p style=\"text-align: justify;\">Les cloches sont pass\u00e9es ? Je peux vous dire que chez moi, elles m&rsquo;ont bien g\u00e2t\u00e9 &#8230; \u00e0 tel point que je n&rsquo;ai pas pu m&#8217;emp\u00eacher de tout manger ! Je crois que je n&rsquo;ai jamais autant de chocolat en si peu de temps ! Du grand n&rsquo;importe quoi ! Toujours est il que maintenant je suis tranquille, y&rsquo;en a plus ! Haha ! Je pense que je vais\u00a0d\u00e9c\u00e9day !! Alors pour faire passer tout \u00e7a, si on prenait un petit th\u00e9 pour le go\u00fbter ? Mais pas n&rsquo;importe lequel m&rsquo;sieurs &#8211; dames ! Je vous pr\u00e9sente <a rel=\"nofollow noopener\" href=\"http:\/\/www.mariagefreres.com\/boutique\/FR\/ft+the-vert-de-paques-flacon-collector-de-90g+TE9420.html\" target=\"_blank\" class=\"broken_link\">le th\u00e9 vert festif<\/a>\u00a0de P\u00e2ques, de la grande maison de th\u00e9 <a rel=\"nofollow\" rel=\"nofollow noopener noreferrer\" href=\"http:\/\/www.mariagefreres.com\/\" target=\"_blank\" rel=\"nofollow noopener\">Mariage Fr\u00e8res<\/a>. Habill\u00e9 de son joli flacon collector, il est aux parfums de fruits et d&rsquo;agrumes relev\u00e9s d&rsquo;une note d&rsquo;\u00e9pices nobles et r\u00e9chauff\u00e9s de thons sucr\u00e9s auxquels le th\u00e9 ajoute rondeur et douceur.\u00a0Un d\u00e9lice ! Il existe en <a rel=\"nofollow noopener\" href=\"http:\/\/www.mariagefreres.com\/boutique\/FR\/ft+the-de-paques-flacon-collector-de-90g+TE9421.html\" target=\"_blank\" class=\"broken_link\">th\u00e9 noir<\/a> aussi. Mais histoire de se donner bonne conscience, j&rsquo;ai pr\u00e9f\u00e9r\u00e9 le prendre en vert &#8230; Il reste deux mois avant le maillot de bain. Donc demain, on attaque la diet ! Je vous dis tout prochainement ! Promis, promis ! Profitez et goinfrez vous, apr\u00e8s \u00e7a rigole plus !<\/p>\n","protected":false},"excerpt":{"rendered":"<p>** Joyeuses P\u00e2ques les copains ! ** Les cloches sont pass\u00e9es ? Je peux vous dire que chez moi, elles m&rsquo;ont bien g\u00e2t\u00e9 &#8230; \u00e0 tel point que je n&rsquo;ai pas pu m&#8217;emp\u00eacher de tout manger ! Je crois que je n&rsquo;ai jamais autant de chocolat en si peu de temps ! Du grand n&rsquo;importe<\/p>\n","protected":false},"author":1,"featured_media":0,"comment_status":"open","ping_status":"open","sticky":false,"template":"","format":"standard","meta":{"footnotes":""},"categories":[34],"tags":[41,1012,460,1244,793,152,1243],"class_list":["post-17642","post","type-post","status-publish","format-standard","hentry","category-pour-le-gouter","tag-chocolat","tag-chocolat-au-lait","tag-mariage-freres","tag-oeufs","tag-paques","tag-the","tag-the-vert"],"_links":{"self":[{"href":"https:\/\/www.au-pays-des-merveilles.com\/blog\/wp-json\/wp\/v2\/posts\/17642","targetHints":{"allow":["GET"]}}],"collection":[{"href":"https:\/\/www.au-pays-des-merveilles.com\/blog\/wp-json\/wp\/v2\/posts"}],"about":[{"href":"https:\/\/www.au-pays-des-merveilles.com\/blog\/wp-json\/wp\/v2\/types\/post"}],"author":[{"embeddable":true,"href":"https:\/\/www.au-pays-des-merveilles.com\/blog\/wp-json\/wp\/v2\/users\/1"}],"replies":[{"embeddable":true,"href":"https:\/\/www.au-pays-des-merveilles.com\/blog\/wp-json\/wp\/v2\/comments?post=17642"}],"version-history":[{"count":0,"href":"https:\/\/www.au-pays-des-merveilles.com\/blog\/wp-json\/wp\/v2\/posts\/17642\/revisions"}],"wp:attachment":[{"href":"https:\/\/www.au-pays-des-merveilles.com\/blog\/wp-json\/wp\/v2\/media?parent=17642"}],"wp:term":[{"taxonomy":"category","embeddable":true,"href":"https:\/\/www.au-pays-des-merveilles.com\/blog\/wp-json\/wp\/v2\/categories?post=17642"},{"taxonomy":"post_tag","embeddable":true,"href":"https:\/\/www.au-pays-des-merveilles.com\/blog\/wp-json\/wp\/v2\/tags?post=17642"}],"curies":[{"name":"wp","href":"https:\/\/api.w.org\/{rel}","templated":true}]}}