{"id":17674,"date":"2014-04-28T08:00:37","date_gmt":"2014-04-28T06:00:37","guid":{"rendered":"http:\/\/www.au-pays-des-merveilles.com\/blog\/?p=17674"},"modified":"2019-03-22T17:17:01","modified_gmt":"2019-03-22T15:17:01","slug":"concours-labello-fruity-shine","status":"publish","type":"post","link":"https:\/\/www.au-pays-des-merveilles.com\/blog\/2014\/04\/28\/concours-labello-fruity-shine\/","title":{"rendered":"Un Labello Fruity Shine pour ta maman &#x2665; {concours}"},"content":{"rendered":"<p><img loading=\"lazy\" decoding=\"async\" class=\"aligncenter wp-image-17675\" src=\"https:\/\/www.au-pays-des-merveilles.com\/blog\/wp-content\/uploads\/2014\/04\/MarsWeb.jpg\" alt=\"MarsWeb\" width=\"600\" height=\"600\" srcset=\"https:\/\/www.au-pays-des-merveilles.com\/blog\/wp-content\/uploads\/2014\/04\/MarsWeb.jpg 960w, https:\/\/www.au-pays-des-merveilles.com\/blog\/wp-content\/uploads\/2014\/04\/MarsWeb-150x150.jpg 150w, https:\/\/www.au-pays-des-merveilles.com\/blog\/wp-content\/uploads\/2014\/04\/MarsWeb-300x300.jpg 300w, https:\/\/www.au-pays-des-merveilles.com\/blog\/wp-content\/uploads\/2014\/04\/MarsWeb-271x271.jpg 271w, https:\/\/www.au-pays-des-merveilles.com\/blog\/wp-content\/uploads\/2014\/04\/MarsWeb-542x542.jpg 542w, https:\/\/www.au-pays-des-merveilles.com\/blog\/wp-content\/uploads\/2014\/04\/MarsWeb-80x80.jpg 80w, https:\/\/www.au-pays-des-merveilles.com\/blog\/wp-content\/uploads\/2014\/04\/MarsWeb-160x160.jpg 160w, https:\/\/www.au-pays-des-merveilles.com\/blog\/wp-content\/uploads\/2014\/04\/MarsWeb-320x320.jpg 320w, https:\/\/www.au-pays-des-merveilles.com\/blog\/wp-content\/uploads\/2014\/04\/MarsWeb-600x600.jpg 600w\" sizes=\"auto, (max-width: 600px) 100vw, 600px\" \/><\/p>\n<p style=\"text-align: justify;\">Il ne se passe pas une journ\u00e9e sans que je me mette du baume \u00e0 l\u00e8vres. Je crois que c&rsquo;est vraiment le seul \u00ab\u00a0make-up\u00a0\u00bb dont j&rsquo;use et j&rsquo;abuse avec le mascara ! Au moins, pas de probl\u00e8me pour la couleur ni de faire peur \u00e0 ch\u00e9ri de lui en coller partout, vu que c&rsquo;est transparent ! Et pour mon plus grand bonheur,\u00a0<a rel=\"nofollow\" href=\"http:\/\/www.nivea.fr\/\" target=\"_blank\" rel=\"nofollow noopener noreferrer\">NIVEA<\/a> a pens\u00e9 \u00e0 nous avec son c\u00e9l\u00e8bre et incontournable <a rel=\"nofollow\" href=\"http:\/\/www.labello.fr\/\" target=\"_blank\" rel=\"nofollow noopener noreferrer\">Labello<\/a> vu qu&rsquo;ils innovent avec le Fruity Shine \u00a0et ses deux senteurs sorbet pour des l\u00e8vres pleinement hydrat\u00e9es et sublim\u00e9es par des couleurs vitamin\u00e9es \u00e0 croquer ! D\u00e9licatement color\u00e9s, d\u00e9licieusement pratiques, les sticks Labello s\u2019appliquent sur les l\u00e8vres en un seul geste et les rendent glamour \u00e0 souhait \u00e0 tout instant de la journ\u00e9e.<\/p>\n<p style=\"text-align: justify;\"><img loading=\"lazy\" decoding=\"async\" class=\"alignleft size-medium wp-image-17680\" src=\"https:\/\/www.au-pays-des-merveilles.com\/blog\/wp-content\/uploads\/2014\/04\/niveapresse-1289-4005808913275-labello-past\u00e8que-hd-208x300.jpg\" alt=\"niveapresse-1289-4005808913275-labello-past\u00e8que-hd\" width=\"208\" height=\"300\" srcset=\"https:\/\/www.au-pays-des-merveilles.com\/blog\/wp-content\/uploads\/2014\/04\/niveapresse-1289-4005808913275-labello-past\u00e8que-hd-208x300.jpg 208w, https:\/\/www.au-pays-des-merveilles.com\/blog\/wp-content\/uploads\/2014\/04\/niveapresse-1289-4005808913275-labello-past\u00e8que-hd-710x1024.jpg 710w\" sizes=\"auto, (max-width: 208px) 100vw, 208px\" \/>Formul\u00e9 \u00e0 base d\u2019Hydra IQ, inspir\u00e9 de la nature et ingr\u00e9dient phare des Laboratoires Beiersdorf, le stick Labello stimule, au c\u0153ur de l\u2019\u00e9piderme, son r\u00e9seau naturel d\u2019hydratation de la peau gr\u00e2ce \u00e0 la production des aquaporines 3, prot\u00e9ine favorisant une hydratation naturelle. Enrichie en cires et en huiles, la formule garantit une sensation de souplesse imm\u00e9diate et de confort longue dur\u00e9e.<\/p>\n<p style=\"text-align: justify;\"><img loading=\"lazy\" decoding=\"async\" class=\"alignright size-medium wp-image-17679\" src=\"https:\/\/www.au-pays-des-merveilles.com\/blog\/wp-content\/uploads\/2014\/04\/niveapresse-1288-4005808913244-labello-peche-hd-208x300.jpg\" alt=\"niveapresse-1288-4005808913244-labello-peche-hd\" width=\"208\" height=\"300\" srcset=\"https:\/\/www.au-pays-des-merveilles.com\/blog\/wp-content\/uploads\/2014\/04\/niveapresse-1288-4005808913244-labello-peche-hd-208x300.jpg 208w, https:\/\/www.au-pays-des-merveilles.com\/blog\/wp-content\/uploads\/2014\/04\/niveapresse-1288-4005808913244-labello-peche-hd-710x1024.jpg 710w\" sizes=\"auto, (max-width: 208px) 100vw, 208px\" \/>Entre le<strong>\u00a0<a rel=\"nofollow\" href=\"http:\/\/www.labello.fr\/products\/color-and-shine\/peach\" target=\"_blank\" rel=\"nofollow noopener noreferrer\">Fruity Shine P\u00eache <\/a><\/strong>(qui hydrate les l\u00e8vre avec sa teinte nude et ses pigments brillants et son odeur d\u00e9licieusement fruit\u00e9e \u00e0 la P\u00eache) et le <a href=\"http:\/\/www.labello.fr\/products\/color-and-shine\/watermelon\" target=\"_blank\" rel=\"noopener noreferrer\"><strong>Fruity Shine Past\u00e8que <\/strong><\/a>(qui hydrate les l\u00e8vres avec ses reflets d\u00e9licatement brillants ros\u00e9s et son parfum rafra\u00eechissant \u00e0 la Past\u00e8que), mon coeur balance !<\/p>\n<p style=\"text-align: justify;\">Et vous ? vous pr\u00e9f\u00e9rez lequel ? &#8230; ah mais vous n&rsquo;y avez peut \u00eatre pas encore go\u00fbt\u00e9 ? (interdit de le bouffer hein !!). Je vais rem\u00e9dier \u00e0 \u00e7a : comme <span style=\"color: #222222;\">Fruity Shine r\u00e9sonne avec bisou, tendresse, amour et donc maman &#8230;\u00a0<\/span>\u00e0 l&rsquo;occasion de la f\u00eate des m\u00e8res le 25 mai, Nivea m&rsquo;offre la possibilit\u00e9 de faire gagner \u00e0 <strong>3<\/strong> d&rsquo;entre vous les <strong>deux sticks Labello Fruity Shine saveur P\u00eache et saveur Past\u00e8que<\/strong> ! Pour cela, vous me laissez <strong>un commentaire ici jusqu&rsquo;au 2 mai 2014 \u00e0 20h<\/strong>. R\u00e9sultats par<strong> tirage au sort<\/strong> dans la soir\u00e9e.<\/p>\n<p style=\"text-align: justify;\"><strong>Une chance suppl\u00e9mentaire<\/strong> de gagner si vous partagez,<strong> en photo, votre plus beau bisou<\/strong> &#8230; Envoyez moi vos photos \u00e0 cette adresse <strong>redaction@au-pays-des-merveilles.com<\/strong> et je les publierai ici m\u00eame !<\/p>\n<p style=\"text-align: justify;\">Ce concours est r\u00e9serv\u00e9 \u00e0 la France m\u00e9tropolitaine et la Corse.<\/p>\n<p style=\"text-align: justify;\"><em>PS : sur cette photo du <a rel=\"nofollow\" href=\"https:\/\/www.flickr.com\/groups\/2014-p12\/\" target=\"_blank\" rel=\"nofollow noopener noreferrer\">P12<\/a>, je porte le Fruity Shine P\u00eache<\/em><\/p>\n<p style=\"text-align: center;\"><span style=\"color: #37404e;\">\u272e\u272e<\/span><span style=\"color: #37404e;\">\u272e\u272e<\/span><span style=\"color: #37404e;\">\u272e\u272e<\/span><span style=\"color: #37404e;\">\u272e\u272e<\/span><span style=\"color: #37404e;\">\u272e\u272e<\/span><span style=\"color: #37404e;\">\u272e\u272e<\/span><span style=\"color: #37404e;\">\u272e\u272e<\/span><span style=\"color: #37404e;\">\u272e\u272e<\/span><span style=\"color: #37404e;\">\u272e\u272e<\/span><span style=\"color: #37404e;\">\u272e\u272e<\/span><\/p>\n<h2 style=\"text-align: center;\"><\/h2>\n<h2 style=\"text-align: center;\">&#x2665;\u00a0<span style=\"text-decoration: underline;\"><em><strong>Vos photos\u00a0<\/strong><\/em><\/span>&#x2665;<\/h2>\n<h2 style=\"text-align: center;\"><\/h2>\n<p style=\"text-align: justify;\"><img loading=\"lazy\" decoding=\"async\" class=\"alignnone size-medium wp-image-17684\" src=\"https:\/\/www.au-pays-des-merveilles.com\/blog\/wp-content\/uploads\/2014\/04\/DSC02859-300x225.jpg\" alt=\"DSC02859\" width=\"300\" height=\"225\" srcset=\"https:\/\/www.au-pays-des-merveilles.com\/blog\/wp-content\/uploads\/2014\/04\/DSC02859-300x225.jpg 300w, https:\/\/www.au-pays-des-merveilles.com\/blog\/wp-content\/uploads\/2014\/04\/DSC02859-1024x768.jpg 1024w\" sizes=\"auto, (max-width: 300px) 100vw, 300px\" \/><\/p>\n<p style=\"text-align: left;\">Le bisou de Titia Mdp<\/p>\n<p style=\"text-align: center;\"><span style=\"color: #37404e;\">\u272e\u272e<\/span><span style=\"color: #37404e;\">\u272e\u272e<\/span><span style=\"color: #37404e;\">\u272e\u272e<\/span><span style=\"color: #37404e;\">\u272e\u272e<\/span><span style=\"color: #37404e;\">\u272e\u272e<\/span><span style=\"color: #37404e;\">\u272e\u272e<\/span><span style=\"color: #37404e;\">\u272e\u272e<\/span><span style=\"color: #37404e;\">\u272e\u272e<\/span><span style=\"color: #37404e;\">\u272e\u272e<\/span><span style=\"color: #37404e;\">\u272e\u272e<\/span><\/p>\n<p style=\"text-align: center;\"><span style=\"text-decoration: underline;\"><em><strong>EDIT du 4 mai 2014 \u00e0 23h00<\/strong><\/em><\/span> :<\/p>\n<p style=\"text-align: center;\">On ne peut pas dire que j&rsquo;ai eu beaucoup de succ\u00e8s avec les photos !! Donc pour la comptabilisation des votes, je n&rsquo;ai pas pris en compte le dernier commentaire qui est hors d\u00e9lais. En revanche, Tita Mdp a le numero 29 vu qu&rsquo;elle m&rsquo;a envoy\u00e9 sa photo.<\/p>\n<p style=\"text-align: center;\">So &#8230; les gagnantes sont :<\/p>\n<p style=\"text-align: center;\"><img loading=\"lazy\" decoding=\"async\" class=\"aligncenter size-full wp-image-17712\" src=\"https:\/\/www.au-pays-des-merveilles.com\/blog\/wp-content\/uploads\/2014\/04\/nivealab.jpg\" alt=\"nivealab\" width=\"383\" height=\"280\" srcset=\"https:\/\/www.au-pays-des-merveilles.com\/blog\/wp-content\/uploads\/2014\/04\/nivealab.jpg 383w, https:\/\/www.au-pays-des-merveilles.com\/blog\/wp-content\/uploads\/2014\/04\/nivealab-300x219.jpg 300w\" sizes=\"auto, (max-width: 383px) 100vw, 383px\" \/><\/p>\n<p style=\"text-align: center;\">N\u00b0 4 :\u00a0<span style=\"font-style: italic; color: #f727f7;\">corinne deloumeaux<\/span><\/p>\n<p style=\"text-align: center;\">N\u00b0 21 :\u00a0<span style=\"font-style: italic; color: #f727f7;\">ocalinex<\/span><\/p>\n<p style=\"text-align: center;\">N\u00b0 24 :\u00a0<span style=\"font-style: italic; color: #f727f7;\">reginea\u00a0<\/span><\/p>\n<p style=\"text-align: center;\">Bravo les filles ! Envoyez moi vite vite vos coordonn\u00e9es postales !<\/p>\n<p style=\"text-align: center;\">Merci pour vos participations ! A tr\u00e8s vite !<\/p>\n<p style=\"text-align: center;\">\n","protected":false},"excerpt":{"rendered":"<p>Il ne se passe pas une journ\u00e9e sans que je me mette du baume \u00e0 l\u00e8vres. Je crois que c&rsquo;est vraiment le seul \u00ab\u00a0make-up\u00a0\u00bb dont j&rsquo;use et j&rsquo;abuse avec le mascara ! Au moins, pas de probl\u00e8me pour la couleur ni de faire peur \u00e0 ch\u00e9ri de lui en coller partout, vu que c&rsquo;est transparent<\/p>\n","protected":false},"author":1,"featured_media":0,"comment_status":"open","ping_status":"open","sticky":false,"template":"","format":"standard","meta":{"footnotes":""},"categories":[6,25],"tags":[108,1252,49,200,80,1009,1149],"class_list":["post-17674","post","type-post","status-publish","format-standard","hentry","category-beautiful-girl","category-concours","tag-baume","tag-baume-a-levres","tag-beaute","tag-make-up","tag-maquillage","tag-nivea","tag-soin"],"_links":{"self":[{"href":"https:\/\/www.au-pays-des-merveilles.com\/blog\/wp-json\/wp\/v2\/posts\/17674","targetHints":{"allow":["GET"]}}],"collection":[{"href":"https:\/\/www.au-pays-des-merveilles.com\/blog\/wp-json\/wp\/v2\/posts"}],"about":[{"href":"https:\/\/www.au-pays-des-merveilles.com\/blog\/wp-json\/wp\/v2\/types\/post"}],"author":[{"embeddable":true,"href":"https:\/\/www.au-pays-des-merveilles.com\/blog\/wp-json\/wp\/v2\/users\/1"}],"replies":[{"embeddable":true,"href":"https:\/\/www.au-pays-des-merveilles.com\/blog\/wp-json\/wp\/v2\/comments?post=17674"}],"version-history":[{"count":0,"href":"https:\/\/www.au-pays-des-merveilles.com\/blog\/wp-json\/wp\/v2\/posts\/17674\/revisions"}],"wp:attachment":[{"href":"https:\/\/www.au-pays-des-merveilles.com\/blog\/wp-json\/wp\/v2\/media?parent=17674"}],"wp:term":[{"taxonomy":"category","embeddable":true,"href":"https:\/\/www.au-pays-des-merveilles.com\/blog\/wp-json\/wp\/v2\/categories?post=17674"},{"taxonomy":"post_tag","embeddable":true,"href":"https:\/\/www.au-pays-des-merveilles.com\/blog\/wp-json\/wp\/v2\/tags?post=17674"}],"curies":[{"name":"wp","href":"https:\/\/api.w.org\/{rel}","templated":true}]}}