{"id":17752,"date":"2014-06-18T22:20:07","date_gmt":"2014-06-18T20:20:07","guid":{"rendered":"http:\/\/www.au-pays-des-merveilles.com\/blog\/?p=17752"},"modified":"2019-09-29T18:42:58","modified_gmt":"2019-09-29T16:42:58","slug":"parfums-ete","status":"publish","type":"post","link":"https:\/\/www.au-pays-des-merveilles.com\/blog\/2014\/06\/18\/parfums-ete\/","title":{"rendered":"Parfums d&rsquo;\u00e9t\u00e9 pour toute la famille"},"content":{"rendered":"<p style=\"text-align: justify;\">L&rsquo;\u00e9t\u00e9, j&rsquo;aime sentir le frais ! Wouww quel scoop ! Non mais sans d\u00e9c&rsquo;, on aime sentir le propre et la fraicheur surtout quand il commence \u00e0 faire 40\u00b0 <em>(enfin \u00e7a chez moi notamment ! OH CA VA si on peut plus rigoler !).<\/em> Du coup, je me suis dit que j&rsquo;allais vous faire une petite s\u00e9lection des\u00a0petites nouveaut\u00e9s parfum\u00e9es\u00a0qui raviront nos naseaux\u00a0this summer\u00a0et ce, pour toute la famiglia !<\/p>\n<p style=\"text-align: justify;\"><img loading=\"lazy\" decoding=\"async\" class=\"alignleft size-full wp-image-17827\" src=\"https:\/\/www.au-pays-des-merveilles.com\/blog\/wp-content\/uploads\/2015\/06\/Parfum_Divin_de_Caudalie_-_Produits_Cultes_-_Produits___Best_sellers_-_Caudalie.jpg\" alt=\"Parfum_Divin_de_Caudalie_-_Produits_Cultes_-_Produits___Best_sellers_-_Caudalie\" width=\"288\" height=\"335\" srcset=\"https:\/\/www.au-pays-des-merveilles.com\/blog\/wp-content\/uploads\/2015\/06\/Parfum_Divin_de_Caudalie_-_Produits_Cultes_-_Produits___Best_sellers_-_Caudalie.jpg 288w, https:\/\/www.au-pays-des-merveilles.com\/blog\/wp-content\/uploads\/2015\/06\/Parfum_Divin_de_Caudalie_-_Produits_Cultes_-_Produits___Best_sellers_-_Caudalie-257x300.jpg 257w\" sizes=\"auto, (max-width: 288px) 100vw, 288px\" \/>** <strong>Mon pr\u00e9f\u00e9r\u00e9,\u00a0pour moi<\/strong> &#8230;\u00a0 j&rsquo;\u00e9vite les parfums qui sentent trop fort et m&rsquo;\u00e9coeurent au bout de deux secondes et je privil\u00e9gie les effluves discr\u00e8tes et sucr\u00e9es ! M\u00eame si je reste quand m\u00eame une inconditionnelle de La Vie est Belle de Lanc\u00f4me<em> (c&rsquo;est curieux comme ce parfum sent diff\u00e9remment selon les personnes &#8230; \u00e7a d\u00e9pend des peaux &#8230;).<\/em> D&rsquo;ailleurs il est sorti en version eau de parfum l\u00e9g\u00e8re (vous l&rsquo;avez essay\u00e9 ?) mais aussi de La Petite Robe Noire de Guerlain ou encore de Flowerbomb de Viktor&amp;Rolf &#8230; Mais mon gros coup de coeur de cet \u00e9t\u00e9 va pour la nouveaut\u00e9 Caudalie (ma marque chouchou !) : Parfum Divin de Caudalie &#8211;&gt;\u00a0le premier parfum cr\u00e9\u00e9 par Mathilde Thomas avec le ma\u00eetre parfumeur Jacques Cavallier. Un concentr\u00e9 de sensualit\u00e9, velout\u00e9 et raffin\u00e9 avec ses notes mariant absolu de rose de Bulgarie, essence de rose du Maroc, c\u00e8dre de Virginie, vanille et poivre rose \u00e9pic\u00e9. Ce parfum est tr\u00e8s discret. C&rsquo;est un bonheur !<\/p>\n<p>En plus, dans chaque Parfum Divin de Caudalie se cache un code qui vous permettra peut-\u00eatre de gagner un sublime bijou en or 18 carats (valeur de 115\u20ac) GINETTE NY, la marque fran\u00e7aise de bijoux ultra-chics.<br \/>\nPour tenter votre chance rendez-vous sur\u00a0www.parfumdivindecaudalie.com<\/p>\n<p style=\"text-align: justify;\"><img loading=\"lazy\" decoding=\"async\" class=\"alignright wp-image-17833\" src=\"https:\/\/www.au-pays-des-merveilles.com\/blog\/wp-content\/uploads\/2015\/06\/rochas.jpg\" alt=\"rochas\" width=\"288\" height=\"315\" srcset=\"https:\/\/www.au-pays-des-merveilles.com\/blog\/wp-content\/uploads\/2015\/06\/rochas.jpg 336w, https:\/\/www.au-pays-des-merveilles.com\/blog\/wp-content\/uploads\/2015\/06\/rochas-274x300.jpg 274w\" sizes=\"auto, (max-width: 288px) 100vw, 288px\" \/>** <strong>Pour maman<\/strong>,\u00a0j&rsquo;aime beaucoup beaucoup <a rel=\"nofollow noopener noreferrer\" href=\"http:\/\/www.sephora.fr\/Parfum\/Parfum-Femme\/Eau-de-Rochas-Eau-de-Toilette\/P1821017\" target=\"_blank\" rel=\"nofollow noopener noreferrer\">l&rsquo;Eau de Rochas en \u00e9dition limit\u00e9e<\/a> qui donne la sensation de sentir le propre ! Je le pique \u00e0 mamoune notamment\u00a0quand je pars faire du sport, parce que je suis s\u00fbre qu&rsquo;il ne me trahira pas et que je laisserai un doux parfum autour de moi &#8230; enfin j&rsquo;esp\u00e8re, haha !! Cette \u00e9dition, tr\u00e8s azur\u00e9enne, renferme\u00a0ses notes de t\u00eate de bergamote, mandarine et citron, des notes de fond d\u00e9voilant de l\u2019extrait d\u2019iris, du patchouli et de l\u2019oliban, et des notes de c\u0153ur figurant du narcisse, du jasmin et du muguet.La talentueuse illustratrice fran\u00e7aise, Aurore de La Morinerie, \u00e9voque l&rsquo;esprit de la C\u00f4te d&rsquo;Azur en donnant une nouvelle l\u00e9g\u00e9ret\u00e9 \u00e0 l&rsquo;\u00e9tui classique d&rsquo;Eau de Rochas. Et en plus, c&rsquo;est la jolie Zo\u00e9 F\u00e9lix qui est l&rsquo;\u00e9g\u00e9rie de cette \u00e9dition limit\u00e9e.<\/p>\n<p style=\"text-align: justify;\">** <strong>Pour grand-ma<\/strong>, parce que quand je l&rsquo;ai senti, j&rsquo;ai tout de suite pens\u00e9 \u00e0 elle, le dernier parfum tr\u00e8s fleuri Annick GOUTAL \u00ab\u00a0Un matin d&rsquo;orage\u00a0\u00bb.<\/p>\n<p style=\"text-align: justify;\"><img loading=\"lazy\" decoding=\"async\" class=\"alignleft wp-image-17843\" src=\"https:\/\/www.au-pays-des-merveilles.com\/blog\/wp-content\/uploads\/2015\/06\/goutal.jpg\" alt=\"goutal\" width=\"380\" height=\"416\" srcset=\"https:\/\/www.au-pays-des-merveilles.com\/blog\/wp-content\/uploads\/2015\/06\/goutal.jpg 419w, https:\/\/www.au-pays-des-merveilles.com\/blog\/wp-content\/uploads\/2015\/06\/goutal-273x300.jpg 273w\" sizes=\"auto, (max-width: 380px) 100vw, 380px\" \/><\/p>\n<p style=\"text-align: justify;\">La nouvelle Eau de Parfum de Camille GOUTAL et Isabelle DOYEN renferme un bouquet de magnolias, une touche de tub\u00e9reuse, un fond vanille enrichi de bois de ga\u00efac, l\u00e9g\u00e9rement fum\u00e9 et de myrrhe aux accents bois\u00e9s. Le flacon est superbe &#8230;<\/p>\n<p>** <strong>Pour papa ou le ch\u00e9ri<\/strong>, AXE a sorti toute la gamme AXE PEACE &#8230; le genre de parfum o\u00f9 on\u00a0a juste envie de lui d\u00e9chirer sa chemise (<em>du ch\u00e9ri hein, pas de papa !! hahaha !<\/em>).<\/p>\n<p><img loading=\"lazy\" decoding=\"async\" class=\"aligncenter size-full wp-image-17850\" src=\"https:\/\/www.au-pays-des-merveilles.com\/blog\/wp-content\/uploads\/2015\/06\/Axe_-_Nouvelle_gamme_de_produits_AXE_Peace_-_Ma_vie_en_couleurs.jpg\" alt=\"Axe_-_Nouvelle_gamme_de_produits_AXE_Peace_-_Ma_vie_en_couleurs\" width=\"269\" height=\"248\" \/><\/p>\n<p style=\"text-align: justify;\">\u00ab\u00a0Make Love. Not War\u00a0\u00bb . En 2014, AXE s&rsquo;engage pour la paix. Une belle fa\u00e7on de soutenir l&rsquo;ONG <a rel=\"nofollow noopener noreferrer\" href=\"http:\/\/www.peaceoneday.org\/fr\" target=\"_blank\" class=\"broken_link\">Peace One Day<\/a> qui encourage des centaines d&rsquo;initiatives en faveur de la paix \u00e0 travers le monde. Dans cet esprit, elle apporte son soutien \u00e0 la Journ\u00e9e Mondiale de la Paix qui a lieu chaque ann\u00e9e le 21 septembre et mobilise des millions de personnes. En France, la marque iconique s&rsquo;appuie sur une ambassadrice de choix : la star internationale Lily Allen ! Elle est au coeur du premier clip participatif pour la paix. LOOK ! 1 coeur + 1 clic = 1 selfie pour la paix. Ce fut une r\u00e9ussite puisque ce clip a touch\u00e9 + de 500 000 peacemakers !<\/p>\n<p><img loading=\"lazy\" decoding=\"async\" class=\"aligncenter wp-image-17845\" src=\"https:\/\/www.au-pays-des-merveilles.com\/blog\/wp-content\/uploads\/2015\/06\/Logo-AXE-PEACE-Make-Love-Not-War-1024x512.jpg\" alt=\"Logo AXE PEACE Make Love Not War\" width=\"600\" height=\"300\" srcset=\"https:\/\/www.au-pays-des-merveilles.com\/blog\/wp-content\/uploads\/2015\/06\/Logo-AXE-PEACE-Make-Love-Not-War-1024x512.jpg 1024w, https:\/\/www.au-pays-des-merveilles.com\/blog\/wp-content\/uploads\/2015\/06\/Logo-AXE-PEACE-Make-Love-Not-War-300x150.jpg 300w\" sizes=\"auto, (max-width: 600px) 100vw, 600px\" \/><\/p>\n<p>** Et enfin <strong>pour babychou<\/strong>, je kiffe la douce effluve de l&rsquo;eau de senteur Kaloo Vanille Chocolat : ce parfum gourmand sans alcool et sans paraben\u00a0associe le mariage de la fleur d&rsquo;amandier et du jasmin aux notes de vanille et de cacao. Je vous laisse imaginer &#8230;<\/p>\n<p><img loading=\"lazy\" decoding=\"async\" class=\"alignnone size-medium wp-image-17788\" src=\"https:\/\/www.au-pays-des-merveilles.com\/blog\/wp-content\/uploads\/2015\/06\/Kaloo_Vanille_Chocolat_50ml_HD-300x251.jpg\" alt=\"Kaloo_Vanille_Chocolat_50ml_HD\" width=\"300\" height=\"251\" srcset=\"https:\/\/www.au-pays-des-merveilles.com\/blog\/wp-content\/uploads\/2015\/06\/Kaloo_Vanille_Chocolat_50ml_HD-300x251.jpg 300w, https:\/\/www.au-pays-des-merveilles.com\/blog\/wp-content\/uploads\/2015\/06\/Kaloo_Vanille_Chocolat_50ml_HD-1024x857.jpg 1024w, https:\/\/www.au-pays-des-merveilles.com\/blog\/wp-content\/uploads\/2015\/06\/Kaloo_Vanille_Chocolat_50ml_HD.jpg 1893w\" sizes=\"auto, (max-width: 300px) 100vw, 300px\" \/><img loading=\"lazy\" decoding=\"async\" class=\"alignnone size-medium wp-image-17789\" src=\"https:\/\/www.au-pays-des-merveilles.com\/blog\/wp-content\/uploads\/2015\/06\/Kaloo_Vanille_Chocolat_100ml-300x291.jpg\" alt=\"Kaloo_Vanille_Chocolat_100ml\" width=\"300\" height=\"291\" srcset=\"https:\/\/www.au-pays-des-merveilles.com\/blog\/wp-content\/uploads\/2015\/06\/Kaloo_Vanille_Chocolat_100ml-300x291.jpg 300w, https:\/\/www.au-pays-des-merveilles.com\/blog\/wp-content\/uploads\/2015\/06\/Kaloo_Vanille_Chocolat_100ml-1024x994.jpg 1024w\" sizes=\"auto, (max-width: 300px) 100vw, 300px\" \/><\/p>\n<p>Une tr\u00e8s jolie id\u00e9e cadeau pour les 0-6 ans puisque le parfum est emball\u00e9 dans un chouette coffret soit avec une peluche pour faire plaisir \u00e0 b\u00e9b\u00e9 !<\/p>\n<p><img loading=\"lazy\" decoding=\"async\" class=\"alignnone size-medium wp-image-17791\" src=\"https:\/\/www.au-pays-des-merveilles.com\/blog\/wp-content\/uploads\/2015\/06\/Coffret_Patapouf_50ml-300x199.jpg\" alt=\"Coffret_Patapouf_50ml\" width=\"300\" height=\"199\" srcset=\"https:\/\/www.au-pays-des-merveilles.com\/blog\/wp-content\/uploads\/2015\/06\/Coffret_Patapouf_50ml-300x199.jpg 300w, https:\/\/www.au-pays-des-merveilles.com\/blog\/wp-content\/uploads\/2015\/06\/Coffret_Patapouf_50ml-1024x681.jpg 1024w\" sizes=\"auto, (max-width: 300px) 100vw, 300px\" \/><img loading=\"lazy\" decoding=\"async\" class=\"alignnone size-medium wp-image-17792\" src=\"https:\/\/www.au-pays-des-merveilles.com\/blog\/wp-content\/uploads\/2015\/06\/CoffretMaxiPatapouf100ml-300x199.jpg\" alt=\"CoffretMaxiPatapouf100ml\" width=\"300\" height=\"199\" srcset=\"https:\/\/www.au-pays-des-merveilles.com\/blog\/wp-content\/uploads\/2015\/06\/CoffretMaxiPatapouf100ml-300x199.jpg 300w, https:\/\/www.au-pays-des-merveilles.com\/blog\/wp-content\/uploads\/2015\/06\/CoffretMaxiPatapouf100ml-1024x681.jpg 1024w\" sizes=\"auto, (max-width: 300px) 100vw, 300px\" \/><\/p>\n<p>Ca sent bon l&rsquo;\u00e9t\u00e9 &#8230;<\/p>\n","protected":false},"excerpt":{"rendered":"<p>L&rsquo;\u00e9t\u00e9, j&rsquo;aime sentir le frais ! Wouww quel scoop ! Non mais sans d\u00e9c&rsquo;, on aime sentir le propre et la fraicheur surtout quand il commence \u00e0 faire 40\u00b0 (enfin \u00e7a chez moi notamment ! OH CA VA si on peut plus rigoler !). Du coup, je me suis dit que j&rsquo;allais vous faire une<\/p>\n","protected":false},"author":1,"featured_media":0,"comment_status":"open","ping_status":"open","sticky":false,"template":"","format":"standard","meta":{"footnotes":""},"categories":[6],"tags":[1271,49,65,1273,1272,1274,1275,45,1267],"class_list":["post-17752","post","type-post","status-publish","format-standard","hentry","category-beautiful-girl","tag-annick-goutal","tag-beaute","tag-caudalie","tag-eau-de-parfum","tag-eau-de-rochas","tag-kaloo","tag-kaloo-vanille-chocolat","tag-parfum","tag-rochas"],"_links":{"self":[{"href":"https:\/\/www.au-pays-des-merveilles.com\/blog\/wp-json\/wp\/v2\/posts\/17752","targetHints":{"allow":["GET"]}}],"collection":[{"href":"https:\/\/www.au-pays-des-merveilles.com\/blog\/wp-json\/wp\/v2\/posts"}],"about":[{"href":"https:\/\/www.au-pays-des-merveilles.com\/blog\/wp-json\/wp\/v2\/types\/post"}],"author":[{"embeddable":true,"href":"https:\/\/www.au-pays-des-merveilles.com\/blog\/wp-json\/wp\/v2\/users\/1"}],"replies":[{"embeddable":true,"href":"https:\/\/www.au-pays-des-merveilles.com\/blog\/wp-json\/wp\/v2\/comments?post=17752"}],"version-history":[{"count":0,"href":"https:\/\/www.au-pays-des-merveilles.com\/blog\/wp-json\/wp\/v2\/posts\/17752\/revisions"}],"wp:attachment":[{"href":"https:\/\/www.au-pays-des-merveilles.com\/blog\/wp-json\/wp\/v2\/media?parent=17752"}],"wp:term":[{"taxonomy":"category","embeddable":true,"href":"https:\/\/www.au-pays-des-merveilles.com\/blog\/wp-json\/wp\/v2\/categories?post=17752"},{"taxonomy":"post_tag","embeddable":true,"href":"https:\/\/www.au-pays-des-merveilles.com\/blog\/wp-json\/wp\/v2\/tags?post=17752"}],"curies":[{"name":"wp","href":"https:\/\/api.w.org\/{rel}","templated":true}]}}