{"id":17913,"date":"2014-07-03T09:00:07","date_gmt":"2014-07-03T07:00:07","guid":{"rendered":"http:\/\/www.au-pays-des-merveilles.com\/blog\/?p=17913"},"modified":"2019-03-22T17:16:59","modified_gmt":"2019-03-22T15:16:59","slug":"sephora-on-the-beach","status":"publish","type":"post","link":"https:\/\/www.au-pays-des-merveilles.com\/blog\/2014\/07\/03\/sephora-on-the-beach\/","title":{"rendered":"Sephora on the beach !"},"content":{"rendered":"<p><img loading=\"lazy\" decoding=\"async\" class=\"aligncenter size-full wp-image-18031\" src=\"https:\/\/www.au-pays-des-merveilles.com\/blog\/wp-content\/uploads\/2015\/06\/882px__seaside_town_of_st_tropez_at_night__provence___cr_dit__otto_stadler_586583814_north_545x.jpg\" alt=\"882px__seaside_town_of_st_tropez_at_night__provence___cr_dit__otto_stadler_586583814_north_545x\" width=\"545\" height=\"371\" srcset=\"https:\/\/www.au-pays-des-merveilles.com\/blog\/wp-content\/uploads\/2015\/06\/882px__seaside_town_of_st_tropez_at_night__provence___cr_dit__otto_stadler_586583814_north_545x.jpg 545w, https:\/\/www.au-pays-des-merveilles.com\/blog\/wp-content\/uploads\/2015\/06\/882px__seaside_town_of_st_tropez_at_night__provence___cr_dit__otto_stadler_586583814_north_545x-300x204.jpg 300w\" sizes=\"auto, (max-width: 545px) 100vw, 545px\" \/><\/p>\n<p style=\"text-align: center;\"><em>Welcome to Saint Tropez !<\/em><\/p>\n<p style=\"text-align: justify;\">Il y a quinze jours, j&rsquo;ai rev\u00eatu ma plus belle robe pour l&rsquo;inauguration de la nouvelle boutique <a rel=\"nofollow\" href=\"http:\/\/www.sephora.fr\/\" target=\"_blank\" rel=\"nofollow noopener noreferrer\">Sephora<\/a> \u00e0 Saint Tropez : <strong>Sephora Plage.<\/strong><\/p>\n<p style=\"text-align: center;\"><img loading=\"lazy\" decoding=\"async\" class=\"aligncenter wp-image-18075\" src=\"https:\/\/www.au-pays-des-merveilles.com\/blog\/wp-content\/uploads\/2015\/07\/sephora-saint-tropez-2-1024x682.jpg\" alt=\"sephora-saint-tropez-2\" width=\"650\" height=\"433\" srcset=\"https:\/\/www.au-pays-des-merveilles.com\/blog\/wp-content\/uploads\/2015\/07\/sephora-saint-tropez-2-1024x682.jpg 1024w, https:\/\/www.au-pays-des-merveilles.com\/blog\/wp-content\/uploads\/2015\/07\/sephora-saint-tropez-2-300x200.jpg 300w\" sizes=\"auto, (max-width: 650px) 100vw, 650px\" \/><\/p>\n<p style=\"text-align: justify;\">Situ\u00e9e au 58 rue Georges Cl\u00e9menceau, la boutique a r\u00e9ouverte d\u00e9but juin suite \u00e0 des travaux d&rsquo;agrandissement pour le plus grand bonheur des habitant(e)s et des touristes.<\/p>\n<p style=\"text-align: justify;\"><img loading=\"lazy\" decoding=\"async\" class=\"alignleft wp-image-18034\" src=\"https:\/\/www.au-pays-des-merveilles.com\/blog\/wp-content\/uploads\/2015\/07\/Color-profile.jpg\" alt=\"Color-profile\" width=\"300\" height=\"186\" srcset=\"https:\/\/www.au-pays-des-merveilles.com\/blog\/wp-content\/uploads\/2015\/07\/Color-profile.jpg 440w, https:\/\/www.au-pays-des-merveilles.com\/blog\/wp-content\/uploads\/2015\/07\/Color-profile-300x186.jpg 300w\" sizes=\"auto, (max-width: 300px) 100vw, 300px\" \/>J&rsquo;y ai v\u00e9cu une exp\u00e9rience beaut\u00e9 unique puisque le shop propose un service \u00e0 la pointe de la technologie d\u00e9velopp\u00e9 en partenariat avec <strong>Pantone Color Profile<\/strong>, dispo sur 1\/3 du r\u00e9seau Sephora France. Cette petite merveille permet de trouver avec exactitude une s\u00e9lection multimarques de fonds de teint adapt\u00e9e \u00e0 sa carnation. Comment \u00e7a marche ? C&rsquo;est simple, les vendeuses disposent d&rsquo;un petit appareil, le colorim\u00e8tre, qui\u00a0capture votre teint. Il identifie ainsi notre teint Pantone et il nous r\u00e9v\u00e8le ainsi les fonds de teint qui nous correspondent. On re\u00e7oit directement la s\u00e9lection de fonds de teint sur notre mail. Magique ! Donc moi contente parce que je sais enfin quel produit et quelle couleur prendre ! Nickel Miguel !<\/p>\n<p style=\"text-align: justify;\"><img loading=\"lazy\" decoding=\"async\" class=\"aligncenter wp-image-18076\" src=\"https:\/\/www.au-pays-des-merveilles.com\/blog\/wp-content\/uploads\/2015\/07\/sephora-saint-tropez-61-1024x682.jpg\" alt=\"sephora-saint-tropez-61\" width=\"450\" height=\"300\" srcset=\"https:\/\/www.au-pays-des-merveilles.com\/blog\/wp-content\/uploads\/2015\/07\/sephora-saint-tropez-61-1024x682.jpg 1024w, https:\/\/www.au-pays-des-merveilles.com\/blog\/wp-content\/uploads\/2015\/07\/sephora-saint-tropez-61-300x200.jpg 300w\" sizes=\"auto, (max-width: 450px) 100vw, 450px\" \/><\/p>\n<p style=\"text-align: justify;\">Ensuite, j&rsquo;ai pu voir les parfums d&rsquo;exception comme Armani Priv\u00e9 et les marques exclusives de parfum like\u00a0Jimmy Choo, Mango Lady Rebel, Lady Gaga, Desigual, Roberto Cavalli &#8230; pr\u00e9sent\u00e9es dans cette boutique et surtout en exclu\u00a0la c\u00e9l\u00e8bre marque de parfum Acqua Di Parma qu&rsquo;on ne trouve QUE au Sephora de Saint Tropez.<\/p>\n<p style=\"text-align: justify;\"><img loading=\"lazy\" decoding=\"async\" class=\"aligncenter wp-image-18077\" src=\"https:\/\/www.au-pays-des-merveilles.com\/blog\/wp-content\/uploads\/2015\/07\/sephora-saint-tropez-22-1024x682.jpg\" alt=\"sephora-saint-tropez-22\" width=\"650\" height=\"433\" srcset=\"https:\/\/www.au-pays-des-merveilles.com\/blog\/wp-content\/uploads\/2015\/07\/sephora-saint-tropez-22-1024x682.jpg 1024w, https:\/\/www.au-pays-des-merveilles.com\/blog\/wp-content\/uploads\/2015\/07\/sephora-saint-tropez-22-300x200.jpg 300w\" sizes=\"auto, (max-width: 650px) 100vw, 650px\" \/><\/p>\n<p style=\"text-align: justify;\">Apr\u00e8s, on retrouve Benefit (rhaaaa j&rsquo;ai test\u00e9 le nouveau eye liner \u00ab\u00a0<a rel=\"nofollow\" href=\"http:\/\/www.sephora.fr\/Maquillage\/Yeux\/Eyeliners\/They-re-Real-Push-up-liner-Eyeliner-gel\/P1843001\" target=\"_blank\" rel=\"nofollow noopener noreferrer\">They&rsquo;re Real push-up liner !<\/a> \u00ab\u00a0, je l&rsquo;ai adopt\u00e9 &#8230; je vous en reparle tr\u00e8s vite !), Clarisonic, By Terry, Urban Decay, Formula X, &#8230; et dans les capillaires notamment Alterna (je suis en train de tester <a rel=\"nofollow\" href=\"http:\/\/www.sephora.fr\/Cheveux\/Soin-Apres-shampooing\/Cheveux-mixtes-a-gras\/Caviar-CC-Cream-CC-Cream-pour-cheveux\/P1847007\" target=\"_blank\" rel=\"nofollow noopener noreferrer\">une petite merveille pour les cheveux<\/a> &#8230; \u00e0 suivre ! vl\u00e0 le teasing de ouf !!)<\/p>\n<p>\u00a0L&rsquo;\u00e9quipe de 10 personnes est aux petits soins pour vous combler ! On sent qu&rsquo;il y a vraiment une bonne entente entre les employ\u00e9s, \u00e7a fait plais&rsquo; \u00e0 voir ! Merci \u00e0 toute l&rsquo;\u00e9quipe de Virginie (quel beau pr\u00e9nom ! haha!) pour leur accueil !<\/p>\n<p><img loading=\"lazy\" decoding=\"async\" class=\"aligncenter wp-image-18078\" src=\"https:\/\/www.au-pays-des-merveilles.com\/blog\/wp-content\/uploads\/2015\/07\/sephora-saint-tropez-64-1024x682.jpg\" alt=\"sephora-saint-tropez-64\" width=\"650\" height=\"433\" srcset=\"https:\/\/www.au-pays-des-merveilles.com\/blog\/wp-content\/uploads\/2015\/07\/sephora-saint-tropez-64-1024x682.jpg 1024w, https:\/\/www.au-pays-des-merveilles.com\/blog\/wp-content\/uploads\/2015\/07\/sephora-saint-tropez-64-300x200.jpg 300w\" sizes=\"auto, (max-width: 650px) 100vw, 650px\" \/><\/p>\n<p>La boutique est ouverte du lundi au samedi, de 9h30 \u00e0 19h30, non stop. Moi j&rsquo;dis, je sais o\u00f9 sera mon QG quand je retournerai sur St Trop&rsquo; !<\/p>\n","protected":false},"excerpt":{"rendered":"<p>Welcome to Saint Tropez ! Il y a quinze jours, j&rsquo;ai rev\u00eatu ma plus belle robe pour l&rsquo;inauguration de la nouvelle boutique Sephora \u00e0 Saint Tropez : Sephora Plage. Situ\u00e9e au 58 rue Georges Cl\u00e9menceau, la boutique a r\u00e9ouverte d\u00e9but juin suite \u00e0 des travaux d&rsquo;agrandissement pour le plus grand bonheur des habitant(e)s et des<\/p>\n","protected":false},"author":1,"featured_media":0,"comment_status":"open","ping_status":"open","sticky":false,"template":"","format":"standard","meta":{"footnotes":""},"categories":[6],"tags":[49,106],"class_list":["post-17913","post","type-post","status-publish","format-standard","hentry","category-beautiful-girl","tag-beaute","tag-sephora"],"_links":{"self":[{"href":"https:\/\/www.au-pays-des-merveilles.com\/blog\/wp-json\/wp\/v2\/posts\/17913","targetHints":{"allow":["GET"]}}],"collection":[{"href":"https:\/\/www.au-pays-des-merveilles.com\/blog\/wp-json\/wp\/v2\/posts"}],"about":[{"href":"https:\/\/www.au-pays-des-merveilles.com\/blog\/wp-json\/wp\/v2\/types\/post"}],"author":[{"embeddable":true,"href":"https:\/\/www.au-pays-des-merveilles.com\/blog\/wp-json\/wp\/v2\/users\/1"}],"replies":[{"embeddable":true,"href":"https:\/\/www.au-pays-des-merveilles.com\/blog\/wp-json\/wp\/v2\/comments?post=17913"}],"version-history":[{"count":0,"href":"https:\/\/www.au-pays-des-merveilles.com\/blog\/wp-json\/wp\/v2\/posts\/17913\/revisions"}],"wp:attachment":[{"href":"https:\/\/www.au-pays-des-merveilles.com\/blog\/wp-json\/wp\/v2\/media?parent=17913"}],"wp:term":[{"taxonomy":"category","embeddable":true,"href":"https:\/\/www.au-pays-des-merveilles.com\/blog\/wp-json\/wp\/v2\/categories?post=17913"},{"taxonomy":"post_tag","embeddable":true,"href":"https:\/\/www.au-pays-des-merveilles.com\/blog\/wp-json\/wp\/v2\/tags?post=17913"}],"curies":[{"name":"wp","href":"https:\/\/api.w.org\/{rel}","templated":true}]}}