{"id":18229,"date":"2014-09-08T12:23:12","date_gmt":"2014-09-08T10:23:12","guid":{"rendered":"http:\/\/www.au-pays-des-merveilles.com\/blog\/?p=18229"},"modified":"2019-04-28T12:14:17","modified_gmt":"2019-04-28T10:14:17","slug":"baggy-boy-opel-adam","status":"publish","type":"post","link":"https:\/\/www.au-pays-des-merveilles.com\/blog\/2014\/09\/08\/baggy-boy-opel-adam\/","title":{"rendered":"Une s\u00e9ance shopping avec un beau gosse en Opel Adam, \u00e7a vous tente ?"},"content":{"rendered":"<p style=\"text-align: justify;\">Les fiiiiilles !! J&rsquo;ai un bon plan della muerte \u00e0 vous proposer &#8211;&gt; OPEL ADAM vous offre une s\u00e9ance shopping en compagnie d&rsquo;un Baggy Boy ! Huhu !!<\/p>\n<p style=\"text-align: justify;\">Et comment qu&rsquo;on fait ? C&rsquo;est tr\u00e8s simple, depuis le 1er septembre, il suffit de se rendre dans l&rsquo;un des centres commerciaux ci-dessous et de tenter votre chance pendant la tourn\u00e9e Opel Adam :<\/p>\n<p style=\"text-align: justify;\">\u2022\u00a0Caen \u2013 du 8 au 13 Septembre<br \/>\n\u2022\u00a0B\u00e8gles (Bordeaux) \u2013 du 8 au 13 Septembre<br \/>\n\u2022\u00a0Englos \u2013 du 15 au 20 Septembre<br \/>\n\u2022\u00a0Noyelles Godault \u2013 du 15 au 20 Septembre<br \/>\n\u2022\u00a0Cr\u00e9teil \u2013 du 22 au 27 Septembre<br \/>\n\u2022\u00a0Nancy \u2013 du 22 au 27 Septembre<br \/>\n\u2022\u00a0Val d&rsquo;Europe &#8211; du 29 Septembre au 04 Octobre<br \/>\n\u2022\u00a0Illkirch \u2013 du 29 Septembre au 04 Octobre<br \/>\n\u2022\u00a0Ecully (Lyon) \u2013 du 6 au 11 Octobre<br \/>\n\u2022\u00a0Annecy \u2013 du 6 au 11 Octobre<\/p>\n<p style=\"text-align: justify;\">Pour cela, vous devrez user de votre habilet\u00e9 en tentant\u00a0d\u2019attraper un Baggy Boy dans la machine \u00e0 grappin ! Look :<\/p>\n<p><img loading=\"lazy\" decoding=\"async\" src=\"http:\/\/ad.doubleclick.net\/ad\/N6428.146729SEOBLOG\/B8168680.111214648;sz=1x1;ord=[timestamp]?\" alt=\"Advertisement\" width=\"1\" height=\"1\" border=\"0\" \/><\/p>\n<p style=\"text-align: justify;\">Good luck les girls ! Moi j&rsquo;ai pas de bol, la tourn\u00e9e Opel Adam ne passe pas dans ma contr\u00e9e ! C&rsquo;est un scandaaaaale !! Hey, si vous gagnez les minettes, vous me le dites hein ?! Et n&rsquo;h\u00e9sitez pas \u00e0 partager votre exp\u00e9rience sur les r\u00e9seaux sociaux avec le hashtag #baggyboy !<\/p>\n<p style=\"text-align: right;\"><script id=\"bp-disclaimer\" src=\"http:\/\/api.buzzparadise.com\/scripts\/disclaimer\/bp-disclaimer.js?disclaimer=disclaimer_txt1_fr.gif&amp;blog=7735&amp;campaign=2106\" type=\"text\/javascript\"><\/script><\/p>\n","protected":false},"excerpt":{"rendered":"<p>Les fiiiiilles !! J&rsquo;ai un bon plan della muerte \u00e0 vous proposer &#8211;&gt; OPEL ADAM vous offre une s\u00e9ance shopping en compagnie d&rsquo;un Baggy Boy ! Huhu !! Et comment qu&rsquo;on fait ? C&rsquo;est tr\u00e8s simple, depuis le 1er septembre, il suffit de se rendre dans l&rsquo;un des centres commerciaux ci-dessous et de tenter votre<\/p>\n","protected":false},"author":1,"featured_media":0,"comment_status":"open","ping_status":"open","sticky":false,"template":"","format":"standard","meta":{"footnotes":""},"categories":[20,25],"tags":[1313,185,43,359,1311,1312],"class_list":["post-18229","post","type-post","status-publish","format-standard","hentry","category-buzz","category-concours","tag-baggy-boy","tag-buzz-2","tag-buzzparadise","tag-jeu","tag-opel","tag-opel-adam"],"_links":{"self":[{"href":"https:\/\/www.au-pays-des-merveilles.com\/blog\/wp-json\/wp\/v2\/posts\/18229","targetHints":{"allow":["GET"]}}],"collection":[{"href":"https:\/\/www.au-pays-des-merveilles.com\/blog\/wp-json\/wp\/v2\/posts"}],"about":[{"href":"https:\/\/www.au-pays-des-merveilles.com\/blog\/wp-json\/wp\/v2\/types\/post"}],"author":[{"embeddable":true,"href":"https:\/\/www.au-pays-des-merveilles.com\/blog\/wp-json\/wp\/v2\/users\/1"}],"replies":[{"embeddable":true,"href":"https:\/\/www.au-pays-des-merveilles.com\/blog\/wp-json\/wp\/v2\/comments?post=18229"}],"version-history":[{"count":0,"href":"https:\/\/www.au-pays-des-merveilles.com\/blog\/wp-json\/wp\/v2\/posts\/18229\/revisions"}],"wp:attachment":[{"href":"https:\/\/www.au-pays-des-merveilles.com\/blog\/wp-json\/wp\/v2\/media?parent=18229"}],"wp:term":[{"taxonomy":"category","embeddable":true,"href":"https:\/\/www.au-pays-des-merveilles.com\/blog\/wp-json\/wp\/v2\/categories?post=18229"},{"taxonomy":"post_tag","embeddable":true,"href":"https:\/\/www.au-pays-des-merveilles.com\/blog\/wp-json\/wp\/v2\/tags?post=18229"}],"curies":[{"name":"wp","href":"https:\/\/api.w.org\/{rel}","templated":true}]}}