{"id":18377,"date":"2014-10-13T22:00:31","date_gmt":"2014-10-13T20:00:31","guid":{"rendered":"http:\/\/www.au-pays-des-merveilles.com\/blog\/?p=18377"},"modified":"2019-03-22T17:16:58","modified_gmt":"2019-03-22T15:16:58","slug":"carnet-de-voyage-la-reunion-3","status":"publish","type":"post","link":"https:\/\/www.au-pays-des-merveilles.com\/blog\/2014\/10\/13\/carnet-de-voyage-la-reunion-3\/","title":{"rendered":"{Carnet de voyages} : La R\u00e9union #3"},"content":{"rendered":"<p style=\"text-align: justify;\"><img loading=\"lazy\" decoding=\"async\" class=\"aligncenter wp-image-18419\" src=\"https:\/\/www.au-pays-des-merveilles.com\/blog\/wp-content\/uploads\/2015\/09\/13-18377-post\/RUN-1024x222.jpg\" alt=\"RUN\" width=\"650\" height=\"141\" srcset=\"https:\/\/www.au-pays-des-merveilles.com\/blog\/wp-content\/uploads\/2015\/09\/13-18377-post\/RUN-1024x222.jpg 1024w, https:\/\/www.au-pays-des-merveilles.com\/blog\/wp-content\/uploads\/2015\/09\/13-18377-post\/RUN-300x65.jpg 300w\" sizes=\"auto, (max-width: 650px) 100vw, 650px\" \/><\/p>\n<p style=\"text-align: justify;\">Oulala, pas facile de se remettre sur l&rsquo;\u00eele quand on est revenu il y a plus d&rsquo;une semaine et qu&rsquo;on ne voit plus la lumi\u00e8re du jour tellement on a la t\u00eate dans le guidon &#8230; VEUX REPARTIIIR !! Bon ben comme spa possible, on va se rem\u00e9morer les jolis moments sur \u00e0 La R\u00e9union &#8230; ! Enjoy !<\/p>\n<p style=\"text-align: justify;\"><!--more--><\/p>\n<h2 style=\"text-align: justify;\"><em><span style=\"text-decoration: underline;\">JOUR 7<\/span><\/em><\/h2>\n<p style=\"text-align: justify;\">Apr\u00e8s s&rsquo;\u00eatre remis de nos \u00e9motions de la veille avec les baleines, j&rsquo;ai eu droit \u00e0 la visite de <strong>Saint Denis<\/strong>, la capitale !<\/p>\n<p style=\"text-align: justify;\"><img loading=\"lazy\" decoding=\"async\" class=\"aligncenter wp-image-18357\" src=\"https:\/\/www.au-pays-des-merveilles.com\/blog\/wp-content\/uploads\/2015\/09\/30-18321-post\/RUN46-1024x229.jpg\" alt=\"RUN46\" width=\"650\" height=\"146\" srcset=\"https:\/\/www.au-pays-des-merveilles.com\/blog\/wp-content\/uploads\/2015\/09\/30-18321-post\/RUN46-1024x229.jpg 1024w, https:\/\/www.au-pays-des-merveilles.com\/blog\/wp-content\/uploads\/2015\/09\/30-18321-post\/RUN46-300x67.jpg 300w\" sizes=\"auto, (max-width: 650px) 100vw, 650px\" \/><\/p>\n<p style=\"text-align: justify;\">J&rsquo;y ai d\u00e9couvert un joli parc fleuri (me souviens plus des noms, suis d\u00e9sol\u00e9e !)<\/p>\n<p style=\"text-align: justify;\"><img loading=\"lazy\" decoding=\"async\" class=\"aligncenter wp-image-18358\" src=\"https:\/\/www.au-pays-des-merveilles.com\/blog\/wp-content\/uploads\/2015\/09\/30-18321-post\/RUN47-1024x768.jpg\" alt=\"RUN47\" width=\"650\" height=\"488\" srcset=\"https:\/\/www.au-pays-des-merveilles.com\/blog\/wp-content\/uploads\/2015\/09\/30-18321-post\/RUN47-1024x768.jpg 1024w, https:\/\/www.au-pays-des-merveilles.com\/blog\/wp-content\/uploads\/2015\/09\/30-18321-post\/RUN47-300x225.jpg 300w\" sizes=\"auto, (max-width: 650px) 100vw, 650px\" \/><\/p>\n<p style=\"text-align: justify;\"><img loading=\"lazy\" decoding=\"async\" class=\"aligncenter wp-image-18359\" src=\"https:\/\/www.au-pays-des-merveilles.com\/blog\/wp-content\/uploads\/2015\/09\/30-18321-post\/RUN48-1024x768.jpg\" alt=\"RUN48\" width=\"650\" height=\"488\" srcset=\"https:\/\/www.au-pays-des-merveilles.com\/blog\/wp-content\/uploads\/2015\/09\/30-18321-post\/RUN48-1024x768.jpg 1024w, https:\/\/www.au-pays-des-merveilles.com\/blog\/wp-content\/uploads\/2015\/09\/30-18321-post\/RUN48-300x225.jpg 300w\" sizes=\"auto, (max-width: 650px) 100vw, 650px\" \/><\/p>\n<p style=\"text-align: justify;\">Et la fameuse rue de Paris, la rue principale de la ville o\u00f9 se situent toutes les institutions et les cases traditionnelles &#8230;<\/p>\n<p style=\"text-align: justify;\"><img loading=\"lazy\" decoding=\"async\" class=\"aligncenter wp-image-18360\" src=\"https:\/\/www.au-pays-des-merveilles.com\/blog\/wp-content\/uploads\/2015\/09\/30-18321-post\/RUN49-768x1024.jpg\" alt=\"RUN49\" width=\"650\" height=\"867\" srcset=\"https:\/\/www.au-pays-des-merveilles.com\/blog\/wp-content\/uploads\/2015\/09\/30-18321-post\/RUN49-768x1024.jpg 768w, https:\/\/www.au-pays-des-merveilles.com\/blog\/wp-content\/uploads\/2015\/09\/30-18321-post\/RUN49-225x300.jpg 225w\" sizes=\"auto, (max-width: 650px) 100vw, 650px\" \/><\/p>\n<p style=\"text-align: justify;\"><img loading=\"lazy\" decoding=\"async\" class=\"aligncenter wp-image-18361\" src=\"https:\/\/www.au-pays-des-merveilles.com\/blog\/wp-content\/uploads\/2015\/09\/30-18321-post\/RUN50-1024x1024.jpg\" alt=\"RUN50\" width=\"650\" height=\"650\" srcset=\"https:\/\/www.au-pays-des-merveilles.com\/blog\/wp-content\/uploads\/2015\/09\/30-18321-post\/RUN50-1024x1024.jpg 1024w, https:\/\/www.au-pays-des-merveilles.com\/blog\/wp-content\/uploads\/2015\/09\/30-18321-post\/RUN50-150x150.jpg 150w, https:\/\/www.au-pays-des-merveilles.com\/blog\/wp-content\/uploads\/2015\/09\/30-18321-post\/RUN50-300x300.jpg 300w\" sizes=\"auto, (max-width: 650px) 100vw, 650px\" \/><img loading=\"lazy\" decoding=\"async\" class=\"aligncenter wp-image-18362\" src=\"https:\/\/www.au-pays-des-merveilles.com\/blog\/wp-content\/uploads\/2015\/09\/30-18321-post\/RUN51-1024x1024.jpg\" alt=\"RUN51\" width=\"650\" height=\"650\" srcset=\"https:\/\/www.au-pays-des-merveilles.com\/blog\/wp-content\/uploads\/2015\/09\/30-18321-post\/RUN51-1024x1024.jpg 1024w, https:\/\/www.au-pays-des-merveilles.com\/blog\/wp-content\/uploads\/2015\/09\/30-18321-post\/RUN51-150x150.jpg 150w, https:\/\/www.au-pays-des-merveilles.com\/blog\/wp-content\/uploads\/2015\/09\/30-18321-post\/RUN51-300x300.jpg 300w\" sizes=\"auto, (max-width: 650px) 100vw, 650px\" \/><\/p>\n<p style=\"text-align: center;\">Elle est pas trop belle cette photo ? (me fais des compliments !!)<\/p>\n<p style=\"text-align: justify;\"><img loading=\"lazy\" decoding=\"async\" class=\"aligncenter wp-image-18363\" src=\"https:\/\/www.au-pays-des-merveilles.com\/blog\/wp-content\/uploads\/2015\/09\/30-18321-post\/RUN52-1024x767.jpg\" alt=\"RUN52\" width=\"650\" height=\"487\" srcset=\"https:\/\/www.au-pays-des-merveilles.com\/blog\/wp-content\/uploads\/2015\/09\/30-18321-post\/RUN52-1024x767.jpg 1024w, https:\/\/www.au-pays-des-merveilles.com\/blog\/wp-content\/uploads\/2015\/09\/30-18321-post\/RUN52-300x224.jpg 300w\" sizes=\"auto, (max-width: 650px) 100vw, 650px\" \/><\/p>\n<p style=\"text-align: center;\">Vous avez vu la taille de cet arbre ?!<\/p>\n<p style=\"text-align: justify;\"><img loading=\"lazy\" decoding=\"async\" class=\"aligncenter wp-image-18364\" src=\"https:\/\/www.au-pays-des-merveilles.com\/blog\/wp-content\/uploads\/2015\/09\/30-18321-post\/RUN53-768x1024.jpg\" alt=\"RUN53\" width=\"650\" height=\"867\" srcset=\"https:\/\/www.au-pays-des-merveilles.com\/blog\/wp-content\/uploads\/2015\/09\/30-18321-post\/RUN53-768x1024.jpg 768w, https:\/\/www.au-pays-des-merveilles.com\/blog\/wp-content\/uploads\/2015\/09\/30-18321-post\/RUN53-225x300.jpg 225w\" sizes=\"auto, (max-width: 650px) 100vw, 650px\" \/><\/p>\n<p style=\"text-align: center;\">Le boulevard des boutiques de luxe .. si ! si ! on dirait pas comme \u00e7a mais y&rsquo;a de boutique de luxe !!<\/p>\n<p style=\"text-align: justify;\"><img loading=\"lazy\" decoding=\"async\" class=\"aligncenter wp-image-18365\" src=\"https:\/\/www.au-pays-des-merveilles.com\/blog\/wp-content\/uploads\/2015\/09\/30-18321-post\/RUN54-1024x1024.jpg\" alt=\"RUN54\" width=\"650\" height=\"650\" srcset=\"https:\/\/www.au-pays-des-merveilles.com\/blog\/wp-content\/uploads\/2015\/09\/30-18321-post\/RUN54-1024x1024.jpg 1024w, https:\/\/www.au-pays-des-merveilles.com\/blog\/wp-content\/uploads\/2015\/09\/30-18321-post\/RUN54-150x150.jpg 150w, https:\/\/www.au-pays-des-merveilles.com\/blog\/wp-content\/uploads\/2015\/09\/30-18321-post\/RUN54-300x300.jpg 300w\" sizes=\"auto, (max-width: 650px) 100vw, 650px\" \/><\/p>\n<p style=\"text-align: justify;\">Visite termin\u00e9e &#8230; passons \u00e0 l&rsquo;ap\u00e9rooo &#8230; \u00a0Je surkiffe les bouchons (on dirait des raviolis vapeur avec chaipaquoi dedans mais c&rsquo;est trooop bon ! M&rsquo;en ferais p\u00e9ter le bide !) ! Me suis mise bien avec un rhum arrang\u00e9 \u00e0 la banane ! Parfait pour se r\u00e9chauffer, vu que le temps tourne tr\u00e8s vite l\u00e0 bas ! On s&rsquo;est tap\u00e9 l&rsquo;orage et moi deux trois glissades sur le bitume ! M\u00e9morable !!<\/p>\n<h2 style=\"text-align: justify;\"><span style=\"text-decoration: underline;\">JOUR 8 &amp; 9\u00a0<\/span><\/h2>\n<p style=\"text-align: justify;\">En parlant de temps, on n&rsquo;a pas eu de chance pour le week-end vu qu&rsquo;on s&rsquo;est tap\u00e9 un joli orage (quand \u00e7a pleut l\u00e0 bas, \u00e7a rigole pas !) qui a fait qu&rsquo;on n&rsquo;a pas pu se faire une rando au cirque de Mafate &#8230; Pas grave, \u00e0 St Gilles les Bains, il y fait toujours beau &#8230; micro climat, obligeay ! Session de snorkeling comme une gamine, obligeay !<\/p>\n<p style=\"text-align: justify;\">Le lendemain, pour mon anniversaire, mon tour operator m&rsquo;a emmen\u00e9 dans un tr\u00e8s joli village, perch\u00e9 au fin fond au fin fond de la Salazie : <strong>Hell-Bourg<\/strong>. Le label Plus Beau Village de France lui a \u00e9t\u00e9 attribu\u00e9. Il le m\u00e9rite amplement ! Ses rues et son cimeti\u00e8re tr\u00e8s fleuri entour\u00e9 de bambous \u00e9tant particuli\u00e8rement pittoresque. Le village poss\u00e8de de nombreuses maisons de la seconde moiti\u00e9 du XIX\u00e8me si\u00e8cle, construites par de riches planteurs et de commer\u00e7ants de la c\u00f4te \u00e0 proximit\u00e9 des Thermes disparus au d\u00e9but du XX\u00e8me si\u00e8cle.<\/p>\n<p><img loading=\"lazy\" decoding=\"async\" class=\"aligncenter wp-image-18423\" src=\"https:\/\/www.au-pays-des-merveilles.com\/blog\/wp-content\/uploads\/2015\/10\/13-18377-post\/RUN2-1024x1024.jpg\" alt=\"RUN2\" width=\"650\" height=\"650\" srcset=\"https:\/\/www.au-pays-des-merveilles.com\/blog\/wp-content\/uploads\/2015\/10\/13-18377-post\/RUN2-1024x1024.jpg 1024w, https:\/\/www.au-pays-des-merveilles.com\/blog\/wp-content\/uploads\/2015\/10\/13-18377-post\/RUN2-150x150.jpg 150w, https:\/\/www.au-pays-des-merveilles.com\/blog\/wp-content\/uploads\/2015\/10\/13-18377-post\/RUN2-300x300.jpg 300w\" sizes=\"auto, (max-width: 650px) 100vw, 650px\" \/><img loading=\"lazy\" decoding=\"async\" class=\"aligncenter wp-image-18424\" src=\"https:\/\/www.au-pays-des-merveilles.com\/blog\/wp-content\/uploads\/2015\/10\/13-18377-post\/RUN3-1024x768.jpg\" alt=\"RUN3\" width=\"650\" height=\"488\" srcset=\"https:\/\/www.au-pays-des-merveilles.com\/blog\/wp-content\/uploads\/2015\/10\/13-18377-post\/RUN3-1024x768.jpg 1024w, https:\/\/www.au-pays-des-merveilles.com\/blog\/wp-content\/uploads\/2015\/10\/13-18377-post\/RUN3-300x225.jpg 300w\" sizes=\"auto, (max-width: 650px) 100vw, 650px\" \/><img loading=\"lazy\" decoding=\"async\" class=\"aligncenter wp-image-18425\" src=\"https:\/\/www.au-pays-des-merveilles.com\/blog\/wp-content\/uploads\/2015\/10\/13-18377-post\/RUN4-1024x768.jpg\" alt=\"RUN4\" width=\"650\" height=\"488\" srcset=\"https:\/\/www.au-pays-des-merveilles.com\/blog\/wp-content\/uploads\/2015\/10\/13-18377-post\/RUN4-1024x768.jpg 1024w, https:\/\/www.au-pays-des-merveilles.com\/blog\/wp-content\/uploads\/2015\/10\/13-18377-post\/RUN4-300x225.jpg 300w\" sizes=\"auto, (max-width: 650px) 100vw, 650px\" \/><\/p>\n<p style=\"text-align: center;\"><em>Maison d&rsquo;h\u00f4tes &#8230;<\/em><img loading=\"lazy\" decoding=\"async\" class=\"aligncenter wp-image-18426\" src=\"https:\/\/www.au-pays-des-merveilles.com\/blog\/wp-content\/uploads\/2015\/10\/13-18377-post\/RUN5-768x1024.jpg\" alt=\"RUN5\" width=\"650\" height=\"867\" srcset=\"https:\/\/www.au-pays-des-merveilles.com\/blog\/wp-content\/uploads\/2015\/10\/13-18377-post\/RUN5-768x1024.jpg 768w, https:\/\/www.au-pays-des-merveilles.com\/blog\/wp-content\/uploads\/2015\/10\/13-18377-post\/RUN5-225x300.jpg 225w\" sizes=\"auto, (max-width: 650px) 100vw, 650px\" \/><\/p>\n<p style=\"text-align: center;\"><em>Chat noir !&#8230;<\/em><\/p>\n<p style=\"text-align: center;\"><img loading=\"lazy\" decoding=\"async\" class=\"aligncenter wp-image-18427\" src=\"https:\/\/www.au-pays-des-merveilles.com\/blog\/wp-content\/uploads\/2015\/10\/13-18377-post\/RUN6-1024x1024.jpg\" alt=\"RUN6\" width=\"650\" height=\"650\" srcset=\"https:\/\/www.au-pays-des-merveilles.com\/blog\/wp-content\/uploads\/2015\/10\/13-18377-post\/RUN6-1024x1024.jpg 1024w, https:\/\/www.au-pays-des-merveilles.com\/blog\/wp-content\/uploads\/2015\/10\/13-18377-post\/RUN6-150x150.jpg 150w, https:\/\/www.au-pays-des-merveilles.com\/blog\/wp-content\/uploads\/2015\/10\/13-18377-post\/RUN6-300x300.jpg 300w\" sizes=\"auto, (max-width: 650px) 100vw, 650px\" \/><\/p>\n<p style=\"text-align: center;\"><em>It smell like a flower &#8230;<\/em><\/p>\n<p style=\"text-align: center;\"><img loading=\"lazy\" decoding=\"async\" class=\"aligncenter wp-image-18428\" src=\"https:\/\/www.au-pays-des-merveilles.com\/blog\/wp-content\/uploads\/2015\/10\/13-18377-post\/RUN7-1024x221.jpg\" alt=\"RUN7\" width=\"650\" height=\"140\" srcset=\"https:\/\/www.au-pays-des-merveilles.com\/blog\/wp-content\/uploads\/2015\/10\/13-18377-post\/RUN7-1024x221.jpg 1024w, https:\/\/www.au-pays-des-merveilles.com\/blog\/wp-content\/uploads\/2015\/10\/13-18377-post\/RUN7-300x64.jpg 300w\" sizes=\"auto, (max-width: 650px) 100vw, 650px\" \/><\/p>\n<p style=\"text-align: center;\"><em>Salazie<\/em><\/p>\n<p style=\"text-align: justify;\">Comme vous pouvez le voir, on n&rsquo;a pas eu de bol niveau temps non plus vu la brume qui peu \u00e0 peu descendait sur les hauteurs &#8230; autant vous dire qu&rsquo;on a abandonn\u00e9 l&rsquo;id\u00e9e d&rsquo;une rando &#8230; du coup, on a pu admirer le Voile de la Mari\u00e9e &#8230;<\/p>\n<p style=\"text-align: justify;\"><img loading=\"lazy\" decoding=\"async\" class=\"aligncenter wp-image-18429\" src=\"https:\/\/www.au-pays-des-merveilles.com\/blog\/wp-content\/uploads\/2015\/10\/13-18377-post\/RUN8-1024x1024.jpg\" alt=\"RUN8\" width=\"650\" height=\"650\" srcset=\"https:\/\/www.au-pays-des-merveilles.com\/blog\/wp-content\/uploads\/2015\/10\/13-18377-post\/RUN8-1024x1024.jpg 1024w, https:\/\/www.au-pays-des-merveilles.com\/blog\/wp-content\/uploads\/2015\/10\/13-18377-post\/RUN8-150x150.jpg 150w, https:\/\/www.au-pays-des-merveilles.com\/blog\/wp-content\/uploads\/2015\/10\/13-18377-post\/RUN8-300x300.jpg 300w\" sizes=\"auto, (max-width: 650px) 100vw, 650px\" \/><\/p>\n<p style=\"text-align: justify;\">Et le Phare de Ste Suzanne &#8230; (je vous ai bien r\u00e9sum\u00e9 la journ\u00e9e sinon on n&rsquo;est pas rendu ! enfin moi surtout !)<\/p>\n<p style=\"text-align: justify;\"><img loading=\"lazy\" decoding=\"async\" class=\"aligncenter wp-image-18430\" src=\"https:\/\/www.au-pays-des-merveilles.com\/blog\/wp-content\/uploads\/2015\/10\/13-18377-post\/RUN9-1024x1024.jpg\" alt=\"RUN9\" width=\"654\" height=\"654\" srcset=\"https:\/\/www.au-pays-des-merveilles.com\/blog\/wp-content\/uploads\/2015\/10\/13-18377-post\/RUN9-1024x1024.jpg 1024w, https:\/\/www.au-pays-des-merveilles.com\/blog\/wp-content\/uploads\/2015\/10\/13-18377-post\/RUN9-150x150.jpg 150w, https:\/\/www.au-pays-des-merveilles.com\/blog\/wp-content\/uploads\/2015\/10\/13-18377-post\/RUN9-300x300.jpg 300w\" sizes=\"auto, (max-width: 654px) 100vw, 654px\" \/><\/p>\n<p style=\"text-align: justify;\">Et le soir, \u00e0 ma plus grande surprise, un diner d&rsquo;anniversaire comme j&rsquo;en ai rarement eu ! Manger des aiguillettes de poulet aux champignons, sauce bien cr\u00e8meuse, sur des feuilles de bananier, avec les doigts ! Hahahaaaa ! Grosse marade et tr\u00e8s chouette moment ! <em>Merci encore les loulous, c&rsquo;\u00e9tait top !<\/em><\/p>\n<p style=\"text-align: justify;\"><img loading=\"lazy\" decoding=\"async\" class=\"aligncenter wp-image-18431\" src=\"https:\/\/www.au-pays-des-merveilles.com\/blog\/wp-content\/uploads\/2015\/10\/13-18377-post\/RUN10-1024x1024.jpg\" alt=\"RUN10\" width=\"650\" height=\"650\" srcset=\"https:\/\/www.au-pays-des-merveilles.com\/blog\/wp-content\/uploads\/2015\/10\/13-18377-post\/RUN10-1024x1024.jpg 1024w, https:\/\/www.au-pays-des-merveilles.com\/blog\/wp-content\/uploads\/2015\/10\/13-18377-post\/RUN10-150x150.jpg 150w, https:\/\/www.au-pays-des-merveilles.com\/blog\/wp-content\/uploads\/2015\/10\/13-18377-post\/RUN10-300x300.jpg 300w\" sizes=\"auto, (max-width: 650px) 100vw, 650px\" \/><\/p>\n<h2 style=\"text-align: justify;\"><span style=\"text-decoration: underline;\">JOUR 10<\/span><\/h2>\n<p style=\"text-align: justify;\">Pas eu de chance avec les deux prochains jours o\u00f9 il n&rsquo;a pas fait un soleil exceptionnel mais on en a profit\u00e9 quand m\u00eame avec de tr\u00e8s jolis endroits \u00e0 admirer :<\/p>\n<p style=\"text-align: justify;\"><img loading=\"lazy\" decoding=\"async\" class=\"alignnone wp-image-18433\" src=\"https:\/\/www.au-pays-des-merveilles.com\/blog\/wp-content\/uploads\/2015\/10\/13-18377-post\/RUN12-1024x1024.jpg\" alt=\"RUN12\" width=\"325\" height=\"325\" srcset=\"https:\/\/www.au-pays-des-merveilles.com\/blog\/wp-content\/uploads\/2015\/10\/13-18377-post\/RUN12-1024x1024.jpg 1024w, https:\/\/www.au-pays-des-merveilles.com\/blog\/wp-content\/uploads\/2015\/10\/13-18377-post\/RUN12-150x150.jpg 150w, https:\/\/www.au-pays-des-merveilles.com\/blog\/wp-content\/uploads\/2015\/10\/13-18377-post\/RUN12-300x300.jpg 300w\" sizes=\"auto, (max-width: 325px) 100vw, 325px\" \/>\u00a0<img loading=\"lazy\" decoding=\"async\" class=\"alignnone wp-image-18432\" src=\"https:\/\/www.au-pays-des-merveilles.com\/blog\/wp-content\/uploads\/2015\/10\/13-18377-post\/RUN11-1024x1024.jpg\" alt=\"RUN11\" width=\"325\" height=\"325\" srcset=\"https:\/\/www.au-pays-des-merveilles.com\/blog\/wp-content\/uploads\/2015\/10\/13-18377-post\/RUN11-1024x1024.jpg 1024w, https:\/\/www.au-pays-des-merveilles.com\/blog\/wp-content\/uploads\/2015\/10\/13-18377-post\/RUN11-150x150.jpg 150w, https:\/\/www.au-pays-des-merveilles.com\/blog\/wp-content\/uploads\/2015\/10\/13-18377-post\/RUN11-300x300.jpg 300w\" sizes=\"auto, (max-width: 325px) 100vw, 325px\" \/><\/p>\n<p style=\"text-align: justify;\">Bassin la Mer &#8211; Bassin la Paix (<em>ou le contraire !! elle a encore bien \u00e9cout\u00e9 la dame !<\/em>) C&rsquo;est trop beau ! L&rsquo;\u00e9t\u00e9 (d\u00e9cembre-janvier), \u00e7a doit \u00eatre d\u00e9ment ces endroits pour se rafraichir et profiter !<\/p>\n<h2 style=\"text-align: justify;\"><span style=\"text-decoration: underline;\">JOUR 11<\/span><\/h2>\n<p><img loading=\"lazy\" decoding=\"async\" class=\"aligncenter wp-image-18434\" src=\"https:\/\/www.au-pays-des-merveilles.com\/blog\/wp-content\/uploads\/2015\/10\/13-18377-post\/RUN13-1024x768.jpg\" alt=\"RUN13\" width=\"625\" height=\"469\" srcset=\"https:\/\/www.au-pays-des-merveilles.com\/blog\/wp-content\/uploads\/2015\/10\/13-18377-post\/RUN13-1024x768.jpg 1024w, https:\/\/www.au-pays-des-merveilles.com\/blog\/wp-content\/uploads\/2015\/10\/13-18377-post\/RUN13-300x225.jpg 300w\" sizes=\"auto, (max-width: 625px) 100vw, 625px\" \/><\/p>\n<p>La jolie cascade des Trois Bassins &#8230; Un peu d\u00e9\u00e7ue de ne pas l&rsquo;avoir vu sous le soleil &#8230; \u00e7a doit \u00eatre sublime avec la couleur \u00e9meraude de l&rsquo;eau !<\/p>\n<p>Comme l&rsquo;eau \u00e9tait trop fraiche, rien de tel qu&rsquo;une bonne gaufre au Nutella sur la plage de Saint Gilles Ermitage, avec les baleines qui sautaient au loin &#8230;<\/p>\n<p><img loading=\"lazy\" decoding=\"async\" class=\"aligncenter wp-image-18435\" src=\"https:\/\/www.au-pays-des-merveilles.com\/blog\/wp-content\/uploads\/2015\/10\/13-18377-post\/RUN14.jpg\" alt=\"RUN14\" width=\"650\" height=\"650\" srcset=\"https:\/\/www.au-pays-des-merveilles.com\/blog\/wp-content\/uploads\/2015\/10\/13-18377-post\/RUN14.jpg 1024w, https:\/\/www.au-pays-des-merveilles.com\/blog\/wp-content\/uploads\/2015\/10\/13-18377-post\/RUN14-150x150.jpg 150w, https:\/\/www.au-pays-des-merveilles.com\/blog\/wp-content\/uploads\/2015\/10\/13-18377-post\/RUN14-300x300.jpg 300w\" sizes=\"auto, (max-width: 650px) 100vw, 650px\" \/><\/p>\n<p style=\"text-align: center;\">BONHEUR !!<\/p>\n<p><img loading=\"lazy\" decoding=\"async\" class=\"aligncenter wp-image-18436\" src=\"https:\/\/www.au-pays-des-merveilles.com\/blog\/wp-content\/uploads\/2015\/10\/13-18377-post\/RUN15-1024x1024.jpg\" alt=\"RUN15\" width=\"650\" height=\"650\" srcset=\"https:\/\/www.au-pays-des-merveilles.com\/blog\/wp-content\/uploads\/2015\/10\/13-18377-post\/RUN15-1024x1024.jpg 1024w, https:\/\/www.au-pays-des-merveilles.com\/blog\/wp-content\/uploads\/2015\/10\/13-18377-post\/RUN15-150x150.jpg 150w, https:\/\/www.au-pays-des-merveilles.com\/blog\/wp-content\/uploads\/2015\/10\/13-18377-post\/RUN15-300x300.jpg 300w, https:\/\/www.au-pays-des-merveilles.com\/blog\/wp-content\/uploads\/2015\/10\/13-18377-post\/RUN15.jpg 1092w\" sizes=\"auto, (max-width: 650px) 100vw, 650px\" \/><\/p>\n<p>Mais \u00e7a c&rsquo;\u00e9tait AVANT de vivre deux jours &#8230; <del>en enfer<\/del> au paradis &#8230; !<\/p>\n<p><img loading=\"lazy\" decoding=\"async\" class=\"aligncenter wp-image-18437\" src=\"https:\/\/www.au-pays-des-merveilles.com\/blog\/wp-content\/uploads\/2015\/10\/13-18377-post\/RUN16-1024x233.jpg\" alt=\"RUN16\" width=\"650\" height=\"148\" srcset=\"https:\/\/www.au-pays-des-merveilles.com\/blog\/wp-content\/uploads\/2015\/10\/13-18377-post\/RUN16-1024x233.jpg 1024w, https:\/\/www.au-pays-des-merveilles.com\/blog\/wp-content\/uploads\/2015\/10\/13-18377-post\/RUN16-300x68.jpg 300w\" sizes=\"auto, (max-width: 650px) 100vw, 650px\" \/><\/p>\n<p>&nbsp;<\/p>\n<p><a href=\"https:\/\/www.au-pays-des-merveilles.com\/blog\/2014\/10\/14\/carnet-de-voyage-la-reunion-4\/\">Suite vers article : La R\u00e9union #4<\/a><\/p>\n<p><a href=\"https:\/\/www.au-pays-des-merveilles.com\/blog\/2014\/09\/30\/carnet-de-voyage-la-reunion-2\/\">Retour vers article : La R\u00e9union #2<\/a><\/p>\n<p>&nbsp;<\/p>\n","protected":false},"excerpt":{"rendered":"<p>Oulala, pas facile de se remettre sur l&rsquo;\u00eele quand on est revenu il y a plus d&rsquo;une semaine et qu&rsquo;on ne voit plus la lumi\u00e8re du jour tellement on a la t\u00eate dans le guidon &#8230; VEUX REPARTIIIR !! Bon ben comme spa possible, on va se rem\u00e9morer les jolis moments sur \u00e0 La R\u00e9union<\/p>\n","protected":false},"author":1,"featured_media":0,"comment_status":"open","ping_status":"open","sticky":false,"template":"","format":"standard","meta":{"footnotes":""},"categories":[11],"tags":[1322,1321,1462,1320,91,155,1041,1270,1429],"class_list":["post-18377","post","type-post","status-publish","format-standard","hentry","category-voyages","tag-carnet-de-voyage","tag-ile-de-la-reunion","tag-iles","tag-la-reunion","tag-plage","tag-soleil","tag-soleil-des-iles","tag-sun","tag-voyage"],"_links":{"self":[{"href":"https:\/\/www.au-pays-des-merveilles.com\/blog\/wp-json\/wp\/v2\/posts\/18377","targetHints":{"allow":["GET"]}}],"collection":[{"href":"https:\/\/www.au-pays-des-merveilles.com\/blog\/wp-json\/wp\/v2\/posts"}],"about":[{"href":"https:\/\/www.au-pays-des-merveilles.com\/blog\/wp-json\/wp\/v2\/types\/post"}],"author":[{"embeddable":true,"href":"https:\/\/www.au-pays-des-merveilles.com\/blog\/wp-json\/wp\/v2\/users\/1"}],"replies":[{"embeddable":true,"href":"https:\/\/www.au-pays-des-merveilles.com\/blog\/wp-json\/wp\/v2\/comments?post=18377"}],"version-history":[{"count":0,"href":"https:\/\/www.au-pays-des-merveilles.com\/blog\/wp-json\/wp\/v2\/posts\/18377\/revisions"}],"wp:attachment":[{"href":"https:\/\/www.au-pays-des-merveilles.com\/blog\/wp-json\/wp\/v2\/media?parent=18377"}],"wp:term":[{"taxonomy":"category","embeddable":true,"href":"https:\/\/www.au-pays-des-merveilles.com\/blog\/wp-json\/wp\/v2\/categories?post=18377"},{"taxonomy":"post_tag","embeddable":true,"href":"https:\/\/www.au-pays-des-merveilles.com\/blog\/wp-json\/wp\/v2\/tags?post=18377"}],"curies":[{"name":"wp","href":"https:\/\/api.w.org\/{rel}","templated":true}]}}