{"id":18449,"date":"2014-10-14T20:00:16","date_gmt":"2014-10-14T18:00:16","guid":{"rendered":"http:\/\/www.au-pays-des-merveilles.com\/blog\/?p=18449"},"modified":"2019-04-28T12:14:17","modified_gmt":"2019-04-28T10:14:17","slug":"carnet-de-voyage-la-reunion-4","status":"publish","type":"post","link":"https:\/\/www.au-pays-des-merveilles.com\/blog\/2014\/10\/14\/carnet-de-voyage-la-reunion-4\/","title":{"rendered":"{Carnet de voyages} : La R\u00e9union #4"},"content":{"rendered":"<p><img loading=\"lazy\" decoding=\"async\" class=\"aligncenter wp-image-18438\" src=\"https:\/\/www.au-pays-des-merveilles.com\/blog\/wp-content\/uploads\/2015\/10\/13-18377-post\/RUN17-1024x768.jpg\" alt=\"RUN17\" width=\"650\" height=\"488\" srcset=\"https:\/\/www.au-pays-des-merveilles.com\/blog\/wp-content\/uploads\/2015\/10\/13-18377-post\/RUN17-1024x768.jpg 1024w, https:\/\/www.au-pays-des-merveilles.com\/blog\/wp-content\/uploads\/2015\/10\/13-18377-post\/RUN17-300x225.jpg 300w\" sizes=\"auto, (max-width: 650px) 100vw, 650px\" \/><\/p>\n<h2><\/h2>\n<p><!--more--><\/p>\n<h2><span style=\"text-decoration: underline;\">JOUR 12 &amp; 13<\/span><\/h2>\n<p>Je crois que c&rsquo;est une des plus belles voire la plus belle rando que j&rsquo;ai faite de ma vie &#8230; je crois ! Faut dire que j&rsquo;en ai <del>chi\u00e9<\/del> su\u00e9 et que c&rsquo;\u00e9tait une exp\u00e9rience formidable ! \u00a0<strong>Le Piton des Neiges<\/strong> les gars !! Je l&rsquo;ai fait ! Haha !<\/p>\n<p><img loading=\"lazy\" decoding=\"async\" class=\"aligncenter wp-image-18452\" src=\"https:\/\/www.au-pays-des-merveilles.com\/blog\/wp-content\/uploads\/2015\/10\/13-18449-post\/G0065474-1024x768.jpg\" alt=\"DCIM100GOPRO\" width=\"650\" height=\"488\" srcset=\"https:\/\/www.au-pays-des-merveilles.com\/blog\/wp-content\/uploads\/2015\/10\/13-18449-post\/G0065474-1024x768.jpg 1024w, https:\/\/www.au-pays-des-merveilles.com\/blog\/wp-content\/uploads\/2015\/10\/13-18449-post\/G0065474-300x225.jpg 300w\" sizes=\"auto, (max-width: 650px) 100vw, 650px\" \/><\/p>\n<p style=\"text-align: justify;\">Je vous avoue qu&rsquo;avant m\u00eame d&rsquo;avoir commenc\u00e9, j&rsquo;\u00e9tais pr\u00eate \u00e0 abandonner. Mais c&rsquo;\u00e9tait sans compter sur la force de persuasion de mon tour operator (qui m&rsquo;a SAOULAY !!) ! Faut dire que beaucoup m&rsquo;avait d\u00e9courag\u00e9 de la faire. Une rando sur deux jours, un g\u00eete pas terrible, une ascension de la mort, limite on n&rsquo;a plus de souffle par manque d&rsquo;oxyg\u00e8ne une fois l\u00e0 haut, un froid de gueux \u00e0 en perdre les oreilles &#8230; bref, tout \u00e9tait r\u00e9uni pour que je l\u00e2che l&rsquo;affaire et que je les attende en bas ! MAIS NANNN ! J&rsquo;suis une warrior ! Et j&rsquo;avais trop envie de la faire ! Tant pis s&rsquo;il n&rsquo;y a pas de douche, merci les lingettes Niv\u00e9a ! Tant pis si on en chie, on est des FOUS !<\/p>\n<p style=\"text-align: justify;\">Alors, \u00e7a c&rsquo;\u00e9tait avant &#8230;<\/p>\n<p style=\"text-align: justify;\"><img loading=\"lazy\" decoding=\"async\" class=\"aligncenter wp-image-18453\" src=\"https:\/\/www.au-pays-des-merveilles.com\/blog\/wp-content\/uploads\/2015\/10\/13-18449-post\/1-1024x768.jpg\" alt=\"DCIM100GOPRO\" width=\"650\" height=\"488\" srcset=\"https:\/\/www.au-pays-des-merveilles.com\/blog\/wp-content\/uploads\/2015\/10\/13-18449-post\/1-1024x768.jpg 1024w, https:\/\/www.au-pays-des-merveilles.com\/blog\/wp-content\/uploads\/2015\/10\/13-18449-post\/1-300x225.jpg 300w\" sizes=\"auto, (max-width: 650px) 100vw, 650px\" \/><\/p>\n<p style=\"text-align: justify;\">On \u00e9tait frais et souriant &#8230;<\/p>\n<p style=\"text-align: justify;\">Ca, c&rsquo;\u00e9tait pendant &#8230;<\/p>\n<p style=\"text-align: justify;\"><img loading=\"lazy\" decoding=\"async\" class=\"aligncenter wp-image-18454\" src=\"https:\/\/www.au-pays-des-merveilles.com\/blog\/wp-content\/uploads\/2015\/10\/13-18449-post\/IMG_20141001_145000-757x1024.jpg\" alt=\"IMG_20141001_145000\" width=\"650\" height=\"878\" srcset=\"https:\/\/www.au-pays-des-merveilles.com\/blog\/wp-content\/uploads\/2015\/10\/13-18449-post\/IMG_20141001_145000-757x1024.jpg 757w, https:\/\/www.au-pays-des-merveilles.com\/blog\/wp-content\/uploads\/2015\/10\/13-18449-post\/IMG_20141001_145000-222x300.jpg 222w\" sizes=\"auto, (max-width: 650px) 100vw, 650px\" \/><\/p>\n<p style=\"text-align: justify;\">Ca ne se voit pas mais j&rsquo;en chie ma race parce que \u00e7a n&rsquo;a pas l&rsquo;air comme \u00e7a mais le premier jour de mont\u00e9e est parsem\u00e9 de marches qui font deux m\u00e8tres de haut <em>(nan jsuis pas de Marseille !!)<\/em> et avec le sac \u00e0 dos qui p\u00e8se un \u00e2ne mort, je vous laisse imaginer &#8230; <em>Enfin non, je crois que vous ne pouvez pas vous imaginer !!<\/em> <em>LA MOOOORT !!<\/em><\/p>\n<p style=\"text-align: justify;\">Ca, c&rsquo;\u00e9tait apr\u00e8s &#8230; apr\u00e8s 3 heures de mont\u00e9e &#8230; La d\u00e9livrance lorsque l&rsquo;on voit le g\u00eete au loin. C&rsquo;\u00e9tait TROP CHOUETTE !<\/p>\n<p style=\"text-align: justify;\"><img loading=\"lazy\" decoding=\"async\" class=\"aligncenter wp-image-18458\" src=\"https:\/\/www.au-pays-des-merveilles.com\/blog\/wp-content\/uploads\/2015\/10\/13-18449-post\/RUN19-1024x768.jpg\" alt=\"RUN19\" width=\"650\" height=\"488\" srcset=\"https:\/\/www.au-pays-des-merveilles.com\/blog\/wp-content\/uploads\/2015\/10\/13-18449-post\/RUN19-1024x768.jpg 1024w, https:\/\/www.au-pays-des-merveilles.com\/blog\/wp-content\/uploads\/2015\/10\/13-18449-post\/RUN19-300x225.jpg 300w\" sizes=\"auto, (max-width: 650px) 100vw, 650px\" \/><\/p>\n<p style=\"text-align: justify;\"><img loading=\"lazy\" decoding=\"async\" class=\"aligncenter wp-image-18456\" src=\"https:\/\/www.au-pays-des-merveilles.com\/blog\/wp-content\/uploads\/2015\/10\/13-18449-post\/10-1024x768.jpg\" alt=\"DCIM100GOPRO\" width=\"650\" height=\"488\" srcset=\"https:\/\/www.au-pays-des-merveilles.com\/blog\/wp-content\/uploads\/2015\/10\/13-18449-post\/10-1024x768.jpg 1024w, https:\/\/www.au-pays-des-merveilles.com\/blog\/wp-content\/uploads\/2015\/10\/13-18449-post\/10-300x225.jpg 300w\" sizes=\"auto, (max-width: 650px) 100vw, 650px\" \/><\/p>\n<p style=\"text-align: center;\"><em>Ce parterre de nuages cotonneux, c&rsquo;est somptueux &#8230;<\/em><\/p>\n<p style=\"text-align: justify;\">Nous n&rsquo;avons pas mang\u00e9 sur place car parait il que la bouffe est pas terrible (et 19\u20ac pour manger le \u00e9ni\u00e8me rougail-saucisses, merci bien !!) (la relou) &#8230; Moi j&rsquo;dis\u00a0vive le sandwich-p\u00e2t\u00e9 ! Mouhahahaha ! Comprenne qui pourra &#8230;<\/p>\n<p style=\"text-align: justify;\">A 20h, extinction des feux &#8230; Il fallait bien se reposer avant la derni\u00e8re ascension.<\/p>\n<p style=\"text-align: justify;\"><img loading=\"lazy\" decoding=\"async\" class=\"aligncenter wp-image-18461\" src=\"https:\/\/www.au-pays-des-merveilles.com\/blog\/wp-content\/uploads\/2015\/10\/13-18449-post\/RUN20-1024x1024.jpg\" alt=\"RUN20\" width=\"650\" height=\"650\" srcset=\"https:\/\/www.au-pays-des-merveilles.com\/blog\/wp-content\/uploads\/2015\/10\/13-18449-post\/RUN20-1024x1024.jpg 1024w, https:\/\/www.au-pays-des-merveilles.com\/blog\/wp-content\/uploads\/2015\/10\/13-18449-post\/RUN20-150x150.jpg 150w, https:\/\/www.au-pays-des-merveilles.com\/blog\/wp-content\/uploads\/2015\/10\/13-18449-post\/RUN20-300x300.jpg 300w\" sizes=\"auto, (max-width: 650px) 100vw, 650px\" \/><\/p>\n<p style=\"text-align: justify;\">Je n&rsquo;ai pas dormi de la nuit, normal ! Inutile de vous charger d&rsquo;un sac de couchage, les couvertures fournies par le gite suffisent amplement. Il y faisait m\u00eame trop chaud !<\/p>\n<p style=\"text-align: justify;\">R\u00e9veil \u00e0 3h du mat&rsquo; avec les autres randonneurs (le g\u00eete peut accueillir 80 personnes, il me semble que nous \u00e9tions presque complet ! c&rsquo;est dire le succ\u00e8s de cette rando !) &#8230; C&rsquo;\u00e9tait parti pour deux heures de marche \u00e0 la frontale sur les roches et la caillasse. OUI JE L&rsquo;AI FAIT !! C&rsquo;est dommage, je ne peux pas vous montrer la beaut\u00e9 des couleurs, la ligne de lucioles qui montaient le Piton, et l&rsquo;arriv\u00e9e du jour &#8230; Allez y\u00a0! Vraiment !!<\/p>\n<p style=\"text-align: justify;\">On est arriv\u00e9 juste avant le lever du soleil, on se serait cru au cin\u00e9ma ! Tout le monde \u00e9tait install\u00e9, emmitoufl\u00e9 dans 15 couches de fringues pour ne pas avoir froid (<em>n&rsquo;oubliez pas les gants, le bonnet, limite la veste de ski sinon vous allez \u00eatre congel\u00e9 !<\/em>) \u00e0 attendre le spectacle de la naissance du jour. MAGIQUE.<\/p>\n<p style=\"text-align: justify;\"><img loading=\"lazy\" decoding=\"async\" class=\"aligncenter wp-image-18462\" src=\"https:\/\/www.au-pays-des-merveilles.com\/blog\/wp-content\/uploads\/2015\/10\/13-18449-post\/RUN21-1024x222.jpg\" alt=\"RUN21\" width=\"650\" height=\"141\" srcset=\"https:\/\/www.au-pays-des-merveilles.com\/blog\/wp-content\/uploads\/2015\/10\/13-18449-post\/RUN21-1024x222.jpg 1024w, https:\/\/www.au-pays-des-merveilles.com\/blog\/wp-content\/uploads\/2015\/10\/13-18449-post\/RUN21-300x65.jpg 300w\" sizes=\"auto, (max-width: 650px) 100vw, 650px\" \/><\/p>\n<p style=\"text-align: center;\"><em>Merci Alex pour le timelaps ! <img src=\"https:\/\/www.au-pays-des-merveilles.com\/blog\/wp-includes\/images\/smilies\/3.gif\" alt=\";)\" class=\"wp-smiley\" style=\"height: 1em; max-height: 1em;\" \/><\/em><\/p>\n<p style=\"text-align: justify;\"><img loading=\"lazy\" decoding=\"async\" class=\"aligncenter wp-image-18463\" src=\"https:\/\/www.au-pays-des-merveilles.com\/blog\/wp-content\/uploads\/2015\/10\/13-18449-post\/RUN22-1024x768.jpg\" alt=\"RUN22\" width=\"650\" height=\"488\" srcset=\"https:\/\/www.au-pays-des-merveilles.com\/blog\/wp-content\/uploads\/2015\/10\/13-18449-post\/RUN22-1024x768.jpg 1024w, https:\/\/www.au-pays-des-merveilles.com\/blog\/wp-content\/uploads\/2015\/10\/13-18449-post\/RUN22-300x225.jpg 300w\" sizes=\"auto, (max-width: 650px) 100vw, 650px\" \/><\/p>\n<p style=\"text-align: justify;\"><img loading=\"lazy\" decoding=\"async\" class=\"aligncenter wp-image-18469\" src=\"https:\/\/www.au-pays-des-merveilles.com\/blog\/wp-content\/uploads\/2015\/10\/13-18449-post\/19-1024x768.jpg\" alt=\"DCIM100GOPRO\" width=\"650\" height=\"488\" srcset=\"https:\/\/www.au-pays-des-merveilles.com\/blog\/wp-content\/uploads\/2015\/10\/13-18449-post\/19-1024x768.jpg 1024w, https:\/\/www.au-pays-des-merveilles.com\/blog\/wp-content\/uploads\/2015\/10\/13-18449-post\/19-300x225.jpg 300w\" sizes=\"auto, (max-width: 650px) 100vw, 650px\" \/><\/p>\n<p style=\"text-align: justify;\"><img loading=\"lazy\" decoding=\"async\" class=\"aligncenter wp-image-18468\" src=\"https:\/\/www.au-pays-des-merveilles.com\/blog\/wp-content\/uploads\/2015\/10\/13-18449-post\/RUN27-1024x1024.jpg\" alt=\"RUN27\" width=\"650\" height=\"650\" srcset=\"https:\/\/www.au-pays-des-merveilles.com\/blog\/wp-content\/uploads\/2015\/10\/13-18449-post\/RUN27-1024x1024.jpg 1024w, https:\/\/www.au-pays-des-merveilles.com\/blog\/wp-content\/uploads\/2015\/10\/13-18449-post\/RUN27-150x150.jpg 150w, https:\/\/www.au-pays-des-merveilles.com\/blog\/wp-content\/uploads\/2015\/10\/13-18449-post\/RUN27-300x300.jpg 300w\" sizes=\"auto, (max-width: 650px) 100vw, 650px\" \/><\/p>\n<p style=\"text-align: justify;\">Comme je disais sur Instagram :\u00a03070m. d&rsquo;altitude \/ 7h30 de marche \/ 1700 m. de d\u00e9nivel\u00e9 \/ 3h de mont\u00e9e \/ nuit au g\u00eete \/ r\u00e9veil \u00e0 3h du mat \/ 2h de rando \u00e0 la frontale sur des rochers et de la caillasse \/ 2h30 de descente &#8230; Oui le Piton des Neiges, c&rsquo;est dur mais pas insurmontable et c&rsquo;est surtout une exp\u00e9rience inoubliable rien que par le spectacle qu&rsquo;il offre au sommet &#8230; MAGNIFIQUE !<\/p>\n<p style=\"text-align: justify;\"><img loading=\"lazy\" decoding=\"async\" class=\"aligncenter wp-image-18439\" src=\"https:\/\/www.au-pays-des-merveilles.com\/blog\/wp-content\/uploads\/2015\/10\/13-18377-post\/RUN18-1024x768.jpg\" alt=\"RUN18\" width=\"650\" height=\"488\" srcset=\"https:\/\/www.au-pays-des-merveilles.com\/blog\/wp-content\/uploads\/2015\/10\/13-18377-post\/RUN18-1024x768.jpg 1024w, https:\/\/www.au-pays-des-merveilles.com\/blog\/wp-content\/uploads\/2015\/10\/13-18377-post\/RUN18-300x225.jpg 300w\" sizes=\"auto, (max-width: 650px) 100vw, 650px\" \/><\/p>\n<p style=\"text-align: justify;\">Je crois que le plus dur dans l&rsquo;histoire, c&rsquo;est le retour ! Faut dire que j&rsquo;\u00e9tais avec deux lascars qui marchent vite &#8230; d&rsquo;o\u00f9 ma perf !! lol<\/p>\n<p style=\"text-align: justify;\"><img loading=\"lazy\" decoding=\"async\" class=\"aligncenter wp-image-18464\" src=\"https:\/\/www.au-pays-des-merveilles.com\/blog\/wp-content\/uploads\/2015\/10\/13-18449-post\/RUN23-1024x768.jpg\" alt=\"RUN23\" width=\"650\" height=\"488\" srcset=\"https:\/\/www.au-pays-des-merveilles.com\/blog\/wp-content\/uploads\/2015\/10\/13-18449-post\/RUN23-1024x768.jpg 1024w, https:\/\/www.au-pays-des-merveilles.com\/blog\/wp-content\/uploads\/2015\/10\/13-18449-post\/RUN23-300x225.jpg 300w\" sizes=\"auto, (max-width: 650px) 100vw, 650px\" \/><\/p>\n<p style=\"text-align: justify;\">C&rsquo;\u00e9tait SANS FIN ! On n&rsquo;en voyait plus le bout ! A tel point qu&rsquo;on rigolait pour n&rsquo;importe quoi \u00e0 la fin tellement on \u00e9tait mort ! J&rsquo;avais m\u00eame l&rsquo;impression que mon bassin se d\u00e9collait de mon tronc !! Plus de pieds, plus de mollets, plus de cuisses &#8230; L&rsquo;horreur &#8230;<\/p>\n<p style=\"text-align: justify;\">Mais tellement fi\u00e8re de l&rsquo;avoir fait que \u00e7a\u00a0en vaut vraiment la peine !<\/p>\n<p style=\"text-align: justify;\"><img loading=\"lazy\" decoding=\"async\" class=\"aligncenter wp-image-18457\" src=\"https:\/\/www.au-pays-des-merveilles.com\/blog\/wp-content\/uploads\/2015\/10\/13-18449-post\/4-1024x576.jpg\" alt=\"4\" width=\"650\" height=\"366\" srcset=\"https:\/\/www.au-pays-des-merveilles.com\/blog\/wp-content\/uploads\/2015\/10\/13-18449-post\/4-1024x576.jpg 1024w, https:\/\/www.au-pays-des-merveilles.com\/blog\/wp-content\/uploads\/2015\/10\/13-18449-post\/4-300x168.jpg 300w, https:\/\/www.au-pays-des-merveilles.com\/blog\/wp-content\/uploads\/2015\/10\/13-18449-post\/4.jpg 1920w\" sizes=\"auto, (max-width: 650px) 100vw, 650px\" \/><\/p>\n<p style=\"text-align: justify;\">Retour \u00e0 la voiture, non sans peine ! Un petit passage par la tr\u00e8s jolie ville de <strong>Cilaos<\/strong>, en bas du Piton des Neiges, histoire de se restaurer &#8230;<\/p>\n<p style=\"text-align: justify;\"><img loading=\"lazy\" decoding=\"async\" class=\"aligncenter wp-image-18465\" src=\"https:\/\/www.au-pays-des-merveilles.com\/blog\/wp-content\/uploads\/2015\/10\/13-18449-post\/RUN24-1024x1024.jpg\" alt=\"RUN24\" width=\"650\" height=\"650\" srcset=\"https:\/\/www.au-pays-des-merveilles.com\/blog\/wp-content\/uploads\/2015\/10\/13-18449-post\/RUN24-1024x1024.jpg 1024w, https:\/\/www.au-pays-des-merveilles.com\/blog\/wp-content\/uploads\/2015\/10\/13-18449-post\/RUN24-150x150.jpg 150w, https:\/\/www.au-pays-des-merveilles.com\/blog\/wp-content\/uploads\/2015\/10\/13-18449-post\/RUN24-300x300.jpg 300w, https:\/\/www.au-pays-des-merveilles.com\/blog\/wp-content\/uploads\/2015\/10\/13-18449-post\/RUN24.jpg 1576w\" sizes=\"auto, (max-width: 650px) 100vw, 650px\" \/><\/p>\n<p style=\"text-align: center;\"><em>Vous ne trouvez pas que \u00e7a a un petit air de Savoie ?! &#8230;<\/em><\/p>\n<p style=\"text-align: justify;\"><img loading=\"lazy\" decoding=\"async\" class=\"aligncenter wp-image-18467\" src=\"https:\/\/www.au-pays-des-merveilles.com\/blog\/wp-content\/uploads\/2015\/10\/13-18449-post\/RUN26-1024x251.jpg\" alt=\"RUN26\" width=\"650\" height=\"160\" srcset=\"https:\/\/www.au-pays-des-merveilles.com\/blog\/wp-content\/uploads\/2015\/10\/13-18449-post\/RUN26-1024x251.jpg 1024w, https:\/\/www.au-pays-des-merveilles.com\/blog\/wp-content\/uploads\/2015\/10\/13-18449-post\/RUN26-300x73.jpg 300w\" sizes=\"auto, (max-width: 650px) 100vw, 650px\" \/><\/p>\n<p style=\"text-align: justify;\">Si joli et si paisible &#8230; Mais on n&rsquo;a pas eu le courage de la visiter tellement on ne pouvait plus arquer !<\/p>\n<p style=\"text-align: justify;\">Que d&rsquo;\u00e9motions &#8230; et ce n&rsquo;\u00e9tait pas fini !<\/p>\n<h2 style=\"text-align: justify;\"><span style=\"text-decoration: underline;\">JOUR 14\u00a0<\/span><\/h2>\n<p>Mon meilleur ami m&rsquo;a fait un tr\u00e8s tr\u00e8s beau cadeau d&rsquo;anniversaire &#8230; un truc que je n&rsquo;aurais jamais fait s&rsquo;il ne me l&rsquo;avait pas offert, trouillarde comme je suis !<\/p>\n<p><img loading=\"lazy\" decoding=\"async\" class=\"aligncenter size-full wp-image-18475\" src=\"https:\/\/www.au-pays-des-merveilles.com\/blog\/wp-content\/uploads\/2015\/10\/13-18449-post\/RUN28.jpg\" alt=\"RUN28\" width=\"612\" height=\"459\" srcset=\"https:\/\/www.au-pays-des-merveilles.com\/blog\/wp-content\/uploads\/2015\/10\/13-18449-post\/RUN28.jpg 612w, https:\/\/www.au-pays-des-merveilles.com\/blog\/wp-content\/uploads\/2015\/10\/13-18449-post\/RUN28-300x225.jpg 300w\" sizes=\"auto, (max-width: 612px) 100vw, 612px\" \/><\/p>\n<p style=\"text-align: center;\"><strong>LE PARAPENTE<\/strong> !<\/p>\n<p style=\"text-align: justify;\">Ouay ouay ! J&rsquo;suis une dingue, une malade, une folle ! Je fais la maligne comme \u00e7a mais je peux vous assurer que j&rsquo;en menais pas large ! lol ! J&rsquo;ai kiff\u00e9 le d\u00e9collage &#8230; cette sensation de se prendre pour un oiseau est juste d\u00e9mente ! Mais je vous avoue qu&rsquo;une fois dans la ravine avec le vent qui s&rsquo;engouffre dans la voile, j&rsquo;\u00e9tais pas tr\u00e8s rassur\u00e9e ! Pourtant c&rsquo;est le seul moyen pour rester en l&rsquo;air le plus longtemps possible ! Remarquez, le spectacle d&rsquo;en haut est magnifique ! Il l&rsquo;\u00e9tait d&rsquo;autant plus une fois au dessus du lagon puisque j&rsquo;ai eu la chance d&rsquo;apercevoir une raie manta et des tortues &#8230; Gorgeous ! Je ne vous cache pas ma joie une fois les deux pieds pos\u00e9s \u00e0 terre quand m\u00eame !! haha !! Parait que c&rsquo;est THE activit\u00e9 \u00e0 faire lorsque vous s\u00e9journez \u00e0 La R\u00e9union ! Vous voil\u00e0 pr\u00e9venu !!<\/p>\n<p><img loading=\"lazy\" decoding=\"async\" class=\"aligncenter wp-image-18479\" src=\"https:\/\/www.au-pays-des-merveilles.com\/blog\/wp-content\/uploads\/2015\/10\/13-18449-post\/GOPR8423-1024x768.jpg\" alt=\"DCIM101GOPRO\" width=\"650\" height=\"488\" srcset=\"https:\/\/www.au-pays-des-merveilles.com\/blog\/wp-content\/uploads\/2015\/10\/13-18449-post\/GOPR8423-1024x768.jpg 1024w, https:\/\/www.au-pays-des-merveilles.com\/blog\/wp-content\/uploads\/2015\/10\/13-18449-post\/GOPR8423-300x225.jpg 300w\" sizes=\"auto, (max-width: 650px) 100vw, 650px\" \/><\/p>\n<p style=\"text-align: center;\"><em>Merci mon loulou ! c&rsquo;\u00e9tait GEANT !!\u00a0<\/em><\/p>\n<p style=\"text-align: justify;\">Les jambes tremblantes et la t\u00eate encore dans les \u00e9toiles, on part faire <strong>le march\u00e9 Saint Pierre<\/strong>\u00a0&#8230; un d\u00e9dale de couleurs et de senteurs &#8230;<\/p>\n<p style=\"text-align: justify;\"><img loading=\"lazy\" decoding=\"async\" class=\"aligncenter wp-image-18488\" src=\"https:\/\/www.au-pays-des-merveilles.com\/blog\/wp-content\/uploads\/2015\/10\/14-18449-post\/RUN29-682x1024.jpg\" alt=\"RUN29\" width=\"650\" height=\"975\" srcset=\"https:\/\/www.au-pays-des-merveilles.com\/blog\/wp-content\/uploads\/2015\/10\/14-18449-post\/RUN29-682x1024.jpg 682w, https:\/\/www.au-pays-des-merveilles.com\/blog\/wp-content\/uploads\/2015\/10\/14-18449-post\/RUN29-200x300.jpg 200w\" sizes=\"auto, (max-width: 650px) 100vw, 650px\" \/><\/p>\n<p style=\"text-align: center;\"><em>j&rsquo;ai fait une cure de\u00a0fruits secs exotiques et d&rsquo;ananas Victoria &#8230;\u00a0<\/em><\/p>\n<p style=\"text-align: center;\"><img loading=\"lazy\" decoding=\"async\" class=\"aligncenter wp-image-18489\" src=\"https:\/\/www.au-pays-des-merveilles.com\/blog\/wp-content\/uploads\/2015\/10\/14-18449-post\/RUN30-1024x682.jpg\" alt=\"RUN30\" width=\"650\" height=\"433\" srcset=\"https:\/\/www.au-pays-des-merveilles.com\/blog\/wp-content\/uploads\/2015\/10\/14-18449-post\/RUN30-1024x682.jpg 1024w, https:\/\/www.au-pays-des-merveilles.com\/blog\/wp-content\/uploads\/2015\/10\/14-18449-post\/RUN30-300x200.jpg 300w\" sizes=\"auto, (max-width: 650px) 100vw, 650px\" \/><\/p>\n<p style=\"text-align: center;\"><em>un petit piment ? spa fort, tu vas voir ! &#8230; mais biens\u00fbr &#8230; !!<\/em><\/p>\n<p style=\"text-align: center;\"><img loading=\"lazy\" decoding=\"async\" class=\"aligncenter wp-image-18491\" src=\"https:\/\/www.au-pays-des-merveilles.com\/blog\/wp-content\/uploads\/2015\/10\/14-18449-post\/RUN31-682x1024.jpg\" alt=\"RUN31\" width=\"650\" height=\"975\" srcset=\"https:\/\/www.au-pays-des-merveilles.com\/blog\/wp-content\/uploads\/2015\/10\/14-18449-post\/RUN31-682x1024.jpg 682w, https:\/\/www.au-pays-des-merveilles.com\/blog\/wp-content\/uploads\/2015\/10\/14-18449-post\/RUN31-200x300.jpg 200w\" sizes=\"auto, (max-width: 650px) 100vw, 650px\" \/><\/p>\n<p style=\"text-align: center;\"><em>la vanille de La R\u00e9union &#8230; \u00e0 ne pas confondre avec la vanille Bourbon de Madagascar &#8230; impossible de ne pas repartir sans !\u00a0<\/em><\/p>\n<p style=\"text-align: center;\"><img loading=\"lazy\" decoding=\"async\" class=\"aligncenter size-large wp-image-18492\" src=\"https:\/\/www.au-pays-des-merveilles.com\/blog\/wp-content\/uploads\/2015\/10\/14-18449-post\/RUN32-682x1024.jpg\" alt=\"RUN32\" width=\"682\" height=\"1024\" srcset=\"https:\/\/www.au-pays-des-merveilles.com\/blog\/wp-content\/uploads\/2015\/10\/14-18449-post\/RUN32-682x1024.jpg 682w, https:\/\/www.au-pays-des-merveilles.com\/blog\/wp-content\/uploads\/2015\/10\/14-18449-post\/RUN32-200x300.jpg 200w\" sizes=\"auto, (max-width: 682px) 100vw, 682px\" \/><\/p>\n<p style=\"text-align: center;\"><em>un petit souvenir ? (va falloir me ranger tout \u00e7a G\u00e9rard !!)\u00a0<\/em><\/p>\n<p style=\"text-align: center;\"><img loading=\"lazy\" decoding=\"async\" class=\"aligncenter wp-image-18495\" src=\"https:\/\/www.au-pays-des-merveilles.com\/blog\/wp-content\/uploads\/2015\/10\/14-18449-post\/RUN33-768x1024.jpg\" alt=\"RUN33\" width=\"650\" height=\"867\" srcset=\"https:\/\/www.au-pays-des-merveilles.com\/blog\/wp-content\/uploads\/2015\/10\/14-18449-post\/RUN33-768x1024.jpg 768w, https:\/\/www.au-pays-des-merveilles.com\/blog\/wp-content\/uploads\/2015\/10\/14-18449-post\/RUN33-225x300.jpg 225w\" sizes=\"auto, (max-width: 650px) 100vw, 650px\" \/><\/p>\n<p style=\"text-align: center;\"><em>Midi &#8230; il faisait faim &#8230; et si on s&rsquo;\u00e9coeurait avec un am\u00e9ricain bouchon della muerte ?!<\/em><\/p>\n<p style=\"text-align: center;\"><img loading=\"lazy\" decoding=\"async\" class=\"aligncenter wp-image-18496\" src=\"https:\/\/www.au-pays-des-merveilles.com\/blog\/wp-content\/uploads\/2015\/10\/14-18449-post\/RUN34-1024x768.jpg\" alt=\"RUN34\" width=\"650\" height=\"488\" srcset=\"https:\/\/www.au-pays-des-merveilles.com\/blog\/wp-content\/uploads\/2015\/10\/14-18449-post\/RUN34-1024x768.jpg 1024w, https:\/\/www.au-pays-des-merveilles.com\/blog\/wp-content\/uploads\/2015\/10\/14-18449-post\/RUN34-300x225.jpg 300w\" sizes=\"auto, (max-width: 650px) 100vw, 650px\" \/><\/p>\n<p style=\"text-align: center;\"><em>Plus que la bouffe, ce qui m&rsquo;a particuli\u00e8rement fait mal au coeur c&rsquo;est plut\u00f4t le nombre impressionnant de chiens errants &#8230; Je ne comprends pas pourquoi il y en a autant et surtout comment ils arrivent \u00e0 survivre dans des endroits parfois improbables ! Heureusement que je n&rsquo;habite pas l\u00e0 bas, sinon je ferais ma BB et je les ram\u00e8nerais tous chez moi !!\u00a0<\/em><\/p>\n<p style=\"text-align: justify;\">Plus de sous dans le porte-monnaie, on pouvait aller buller sur la jolie plage de <strong>Grand&rsquo;Anse<\/strong> &#8230; Parait que c&rsquo;est blind\u00e9 le week-end ! Remarquez, c&rsquo;est tellement beau ! En revanche, la baignade est interdite &#8230; ailerons en vue !<\/p>\n<p style=\"text-align: justify;\"><img loading=\"lazy\" decoding=\"async\" class=\"aligncenter wp-image-18497\" src=\"https:\/\/www.au-pays-des-merveilles.com\/blog\/wp-content\/uploads\/2015\/10\/14-18449-post\/RUN35-1024x1024.jpg\" alt=\"RUN35\" width=\"650\" height=\"650\" srcset=\"https:\/\/www.au-pays-des-merveilles.com\/blog\/wp-content\/uploads\/2015\/10\/14-18449-post\/RUN35-1024x1024.jpg 1024w, https:\/\/www.au-pays-des-merveilles.com\/blog\/wp-content\/uploads\/2015\/10\/14-18449-post\/RUN35-150x150.jpg 150w, https:\/\/www.au-pays-des-merveilles.com\/blog\/wp-content\/uploads\/2015\/10\/14-18449-post\/RUN35-300x300.jpg 300w\" sizes=\"auto, (max-width: 650px) 100vw, 650px\" \/><img loading=\"lazy\" decoding=\"async\" class=\"aligncenter wp-image-18498\" src=\"https:\/\/www.au-pays-des-merveilles.com\/blog\/wp-content\/uploads\/2015\/10\/14-18449-post\/RUN36-1024x767.jpg\" alt=\"RUN36\" width=\"650\" height=\"487\" srcset=\"https:\/\/www.au-pays-des-merveilles.com\/blog\/wp-content\/uploads\/2015\/10\/14-18449-post\/RUN36-1024x767.jpg 1024w, https:\/\/www.au-pays-des-merveilles.com\/blog\/wp-content\/uploads\/2015\/10\/14-18449-post\/RUN36-300x224.jpg 300w\" sizes=\"auto, (max-width: 650px) 100vw, 650px\" \/><\/p>\n<p style=\"text-align: justify;\">16 heures &#8230; apr\u00e8s une petite sieste au bord de l&rsquo;eau, il \u00e9tait temps d&rsquo;aller d\u00e9couvrir un lieu magique &#8230;<\/p>\n<p style=\"text-align: justify;\"><img loading=\"lazy\" decoding=\"async\" class=\"aligncenter wp-image-18502\" src=\"https:\/\/www.au-pays-des-merveilles.com\/blog\/wp-content\/uploads\/2015\/10\/14-18449-post\/RUN40-1024x768.jpg\" alt=\"RUN40\" width=\"650\" height=\"488\" srcset=\"https:\/\/www.au-pays-des-merveilles.com\/blog\/wp-content\/uploads\/2015\/10\/14-18449-post\/RUN40-1024x768.jpg 1024w, https:\/\/www.au-pays-des-merveilles.com\/blog\/wp-content\/uploads\/2015\/10\/14-18449-post\/RUN40-300x225.jpg 300w\" sizes=\"auto, (max-width: 650px) 100vw, 650px\" \/><\/p>\n<p style=\"text-align: justify;\">Le famous <strong>H\u00f4tel &amp; Spa 5 \u00e9toiles<\/strong> situ\u00e9 dans le Sud sauvage de La R\u00e9union : le <strong><a rel=\"nofollow noopener noreferrer\" rel=\"nofollow noopener noreferrer\" href=\"http:\/\/www.palm.re\/\" target=\"_blank\" rel=\"nofollow noopener\">PALM<\/a><\/strong>. Celui l\u00e0 d&rsquo;endroit, je ne suis pas pr\u00eate de l&rsquo;oublier non plus ! Pour aujourd&rsquo;hui, je vous laisse le suspens &#8230; Je vous d\u00e9taillerai les merveilleux moments que nous avons pass\u00e9 dans cet endroit luxueux dans un prochain post. <em>En parler en quelques lignes, ce ne serait pas leur rendre hommage ! Je vous raconte tout tr\u00e8s vite ! Rien que de voir les photos, j&rsquo;ai l&rsquo;impression d&rsquo;y \u00eatre encore ! (M. PETA, adoptez moiiiii !!!)<\/em><\/p>\n<p style=\"text-align: justify;\"><img loading=\"lazy\" decoding=\"async\" class=\"aligncenter wp-image-18517\" src=\"https:\/\/www.au-pays-des-merveilles.com\/blog\/wp-content\/uploads\/2015\/10\/14-18449-post\/IMG_20141003_180808-1024x757.jpg\" alt=\"IMG_20141003_180808\" width=\"650\" height=\"481\" srcset=\"https:\/\/www.au-pays-des-merveilles.com\/blog\/wp-content\/uploads\/2015\/10\/14-18449-post\/IMG_20141003_180808-1024x757.jpg 1024w, https:\/\/www.au-pays-des-merveilles.com\/blog\/wp-content\/uploads\/2015\/10\/14-18449-post\/IMG_20141003_180808-300x222.jpg 300w\" sizes=\"auto, (max-width: 650px) 100vw, 650px\" \/><\/p>\n<h2 style=\"text-align: justify;\"><span style=\"text-decoration: underline;\">JOUR 15<\/span><\/h2>\n<p style=\"text-align: justify;\"><img loading=\"lazy\" decoding=\"async\" class=\"aligncenter wp-image-18501\" src=\"https:\/\/www.au-pays-des-merveilles.com\/blog\/wp-content\/uploads\/2015\/10\/14-18449-post\/RUN39-1024x230.jpg\" alt=\"RUN39\" width=\"650\" height=\"147\" srcset=\"https:\/\/www.au-pays-des-merveilles.com\/blog\/wp-content\/uploads\/2015\/10\/14-18449-post\/RUN39-1024x230.jpg 1024w, https:\/\/www.au-pays-des-merveilles.com\/blog\/wp-content\/uploads\/2015\/10\/14-18449-post\/RUN39-300x67.jpg 300w\" sizes=\"auto, (max-width: 650px) 100vw, 650px\" \/><\/p>\n<h2 style=\"text-align: justify;\"><\/h2>\n<p style=\"text-align: justify;\">Apr\u00e8s de sublimes moments \u00e0 l&rsquo;h\u00f4tel, on continue notre tour de l&rsquo;\u00eele avec le <strong>Cap M\u00e9chant<\/strong> \u00e0 l&rsquo;extr\u00e9mit\u00e9 Sud &#8230;<\/p>\n<p style=\"text-align: justify;\"><img loading=\"lazy\" decoding=\"async\" class=\"aligncenter wp-image-18504\" src=\"https:\/\/www.au-pays-des-merveilles.com\/blog\/wp-content\/uploads\/2015\/10\/14-18449-post\/RUN42-1024x1024.jpg\" alt=\"RUN42\" width=\"650\" height=\"650\" srcset=\"https:\/\/www.au-pays-des-merveilles.com\/blog\/wp-content\/uploads\/2015\/10\/14-18449-post\/RUN42-1024x1024.jpg 1024w, https:\/\/www.au-pays-des-merveilles.com\/blog\/wp-content\/uploads\/2015\/10\/14-18449-post\/RUN42-150x150.jpg 150w, https:\/\/www.au-pays-des-merveilles.com\/blog\/wp-content\/uploads\/2015\/10\/14-18449-post\/RUN42-300x300.jpg 300w\" sizes=\"auto, (max-width: 650px) 100vw, 650px\" \/><\/p>\n<p style=\"text-align: justify;\">Impressionnant non ? avec cette eau Canard WC et moi, j&rsquo;ai l&rsquo;impression de voir une forme de crocodile (<em>okay, \u00e7a va, j&rsquo;suis fatigu\u00e9e !<\/em>)<\/p>\n<p style=\"text-align: justify;\"><img loading=\"lazy\" decoding=\"async\" class=\"aligncenter wp-image-18505\" src=\"https:\/\/www.au-pays-des-merveilles.com\/blog\/wp-content\/uploads\/2015\/10\/14-18449-post\/RUN43-1024x267.jpg\" alt=\"RUN43\" width=\"650\" height=\"170\" srcset=\"https:\/\/www.au-pays-des-merveilles.com\/blog\/wp-content\/uploads\/2015\/10\/14-18449-post\/RUN43-1024x267.jpg 1024w, https:\/\/www.au-pays-des-merveilles.com\/blog\/wp-content\/uploads\/2015\/10\/14-18449-post\/RUN43-300x78.jpg 300w\" sizes=\"auto, (max-width: 650px) 100vw, 650px\" \/><\/p>\n<p style=\"text-align: justify;\">Et ensuite, grosse \u00e9motion lorsque sorties de nulle part, apr\u00e8s la v\u00e9g\u00e9tation luxuriante et prolifique de la for\u00eat, notre regard s&rsquo;arr\u00eate sur les monstrueuses <strong>coul\u00e9es de lave<\/strong> de 2007 &#8230;<\/p>\n<p style=\"text-align: justify;\"><img loading=\"lazy\" decoding=\"async\" class=\"aligncenter wp-image-18506\" src=\"https:\/\/www.au-pays-des-merveilles.com\/blog\/wp-content\/uploads\/2015\/10\/14-18449-post\/RUN44-1024x768.jpg\" alt=\"RUN44\" width=\"650\" height=\"488\" srcset=\"https:\/\/www.au-pays-des-merveilles.com\/blog\/wp-content\/uploads\/2015\/10\/14-18449-post\/RUN44-1024x768.jpg 1024w, https:\/\/www.au-pays-des-merveilles.com\/blog\/wp-content\/uploads\/2015\/10\/14-18449-post\/RUN44-300x225.jpg 300w\" sizes=\"auto, (max-width: 650px) 100vw, 650px\" \/><\/p>\n<p style=\"text-align: center;\">j&rsquo;ai essay\u00e9 de vous montrer sur cette photo la d\u00e9coupe entre la coul\u00e9e de lave qui va jusque dans l&rsquo;eau et la for\u00eat &#8230;<\/p>\n<p style=\"text-align: justify;\"><img loading=\"lazy\" decoding=\"async\" class=\"aligncenter wp-image-18507\" src=\"https:\/\/www.au-pays-des-merveilles.com\/blog\/wp-content\/uploads\/2015\/10\/14-18449-post\/RUN45-1024x1024.jpg\" alt=\"RUN45\" width=\"650\" height=\"650\" srcset=\"https:\/\/www.au-pays-des-merveilles.com\/blog\/wp-content\/uploads\/2015\/10\/14-18449-post\/RUN45-1024x1024.jpg 1024w, https:\/\/www.au-pays-des-merveilles.com\/blog\/wp-content\/uploads\/2015\/10\/14-18449-post\/RUN45-150x150.jpg 150w, https:\/\/www.au-pays-des-merveilles.com\/blog\/wp-content\/uploads\/2015\/10\/14-18449-post\/RUN45-300x300.jpg 300w\" sizes=\"auto, (max-width: 650px) 100vw, 650px\" \/><img loading=\"lazy\" decoding=\"async\" class=\"aligncenter wp-image-18509\" src=\"https:\/\/www.au-pays-des-merveilles.com\/blog\/wp-content\/uploads\/2015\/10\/14-18449-post\/RUN47-768x1024.jpg\" alt=\"RUN47\" width=\"650\" height=\"867\" srcset=\"https:\/\/www.au-pays-des-merveilles.com\/blog\/wp-content\/uploads\/2015\/10\/14-18449-post\/RUN47-768x1024.jpg 768w, https:\/\/www.au-pays-des-merveilles.com\/blog\/wp-content\/uploads\/2015\/10\/14-18449-post\/RUN47-225x300.jpg 225w\" sizes=\"auto, (max-width: 650px) 100vw, 650px\" \/><\/p>\n<p style=\"text-align: center;\"><em>et comme mon tour operator est l\u00e9g\u00e8rement \u00ab\u00a0barr\u00e9\u00a0\u00bb, il a voulu essayer la sp\u00e9l\u00e9ologie dans les coul\u00e9es de lave &#8230; il m&rsquo;aura tout fait faire ! Inutile de vous dire que j&rsquo;suis rest\u00e9e l\u00e0 dessous 2&rsquo;32 minutes &#8230; surtout quand on<\/em> <em>entend des bruits \u00e9tranges \u00e0 l&rsquo;int\u00e9rieur (j&rsquo;avais pas franchement envie de mourir \u00e9touff\u00e9e l\u00e0 dedans !)\u00a0<\/em><\/p>\n<p style=\"text-align: justify;\"><img loading=\"lazy\" decoding=\"async\" class=\"aligncenter wp-image-18510\" src=\"https:\/\/www.au-pays-des-merveilles.com\/blog\/wp-content\/uploads\/2015\/10\/14-18449-post\/RUN48-1024x1024.jpg\" alt=\"RUN48\" width=\"650\" height=\"650\" srcset=\"https:\/\/www.au-pays-des-merveilles.com\/blog\/wp-content\/uploads\/2015\/10\/14-18449-post\/RUN48-1024x1024.jpg 1024w, https:\/\/www.au-pays-des-merveilles.com\/blog\/wp-content\/uploads\/2015\/10\/14-18449-post\/RUN48-150x150.jpg 150w, https:\/\/www.au-pays-des-merveilles.com\/blog\/wp-content\/uploads\/2015\/10\/14-18449-post\/RUN48-300x300.jpg 300w\" sizes=\"auto, (max-width: 650px) 100vw, 650px\" \/><\/p>\n<p style=\"text-align: center;\"><em>Un petit g\u00e2teau patate plus tard (RIEN A VOIR avec le steak, on est d&rsquo;accord) (c&rsquo;\u00e9tait juste pour vous montrer ce que c&rsquo;\u00e9tait ! haha ) (et sinon \u00e7a n&rsquo;a aucun go\u00fbt !) (et je pense qu&rsquo;on peut venir \u00e0 bout de la famine avec ce genre de g\u00e2teau) (mais lol)\u00a0<\/em><\/p>\n<p style=\"text-align: center;\"><img loading=\"lazy\" decoding=\"async\" class=\"aligncenter wp-image-18508\" src=\"https:\/\/www.au-pays-des-merveilles.com\/blog\/wp-content\/uploads\/2015\/10\/14-18449-post\/RUN46-1024x1024.jpg\" alt=\"RUN46\" width=\"650\" height=\"650\" srcset=\"https:\/\/www.au-pays-des-merveilles.com\/blog\/wp-content\/uploads\/2015\/10\/14-18449-post\/RUN46-1024x1024.jpg 1024w, https:\/\/www.au-pays-des-merveilles.com\/blog\/wp-content\/uploads\/2015\/10\/14-18449-post\/RUN46-150x150.jpg 150w, https:\/\/www.au-pays-des-merveilles.com\/blog\/wp-content\/uploads\/2015\/10\/14-18449-post\/RUN46-300x300.jpg 300w\" sizes=\"auto, (max-width: 650px) 100vw, 650px\" \/><\/p>\n<p style=\"text-align: center;\">Direction les elfes et les lutins dans le jardin merveilleux de l&rsquo;<strong>Anse des Cascades<\/strong> &#8230; <em>(et pourtant j&rsquo;ai pas fum\u00e9 de Zamal, promis !)<\/em><\/p>\n<p style=\"text-align: center;\"><img loading=\"lazy\" decoding=\"async\" class=\"aligncenter wp-image-18511\" src=\"https:\/\/www.au-pays-des-merveilles.com\/blog\/wp-content\/uploads\/2015\/10\/14-18449-post\/RUN49-1024x1024.jpg\" alt=\"RUN49\" width=\"650\" height=\"650\" srcset=\"https:\/\/www.au-pays-des-merveilles.com\/blog\/wp-content\/uploads\/2015\/10\/14-18449-post\/RUN49-1024x1024.jpg 1024w, https:\/\/www.au-pays-des-merveilles.com\/blog\/wp-content\/uploads\/2015\/10\/14-18449-post\/RUN49-150x150.jpg 150w, https:\/\/www.au-pays-des-merveilles.com\/blog\/wp-content\/uploads\/2015\/10\/14-18449-post\/RUN49-300x300.jpg 300w\" sizes=\"auto, (max-width: 650px) 100vw, 650px\" \/><\/p>\n<p style=\"text-align: center;\"><em>C&rsquo;est pas trop beau la v\u00e9ritay ?!!<\/em><\/p>\n<p style=\"text-align: center;\"><img loading=\"lazy\" decoding=\"async\" class=\"aligncenter wp-image-18512\" src=\"https:\/\/www.au-pays-des-merveilles.com\/blog\/wp-content\/uploads\/2015\/10\/14-18449-post\/RUN50-1024x768.jpg\" alt=\"RUN50\" width=\"650\" height=\"488\" srcset=\"https:\/\/www.au-pays-des-merveilles.com\/blog\/wp-content\/uploads\/2015\/10\/14-18449-post\/RUN50-1024x768.jpg 1024w, https:\/\/www.au-pays-des-merveilles.com\/blog\/wp-content\/uploads\/2015\/10\/14-18449-post\/RUN50-300x225.jpg 300w\" sizes=\"auto, (max-width: 650px) 100vw, 650px\" \/><\/p>\n<p style=\"text-align: center;\">Non mais la taille de l&rsquo;arbre &#8230; truc de ouf ! <em>(en revanche, c&rsquo;est bourr\u00e9 de moustiquos, pensez \u00e0 la lotion s&rsquo;il vous vient l&rsquo;id\u00e9e de pique-niquer l\u00e0 bas !)\u00a0<\/em><\/p>\n<p style=\"text-align: center;\"><img loading=\"lazy\" decoding=\"async\" class=\"aligncenter wp-image-18513\" src=\"https:\/\/www.au-pays-des-merveilles.com\/blog\/wp-content\/uploads\/2015\/10\/14-18449-post\/RUN51-768x1024.jpg\" alt=\"RUN51\" width=\"650\" height=\"867\" srcset=\"https:\/\/www.au-pays-des-merveilles.com\/blog\/wp-content\/uploads\/2015\/10\/14-18449-post\/RUN51-768x1024.jpg 768w, https:\/\/www.au-pays-des-merveilles.com\/blog\/wp-content\/uploads\/2015\/10\/14-18449-post\/RUN51-225x300.jpg 225w\" sizes=\"auto, (max-width: 650px) 100vw, 650px\" \/><\/p>\n<p style=\"text-align: center;\">Enfin, <strong>l&rsquo;\u00e9glise<\/strong> de Sainte <del>quelquechose<\/del> .. (rhooo pardon, j&rsquo;ai d\u00e9croch\u00e9 ! Je sais plus !!) &#8230; Bref, l&rsquo;\u00e9glise donc qui, selon la l\u00e9gende <del>de Qu\u00e9zac<\/del>, aurait \u00e9t\u00e9 \u00e9pargn\u00e9e par les coul\u00e9es de lave <del>en l&rsquo;an 12<\/del> &#8230; Vous voyez la lave juste devant ? Voil\u00e0 &#8230; Voil\u00e0 voil\u00e0 &#8230; <em>On y croit, on n&rsquo;y croit pas, c&rsquo;est comme vous l&rsquo;voul&rsquo; hein !! Mais, je ne me moque pas, soyons clair ! D&rsquo;ailleurs, je ne m&rsquo;amuse pas avec \u00e7a vu que la population r\u00e9unionnaise est tr\u00e8s croyante. Les nombreux sanctuaires qui jalonnent l&rsquo;ile sont l\u00e0 pour en attester. Et je ne vous raconte m\u00eame pas les diff\u00e9rentes histoires que j&rsquo;ai pu entendre sur la magie blanche &amp; noire &#8230; oulala !!\u00a0<\/em><\/p>\n<p style=\"text-align: center;\"><img loading=\"lazy\" decoding=\"async\" class=\"aligncenter wp-image-18528\" src=\"https:\/\/www.au-pays-des-merveilles.com\/blog\/wp-content\/uploads\/2015\/10\/14-18449-post\/RUN53-1024x1024.jpg\" alt=\"RUN53\" width=\"650\" height=\"650\" srcset=\"https:\/\/www.au-pays-des-merveilles.com\/blog\/wp-content\/uploads\/2015\/10\/14-18449-post\/RUN53-1024x1024.jpg 1024w, https:\/\/www.au-pays-des-merveilles.com\/blog\/wp-content\/uploads\/2015\/10\/14-18449-post\/RUN53-150x150.jpg 150w, https:\/\/www.au-pays-des-merveilles.com\/blog\/wp-content\/uploads\/2015\/10\/14-18449-post\/RUN53-300x300.jpg 300w\" sizes=\"auto, (max-width: 650px) 100vw, 650px\" \/><\/p>\n<p style=\"text-align: justify;\">Voil\u00e0 pour le tour de l&rsquo;\u00eele et encore je ne peux vous montrer l&rsquo;ensemble des jolis lieux qui ponctuent ce voyage. Je vous ai montr\u00e9 le principal en essayant de faire de chouettes photos ! D&rsquo;ailleurs, pour info, la majorit\u00e9 de ces derni\u00e8res ont \u00e9t\u00e9 prises avec l&rsquo;iPhone ! Bien la peine que je me fasse suer \u00e0 porter le reflex de 36 tonnes hein !!<\/p>\n<h2 style=\"text-align: justify;\"><span style=\"text-decoration: underline;\">JOUR 16\u00a0<\/span><\/h2>\n<p>Dernier jour o\u00f9 j&rsquo;ai profit\u00e9 au maximum en faisant du snorkeling dans <strong>le lagon de St Gilles l&rsquo;Ermitage<\/strong> &#8230; En plus, on a eu un temps de fou ! Le soleil qui se refl\u00e8te dans l&rsquo;eau cristalline et met en relief les poissons color\u00e9s et les coraux &#8230; je me suis r\u00e9gal\u00e9e !<\/p>\n<p><img loading=\"lazy\" decoding=\"async\" class=\"aligncenter wp-image-18514\" src=\"https:\/\/www.au-pays-des-merveilles.com\/blog\/wp-content\/uploads\/2015\/10\/14-18449-post\/RUN52-1024x768.jpg\" alt=\"RUN52\" width=\"650\" height=\"488\" srcset=\"https:\/\/www.au-pays-des-merveilles.com\/blog\/wp-content\/uploads\/2015\/10\/14-18449-post\/RUN52-1024x768.jpg 1024w, https:\/\/www.au-pays-des-merveilles.com\/blog\/wp-content\/uploads\/2015\/10\/14-18449-post\/RUN52-300x225.jpg 300w\" sizes=\"auto, (max-width: 650px) 100vw, 650px\" \/><\/p>\n<p>J&rsquo;ai fait des vid\u00e9os sous l&rsquo;eau d&rsquo;au moins 10 minutes \u00e0 chaque fois, je pense que \u00e7a n&rsquo;a pas grand int\u00e9r\u00eat pour vous donc je vous les \u00e9pargne ! &#8230; mais pour moi &#8230; j&rsquo;ai l&rsquo;impression d&rsquo;y \u00eatre encore tellement c&rsquo;est beau !<\/p>\n<h2 style=\"text-align: justify;\"><span style=\"text-decoration: underline;\">THE END<\/span><\/h2>\n<p style=\"text-align: justify;\">J&rsquo;ai pass\u00e9 de merveilleuses vacances ! Il faut dire que j&rsquo;avais un excellent tour operator qui \u00e9tait aux petits soins pour moi ! Pour tout vous dire, quatre articles ne suffisent pas \u00e0 vous montrer la beaut\u00e9 des paysages, la gentillesse de la population, le climat cr\u00e9ole, les couleurs fabuleuses &#8230; j&rsquo;en ai encore plein les mirettes rien que d&rsquo;y penser ! Apr\u00e8s, je vous avoue que je ne pense pas m&rsquo;y installer un jour. Trop de choses me manqueraient je pense et il faut dire que habitant le Sud, je ne me plains pas niveau mer et montagnes &#8230; Cela \u00e9tant, je ne me suis jamais aurant r\u00e9gal\u00e9e en snorkeling que dans le lagon de St Gilles Ermitage. J&rsquo;y passerais des heures \u00e0 regarder les poissons multicolores et les coraux tellement c&rsquo;est riche en faune &amp; flore ! Je n&rsquo;ai qu&rsquo;une chose \u00e0 vous dire : ALLEZ Y ! N&rsquo;\u00e9coutez pas ces histoires de requins, c&rsquo;est de la connerie ! Je n&rsquo;ai m\u00eame pas vu un aileron. Ne vous privez pas de la beaut\u00e9 de cette \u00eele et de ses habitants, et entrez dans la magie &#8230; Foi de zoreille !<\/p>\n<p><img loading=\"lazy\" decoding=\"async\" class=\"aligncenter size-full wp-image-18483\" src=\"https:\/\/www.au-pays-des-merveilles.com\/blog\/wp-content\/uploads\/2015\/10\/13-18449-post\/RUNEND.jpg\" alt=\"RUNEND\" width=\"640\" height=\"640\" srcset=\"https:\/\/www.au-pays-des-merveilles.com\/blog\/wp-content\/uploads\/2015\/10\/13-18449-post\/RUNEND.jpg 640w, https:\/\/www.au-pays-des-merveilles.com\/blog\/wp-content\/uploads\/2015\/10\/13-18449-post\/RUNEND-150x150.jpg 150w, https:\/\/www.au-pays-des-merveilles.com\/blog\/wp-content\/uploads\/2015\/10\/13-18449-post\/RUNEND-300x300.jpg 300w\" sizes=\"auto, (max-width: 640px) 100vw, 640px\" \/><\/p>\n<p style=\"text-align: right;\"><span style=\"text-decoration: underline;\"><em>PS<\/em><\/span> : <em>merci mon p&rsquo;tit Alex de m&rsquo;avoir fait d\u00e9couvrir ton \u00eele d&rsquo;adoption ! J&rsquo;ai beaucoup de chance de t&rsquo;avoir comme ami.<\/em><\/p>\n<p style=\"text-align: right;\"><em>Tu vas beaucoup me manquer. Tu me manques d\u00e9j\u00e0 &#8230; m\u00eame quand tu es l\u00e0 ! (oh \u00e7a va) ( &lt;3 )<\/em><\/p>\n<p>&nbsp;<\/p>\n<p><a href=\"https:\/\/www.au-pays-des-merveilles.com\/blog\/2014\/10\/13\/carnet-de-voyage-la-reunion-3\/\">Article pr\u00e9c\u00e9dent : {Carnet de voyages} : La R\u00e9union #3\u00a0 <\/a><\/p>\n<p>&nbsp;<\/p>\n","protected":false},"excerpt":{"rendered":"","protected":false},"author":1,"featured_media":0,"comment_status":"open","ping_status":"open","sticky":false,"template":"","format":"standard","meta":{"footnotes":""},"categories":[11],"tags":[1322,608,1321,1320,91,1270,63,1429],"class_list":["post-18449","post","type-post","status-publish","format-standard","hentry","category-voyages","tag-carnet-de-voyage","tag-ile","tag-ile-de-la-reunion","tag-la-reunion","tag-plage","tag-sun","tag-vacances","tag-voyage"],"_links":{"self":[{"href":"https:\/\/www.au-pays-des-merveilles.com\/blog\/wp-json\/wp\/v2\/posts\/18449","targetHints":{"allow":["GET"]}}],"collection":[{"href":"https:\/\/www.au-pays-des-merveilles.com\/blog\/wp-json\/wp\/v2\/posts"}],"about":[{"href":"https:\/\/www.au-pays-des-merveilles.com\/blog\/wp-json\/wp\/v2\/types\/post"}],"author":[{"embeddable":true,"href":"https:\/\/www.au-pays-des-merveilles.com\/blog\/wp-json\/wp\/v2\/users\/1"}],"replies":[{"embeddable":true,"href":"https:\/\/www.au-pays-des-merveilles.com\/blog\/wp-json\/wp\/v2\/comments?post=18449"}],"version-history":[{"count":0,"href":"https:\/\/www.au-pays-des-merveilles.com\/blog\/wp-json\/wp\/v2\/posts\/18449\/revisions"}],"wp:attachment":[{"href":"https:\/\/www.au-pays-des-merveilles.com\/blog\/wp-json\/wp\/v2\/media?parent=18449"}],"wp:term":[{"taxonomy":"category","embeddable":true,"href":"https:\/\/www.au-pays-des-merveilles.com\/blog\/wp-json\/wp\/v2\/categories?post=18449"},{"taxonomy":"post_tag","embeddable":true,"href":"https:\/\/www.au-pays-des-merveilles.com\/blog\/wp-json\/wp\/v2\/tags?post=18449"}],"curies":[{"name":"wp","href":"https:\/\/api.w.org\/{rel}","templated":true}]}}