{"id":1852,"date":"2008-10-02T07:00:54","date_gmt":"2008-10-02T05:00:54","guid":{"rendered":"http:\/\/www.au-pays-des-merveilles.com\/blog\/?p=1852"},"modified":"2019-01-14T11:00:33","modified_gmt":"2019-01-14T09:00:33","slug":"promets-moi-harlan-coben","status":"publish","type":"post","link":"https:\/\/www.au-pays-des-merveilles.com\/blog\/2008\/10\/02\/promets-moi-harlan-coben\/","title":{"rendered":"\u00ab\u00a0Promets-moi\u00a0\u00bb Harlan COBEN"},"content":{"rendered":"<p><a href=\"https:\/\/www.au-pays-des-merveilles.com\/blog\/wp-content\/uploads\/2008\/09\/image21.png\"><span style=\"text-decoration: underline;\"><img loading=\"lazy\" decoding=\"async\" style=\"border-right: 0px; border-top: 0px; border-left: 0px; border-bottom: 0px\" src=\"https:\/\/www.au-pays-des-merveilles.com\/blog\/wp-content\/uploads\/2008\/09\/image-thumb12.png\" border=\"0\" alt=\"image\" width=\"264\" height=\"264\" align=\"left\" \/><\/span><\/a><span style=\"text-decoration: underline;\"> R\u00e9sum\u00e9<\/span> : <em>Six ans. Six ans d\u00e9j\u00e0 que Myron Bolitar, ex-champion de basket, ex-agent sportif, ex- d\u00e9tective de choc, n&rsquo;a pas touch\u00e9 une arme \u00e0 feu. Six ans qu&rsquo;il s&rsquo;est tenu loin des petites frappes et des gangsters de tout poil. Mais cette existence tranquille est sur le point de basculer\u2026 Myron Bolitar a fait une promesse. Celle d&rsquo;\u00eatre l\u00e0 pour Aim\u00e9e, la fille d&rsquo;une amie. N&rsquo;importe o\u00f9, n&rsquo;importe quand. Quelques jours plus tard, la jeune fille dispara\u00eet. Myron est la derni\u00e8re personne \u00e0 l&rsquo;avoir vue\u2026 Fugue ? Enl\u00e8vement ? Myron m\u00e8ne l&rsquo;enqu\u00eate, pour prouver son innocence, mais aussi parce qu&rsquo;il a promis aux parents d&rsquo;Aim\u00e9e de retrouver leur fille. Et une promesse est une promesse\u2026 Sueurs froides, frissons, un suspense diabolique par le ma\u00eetre de nos nuits blanches<\/em>.<\/p>\n<p><span style=\"text-decoration: underline;\">Mon avis<\/span> : je ne connaissais pas du tout cet auteur. C&rsquo;est un copain qui m&rsquo;en a parl\u00e9 parce qu&rsquo;il a lu toute sa collection. J&rsquo;ai pas mal accroch\u00e9. Ca se lit vite. Il y a un peu de suspense mais pas assez \u00e0 mon go\u00fbt ! Ou alors c&rsquo;est parce que je fais l&rsquo;amalgame avec les films que je vois d&rsquo;habitude mais je ne suis pas rest\u00e9e scotch\u00e9e au bouquin comme je le suis quand je regarde un thriller ! Je m&rsquo;attendais \u00e0 plus de rebondissements et je reste un peu sur ma faim. En revanche, le d\u00e9nouement est pas mal construit. Un bon petit livre pour le m\u00e9tro !<\/p>\n<p><span style=\"text-decoration: underline;\">Conclusion<\/span> :\u00a0 <span style=\"font-size: small; color: #c0c0c0;\">EXCELLENT &#8211; TRES BIEN &#8211; <span style=\"color: #ff00ff;\">BIEN<\/span> &#8211; PASSABLE &#8211; NUL<\/span><\/p>\n<p>En vente chez AMAZON (je vends mon exemplaire, pseudo : MISSGINY)<\/p>\n","protected":false},"excerpt":{"rendered":"<p>R\u00e9sum\u00e9 : Six ans. Six ans d\u00e9j\u00e0 que Myron Bolitar, ex-champion de basket, ex-agent sportif, ex- d\u00e9tective de choc, n&rsquo;a pas touch\u00e9 une arme \u00e0 feu. Six ans qu&rsquo;il s&rsquo;est tenu loin des petites frappes et des gangsters de tout poil. Mais cette existence tranquille est sur le point de basculer\u2026 Myron Bolitar a fait<\/p>\n","protected":false},"author":1,"featured_media":0,"comment_status":"open","ping_status":"open","sticky":false,"template":"","format":"standard","meta":{"footnotes":""},"categories":[5],"tags":[],"class_list":["post-1852","post","type-post","status-publish","format-standard","hentry","category-cinema-musique-livres"],"_links":{"self":[{"href":"https:\/\/www.au-pays-des-merveilles.com\/blog\/wp-json\/wp\/v2\/posts\/1852","targetHints":{"allow":["GET"]}}],"collection":[{"href":"https:\/\/www.au-pays-des-merveilles.com\/blog\/wp-json\/wp\/v2\/posts"}],"about":[{"href":"https:\/\/www.au-pays-des-merveilles.com\/blog\/wp-json\/wp\/v2\/types\/post"}],"author":[{"embeddable":true,"href":"https:\/\/www.au-pays-des-merveilles.com\/blog\/wp-json\/wp\/v2\/users\/1"}],"replies":[{"embeddable":true,"href":"https:\/\/www.au-pays-des-merveilles.com\/blog\/wp-json\/wp\/v2\/comments?post=1852"}],"version-history":[{"count":0,"href":"https:\/\/www.au-pays-des-merveilles.com\/blog\/wp-json\/wp\/v2\/posts\/1852\/revisions"}],"wp:attachment":[{"href":"https:\/\/www.au-pays-des-merveilles.com\/blog\/wp-json\/wp\/v2\/media?parent=1852"}],"wp:term":[{"taxonomy":"category","embeddable":true,"href":"https:\/\/www.au-pays-des-merveilles.com\/blog\/wp-json\/wp\/v2\/categories?post=1852"},{"taxonomy":"post_tag","embeddable":true,"href":"https:\/\/www.au-pays-des-merveilles.com\/blog\/wp-json\/wp\/v2\/tags?post=1852"}],"curies":[{"name":"wp","href":"https:\/\/api.w.org\/{rel}","templated":true}]}}