{"id":18687,"date":"2014-12-01T07:00:46","date_gmt":"2014-12-01T05:00:46","guid":{"rendered":"http:\/\/www.au-pays-des-merveilles.com\/blog\/?p=18687"},"modified":"2019-09-29T18:42:58","modified_gmt":"2019-09-29T16:42:58","slug":"ma-xmas-wishlist","status":"publish","type":"post","link":"https:\/\/www.au-pays-des-merveilles.com\/blog\/2014\/12\/01\/ma-xmas-wishlist\/","title":{"rendered":"Ma xmas wishlist"},"content":{"rendered":"<p><img loading=\"lazy\" decoding=\"async\" class=\"aligncenter size-full wp-image-18691\" src=\"https:\/\/www.au-pays-des-merveilles.com\/blog\/wp-content\/uploads\/2014\/12\/30-18687-post\/cat3.jpg\" alt=\"cat3\" width=\"468\" height=\"644\" srcset=\"https:\/\/www.au-pays-des-merveilles.com\/blog\/wp-content\/uploads\/2014\/12\/30-18687-post\/cat3.jpg 468w, https:\/\/www.au-pays-des-merveilles.com\/blog\/wp-content\/uploads\/2014\/12\/30-18687-post\/cat3-218x300.jpg 218w\" sizes=\"auto, (max-width: 468px) 100vw, 468px\" \/><\/p>\n<p style=\"text-align: justify;\">Cher P\u00e8re Nono,<\/p>\n<p style=\"text-align: justify;\">J&rsquo;ai \u00e9t\u00e9 tr\u00e8s sage cette ann\u00e9e &#8230; hum &#8230; M\u00eame que j&rsquo;ai r\u00e9ussi un truc improbable &#8230; En revanche, niveau relations humaines, c&rsquo;est pas la m\u00eame ! Y&rsquo;a comme des soucis de communication &#8230; Alors, tu vois, histoire d&rsquo;arr\u00eater de prendre le chou \u00e0 mes proches (ils n&rsquo;en peuvent plus avec mes histoires ! haha !), je souhaite adopter un petit chat &#8230; Comme \u00e7a, j&rsquo;en parlerais \u00e0 mon chat !! Un pas casse-noisettes, le plus beau, le plus c\u00e2lin, le plus attentionn\u00e9 &#8230; (oui oui je parle bien de chaton !! ) &#8230; Bref, t&rsquo;as compris quoi et s&rsquo;il pouvait \u00e9viter de me d\u00e9monter les rideaux, ce serait cool ! \u00a0Et si je peux avoir le package avec le panier (o\u00f9 il n&rsquo;ira jamais dedans), la liti\u00e8re (idem) et les croquettes tu serais chou ! T&rsquo;as compris P\u00e8re No\u00ebl ?!<\/p>\n<p style=\"text-align: justify;\">Voil\u00e0, sinon &#8230; sachant que je vais m&rsquo;\u00e9clatay sur les pistes en Janvier, il va falloir que je renouvelle toute ma garde-robe des neiges !<\/p>\n<p><img loading=\"lazy\" decoding=\"async\" class=\"aligncenter wp-image-18692\" src=\"https:\/\/www.au-pays-des-merveilles.com\/blog\/wp-content\/uploads\/2014\/12\/30-18687-post\/abeille-1024x1024.jpg\" alt=\"abeille\" width=\"650\" height=\"650\" srcset=\"https:\/\/www.au-pays-des-merveilles.com\/blog\/wp-content\/uploads\/2014\/12\/30-18687-post\/abeille-1024x1024.jpg 1024w, https:\/\/www.au-pays-des-merveilles.com\/blog\/wp-content\/uploads\/2014\/12\/30-18687-post\/abeille-150x150.jpg 150w, https:\/\/www.au-pays-des-merveilles.com\/blog\/wp-content\/uploads\/2014\/12\/30-18687-post\/abeille-300x300.jpg 300w, https:\/\/www.au-pays-des-merveilles.com\/blog\/wp-content\/uploads\/2014\/12\/30-18687-post\/abeille.jpg 1200w\" sizes=\"auto, (max-width: 650px) 100vw, 650px\" \/><\/p>\n<p>Je voudrais un masque de ski (<em>on va peut \u00eatre \u00e9viter le look Dark Vador en fait<\/em>) comme celui de chez Roxy, le <a rel=\"nofollow noopener noreferrer\" href=\"http:\/\/www.roxy.fr\/popscreen-multilayer-ERJTG00032.html?dwvar_ERJTG00032_color=pqg0&amp;dwvar_ERJTG00032_size=1size#cgid=snow_snowshop_goggles&amp;start=9&amp;hitcount=23\" target=\"_blank\" rel=\"nofollow noopener noreferrer\">Popscreen Multilayer<\/a>\u00a0(<em>l\u00e9 un peu plus discret quand m\u00eame ! haha !!<\/em>)<\/p>\n<p><img loading=\"lazy\" decoding=\"async\" class=\"aligncenter size-full wp-image-18694\" src=\"https:\/\/www.au-pays-des-merveilles.com\/blog\/wp-content\/uploads\/2014\/12\/30-18687-post\/roxy_POPSCREEN_MULTILAYER_ERJTG00032_-_Roxy.jpg\" alt=\"roxy_POPSCREEN_MULTILAYER_ERJTG00032_-_Roxy\" width=\"583\" height=\"382\" srcset=\"https:\/\/www.au-pays-des-merveilles.com\/blog\/wp-content\/uploads\/2014\/12\/30-18687-post\/roxy_POPSCREEN_MULTILAYER_ERJTG00032_-_Roxy.jpg 583w, https:\/\/www.au-pays-des-merveilles.com\/blog\/wp-content\/uploads\/2014\/12\/30-18687-post\/roxy_POPSCREEN_MULTILAYER_ERJTG00032_-_Roxy-300x196.jpg 300w\" sizes=\"auto, (max-width: 583px) 100vw, 583px\" \/><\/p>\n<p>Apr\u00e8s, la veste qui va bien &#8230; j&rsquo;ai craqu\u00e9 sur les poup\u00e9es russes de la veste Roxy (toujours) <a rel=\"nofollow noopener noreferrer\" href=\"http:\/\/www.roxy.fr\/jetty-metalic-jk%C2%A0-ERJTJ00049.html?dwvar_ERJTJ00049_color=wbb7&amp;dwvar_ERJTJ00049_size=l#cgid=snow_snowshop_snowjackets&amp;start=46&amp;hitcount=65\" target=\"_blank\" rel=\"nofollow noopener noreferrer\">Jetty Metalic Jk<\/a><\/p>\n<p><img loading=\"lazy\" decoding=\"async\" class=\"aligncenter size-full wp-image-18693\" src=\"https:\/\/www.au-pays-des-merveilles.com\/blog\/wp-content\/uploads\/2014\/12\/30-18687-post\/roxy_Jetty_Metalic_Jk-_ERJTJ00049_-_Roxy.jpg\" alt=\"roxy_Jetty_Metalic_Jk\u00a0_ERJTJ00049_-_Roxy\" width=\"600\" height=\"829\" srcset=\"https:\/\/www.au-pays-des-merveilles.com\/blog\/wp-content\/uploads\/2014\/12\/30-18687-post\/roxy_Jetty_Metalic_Jk-_ERJTJ00049_-_Roxy.jpg 600w, https:\/\/www.au-pays-des-merveilles.com\/blog\/wp-content\/uploads\/2014\/12\/30-18687-post\/roxy_Jetty_Metalic_Jk-_ERJTJ00049_-_Roxy-217x300.jpg 217w\" sizes=\"auto, (max-width: 600px) 100vw, 600px\" \/><\/p>\n<p>On ajoute le pantalon Wedze Decathlon qui offre une coupe plus f\u00e9minine que les traditionnels pantalons de ski &#8230;<\/p>\n<p>&nbsp;<\/p>\n<p><img loading=\"lazy\" decoding=\"async\" class=\"aligncenter wp-image-18697\" src=\"https:\/\/www.au-pays-des-merveilles.com\/blog\/wp-content\/uploads\/2014\/12\/30-18687-post\/pant.jpg\" alt=\"pant\" width=\"650\" height=\"650\" srcset=\"https:\/\/www.au-pays-des-merveilles.com\/blog\/wp-content\/uploads\/2014\/12\/30-18687-post\/pant.jpg 800w, https:\/\/www.au-pays-des-merveilles.com\/blog\/wp-content\/uploads\/2014\/12\/30-18687-post\/pant-150x150.jpg 150w, https:\/\/www.au-pays-des-merveilles.com\/blog\/wp-content\/uploads\/2014\/12\/30-18687-post\/pant-300x300.jpg 300w\" sizes=\"auto, (max-width: 650px) 100vw, 650px\" \/><\/p>\n<p style=\"text-align: justify;\">Et mon coup de coeur, <a href=\"http:\/\/www.spartoo.com\/Botte-de-neige-femme-sty-10622-10021-0.php\" target=\"_blank\" rel=\"nofollow noopener noreferrer\">les\u00a0bottes de neige<\/a>\u00a0de l&rsquo;espace avec des petites \u00e9toiles, les <a href=\"http:\/\/www.spartoo.com\/Moon-Boot-MOON-BOOT-SPACE-x404681.php\" target=\"_blank\" rel=\"nofollow noopener noreferrer\">MOON BOOT SPACE<\/a> (je vais les commander &#8230; peux pas attendre !!)<\/p>\n<p><img loading=\"lazy\" decoding=\"async\" class=\"aligncenter size-full wp-image-18699\" src=\"https:\/\/www.au-pays-des-merveilles.com\/blog\/wp-content\/uploads\/2014\/12\/30-18687-post\/404681_350_H.jpg\" alt=\"404681_350_H\" width=\"350\" height=\"350\" srcset=\"https:\/\/www.au-pays-des-merveilles.com\/blog\/wp-content\/uploads\/2014\/12\/30-18687-post\/404681_350_H.jpg 350w, https:\/\/www.au-pays-des-merveilles.com\/blog\/wp-content\/uploads\/2014\/12\/30-18687-post\/404681_350_H-150x150.jpg 150w, https:\/\/www.au-pays-des-merveilles.com\/blog\/wp-content\/uploads\/2014\/12\/30-18687-post\/404681_350_H-300x300.jpg 300w\" sizes=\"auto, (max-width: 350px) 100vw, 350px\" \/><\/p>\n<p style=\"text-align: justify;\">Bon et si tu veux m&rsquo;offrir les skis qui vont bien et la <a rel=\"nofollow noopener noreferrer\" href=\"http:\/\/fr.gopro.com\/\" target=\"_blank\" rel=\"nofollow noopener noreferrer\">Go Pro<\/a> pour filmer mes cascades (mais LOL), je prends hein &#8230; je prends TOUT !!! Voil\u00e0 pour la partie ski papa Nono &#8230;<\/p>\n<p><img loading=\"lazy\" decoding=\"async\" class=\"aligncenter size-full wp-image-18706\" src=\"https:\/\/www.au-pays-des-merveilles.com\/blog\/wp-content\/uploads\/2014\/12\/30-18687-post\/go.jpg\" alt=\"go\" width=\"600\" height=\"450\" srcset=\"https:\/\/www.au-pays-des-merveilles.com\/blog\/wp-content\/uploads\/2014\/12\/30-18687-post\/go.jpg 600w, https:\/\/www.au-pays-des-merveilles.com\/blog\/wp-content\/uploads\/2014\/12\/30-18687-post\/go-300x225.jpg 300w\" sizes=\"auto, (max-width: 600px) 100vw, 600px\" \/><\/p>\n<p style=\"text-align: justify;\">Comme je ne l\u00e2che pas l&rsquo;affaire concernant la moto, tu as toujours <a href=\"https:\/\/www.au-pays-des-merveilles.com\/blog\/2014\/11\/17\/the-look-la-bikeuse\/\" target=\"_blank\" rel=\"noopener noreferrer\">ma wishlist bikeuse<\/a> (te g\u00eane pas surtout !) et la moto qui va avec (of course) (oui mon P\u00e8re No\u00ebl est TRES riche) &#8230;<\/p>\n<p><img loading=\"lazy\" decoding=\"async\" class=\"aligncenter size-full wp-image-18703\" src=\"https:\/\/www.au-pays-des-merveilles.com\/blog\/wp-content\/uploads\/2014\/12\/30-18687-post\/pinup.jpg\" alt=\"pinup\" width=\"300\" height=\"225\" \/><\/p>\n<p style=\"text-align: justify;\">Bon et si malgr\u00e9 toutes ces id\u00e9es, tu s\u00e8ches &#8230; t&rsquo;inqui\u00e8te, d&rsquo;ici le r\u00e9veillon, je vais t&rsquo;en trouver d&rsquo;autres ! Ho Ho Ho !!!<\/p>\n","protected":false},"excerpt":{"rendered":"<p>Cher P\u00e8re Nono, J&rsquo;ai \u00e9t\u00e9 tr\u00e8s sage cette ann\u00e9e &#8230; hum &#8230; M\u00eame que j&rsquo;ai r\u00e9ussi un truc improbable &#8230; En revanche, niveau relations humaines, c&rsquo;est pas la m\u00eame ! Y&rsquo;a comme des soucis de communication &#8230; Alors, tu vois, histoire d&rsquo;arr\u00eater de prendre le chou \u00e0 mes proches (ils n&rsquo;en peuvent plus avec mes<\/p>\n","protected":false},"author":1,"featured_media":0,"comment_status":"open","ping_status":"open","sticky":false,"template":"","format":"standard","meta":{"footnotes":""},"categories":[4,1079],"tags":[757,1081,270,1037,1367,255,1369,1368,246,1366,1365],"class_list":["post-18687","post","type-post","status-publish","format-standard","hentry","category-ma-vie-mon-oeuvre","category-chat-chats","tag-25-decembre","tag-chat","tag-christmas","tag-decathlon","tag-masque-de-ski","tag-noel","tag-oakley","tag-roxy","tag-ski","tag-snow","tag-wishlist"],"_links":{"self":[{"href":"https:\/\/www.au-pays-des-merveilles.com\/blog\/wp-json\/wp\/v2\/posts\/18687","targetHints":{"allow":["GET"]}}],"collection":[{"href":"https:\/\/www.au-pays-des-merveilles.com\/blog\/wp-json\/wp\/v2\/posts"}],"about":[{"href":"https:\/\/www.au-pays-des-merveilles.com\/blog\/wp-json\/wp\/v2\/types\/post"}],"author":[{"embeddable":true,"href":"https:\/\/www.au-pays-des-merveilles.com\/blog\/wp-json\/wp\/v2\/users\/1"}],"replies":[{"embeddable":true,"href":"https:\/\/www.au-pays-des-merveilles.com\/blog\/wp-json\/wp\/v2\/comments?post=18687"}],"version-history":[{"count":0,"href":"https:\/\/www.au-pays-des-merveilles.com\/blog\/wp-json\/wp\/v2\/posts\/18687\/revisions"}],"wp:attachment":[{"href":"https:\/\/www.au-pays-des-merveilles.com\/blog\/wp-json\/wp\/v2\/media?parent=18687"}],"wp:term":[{"taxonomy":"category","embeddable":true,"href":"https:\/\/www.au-pays-des-merveilles.com\/blog\/wp-json\/wp\/v2\/categories?post=18687"},{"taxonomy":"post_tag","embeddable":true,"href":"https:\/\/www.au-pays-des-merveilles.com\/blog\/wp-json\/wp\/v2\/tags?post=18687"}],"curies":[{"name":"wp","href":"https:\/\/api.w.org\/{rel}","templated":true}]}}