{"id":18735,"date":"2014-12-18T22:09:45","date_gmt":"2014-12-18T20:09:45","guid":{"rendered":"http:\/\/www.au-pays-des-merveilles.com\/blog\/?p=18735"},"modified":"2019-03-22T17:16:57","modified_gmt":"2019-03-22T15:16:57","slug":"mon-amie-victoria-doris-lessing-concours","status":"publish","type":"post","link":"https:\/\/www.au-pays-des-merveilles.com\/blog\/2014\/12\/18\/mon-amie-victoria-doris-lessing-concours\/","title":{"rendered":"Mon amie Victoria {Concours}"},"content":{"rendered":"<p style=\"text-align: justify;\"><img loading=\"lazy\" decoding=\"async\" class=\"aligncenter wp-image-18736\" src=\"https:\/\/www.au-pays-des-merveilles.com\/blog\/wp-content\/uploads\/2014\/12\/18-18735-post\/vic.jpg\" alt=\"vic\" width=\"650\" height=\"292\" srcset=\"https:\/\/www.au-pays-des-merveilles.com\/blog\/wp-content\/uploads\/2014\/12\/18-18735-post\/vic.jpg 742w, https:\/\/www.au-pays-des-merveilles.com\/blog\/wp-content\/uploads\/2014\/12\/18-18735-post\/vic-300x134.jpg 300w\" sizes=\"auto, (max-width: 650px) 100vw, 650px\" \/><\/p>\n<p style=\"text-align: justify;\">Victoria, fillette noire de milieu modeste, n&rsquo;a jamais oubli\u00e9 la nuit pass\u00e9e dans une famille bourgeoise, \u00e0 Paris, chez le petit Thomas. Des ann\u00e9es plus tard, elle croise de nouveau celui-ci. De leur br\u00e8ve aventure na\u00eet Marie. Mais Victoria attend sept ans avant de r\u00e9v\u00e9ler l\u2019existence de l\u2019enfant \u00e0 Thomas et \u00e0 sa famille. Sous le charme de la petite fille, ils lui proposent alors de l&rsquo;accueillir r\u00e9guli\u00e8rement. Peu \u00e0 peu, Victoria mesure les cons\u00e9quences de cette g\u00e9n\u00e9rosit\u00e9 &#8230;<\/p>\n<p style=\"text-align: justify;\">\u00ab\u00a0<strong><em>Mon amie Victoria<\/em><\/strong>\u00a0\u00bb\u00a0qui passe en salles le 31 d\u00e9cembre 2014 est l&rsquo;adaptation du chef d&rsquo;oeuvre de <strong>Doris Lessing<\/strong> \u00ab\u00a0<strong><em>Victoria et les Staveney<\/em><\/strong>\u00ab\u00a0.<\/p>\n<p style=\"text-align: justify;\">N\u00e9e en 1919, Doris Lessing s\u2019est impos\u00e9e d\u00e8s son premier roman comme une grande figure de la litt\u00e9rature anglaise aux id\u00e9es engag\u00e9es. Auteure d\u2019une quarantaine d\u2019ouvrages prim\u00e9s dans le monde entier et traduits en plusieurs langues, elle a re\u00e7u le Prix Nobel de litt\u00e9rature en 2007.<\/p>\n<p><img loading=\"lazy\" decoding=\"async\" class=\"aligncenter size-full wp-image-18737\" src=\"https:\/\/www.au-pays-des-merveilles.com\/blog\/wp-content\/uploads\/2014\/12\/18-18735-post\/vic2.jpeg\" alt=\"vic2\" width=\"215\" height=\"346\" srcset=\"https:\/\/www.au-pays-des-merveilles.com\/blog\/wp-content\/uploads\/2014\/12\/18-18735-post\/vic2.jpeg 215w, https:\/\/www.au-pays-des-merveilles.com\/blog\/wp-content\/uploads\/2014\/12\/18-18735-post\/vic2-186x300.jpeg 186w\" sizes=\"auto, (max-width: 215px) 100vw, 215px\" \/><\/p>\n<p style=\"text-align: justify;\">Et comme c&rsquo;est No\u00ebl, les \u00e9ditions <a rel=\"nofollow\" rel=\"nofollow noopener noreferrer\" href=\"http:\/\/www.jailu.com\/\" target=\"_blank\" rel=\"nofollow noopener\">J&rsquo;AI LU<\/a> offre<strong> 5 exemplaires du livre de Doris Lessing<\/strong> &#8230; Vous me laissez <strong>un commentaire jusqu&rsquo;au lundi 22 d\u00e9cembre 2014 \u00e0 20h<\/strong> et je tirerai au sort 5 chanceux(ses) dans la soir\u00e9e.<\/p>\n<p style=\"text-align: justify;\"><span style=\"text-decoration: underline;\"><em><strong>EDIT DU 22 d\u00e9cembre 2014 \u00e0 22h15<\/strong> <\/em><\/span>:<\/p>\n<p style=\"text-align: justify;\"><img decoding=\"async\" id=\"pp-slider-1419282948\" class=\"pp-slider-placeholder pp-gallery-placeholder slider-1419282948 mceItem\" style=\"display: none;\" src=\"https:\/\/www.au-pays-des-merveilles.com\/blog\/wp-content\/uploads\/pp\/placeholders\/slider-placeholder-1419282948.jpg\" alt=\"\" \/><\/p>\n<p style=\"text-align: justify;\">Commentaire n\u00b03 : <strong>FABRE ANNIE<\/strong><\/p>\n<p style=\"text-align: justify;\">Commentaire n\u00b0 5 : <strong>LAU62<\/strong><\/p>\n<p style=\"text-align: justify;\">Commentaire n\u00b08 : <strong>ELVIRA2009<\/strong><\/p>\n<p style=\"text-align: justify;\">Commentaire n\u00b0 12 : <strong>LILI DE&#8230;<\/strong><\/p>\n<p style=\"text-align: justify;\">Commentaire n\u00b016 :\u00a0<strong>AURELNPSY<\/strong><\/p>\n<p style=\"text-align: justify;\">Bravo ! Envoyez moi rapidos vos adresses les minettes !<\/p>\n<p style=\"text-align: justify;\">Merci pour vos participations ! A tr\u00e8s vite !<\/p>\n","protected":false},"excerpt":{"rendered":"<p>Victoria, fillette noire de milieu modeste, n&rsquo;a jamais oubli\u00e9 la nuit pass\u00e9e dans une famille bourgeoise, \u00e0 Paris, chez le petit Thomas. Des ann\u00e9es plus tard, elle croise de nouveau celui-ci. De leur br\u00e8ve aventure na\u00eet Marie. Mais Victoria attend sept ans avant de r\u00e9v\u00e9ler l\u2019existence de l\u2019enfant \u00e0 Thomas et \u00e0 sa famille. Sous<\/p>\n","protected":false},"author":1,"featured_media":0,"comment_status":"open","ping_status":"open","sticky":false,"template":"","format":"standard","meta":{"footnotes":""},"categories":[25,1696],"tags":[70,1373,1374,61],"class_list":["post-18735","post","type-post","status-publish","format-standard","hentry","category-concours","category-livres","tag-cinema","tag-doris-lessing","tag-jai-lu","tag-livre"],"_links":{"self":[{"href":"https:\/\/www.au-pays-des-merveilles.com\/blog\/wp-json\/wp\/v2\/posts\/18735","targetHints":{"allow":["GET"]}}],"collection":[{"href":"https:\/\/www.au-pays-des-merveilles.com\/blog\/wp-json\/wp\/v2\/posts"}],"about":[{"href":"https:\/\/www.au-pays-des-merveilles.com\/blog\/wp-json\/wp\/v2\/types\/post"}],"author":[{"embeddable":true,"href":"https:\/\/www.au-pays-des-merveilles.com\/blog\/wp-json\/wp\/v2\/users\/1"}],"replies":[{"embeddable":true,"href":"https:\/\/www.au-pays-des-merveilles.com\/blog\/wp-json\/wp\/v2\/comments?post=18735"}],"version-history":[{"count":0,"href":"https:\/\/www.au-pays-des-merveilles.com\/blog\/wp-json\/wp\/v2\/posts\/18735\/revisions"}],"wp:attachment":[{"href":"https:\/\/www.au-pays-des-merveilles.com\/blog\/wp-json\/wp\/v2\/media?parent=18735"}],"wp:term":[{"taxonomy":"category","embeddable":true,"href":"https:\/\/www.au-pays-des-merveilles.com\/blog\/wp-json\/wp\/v2\/categories?post=18735"},{"taxonomy":"post_tag","embeddable":true,"href":"https:\/\/www.au-pays-des-merveilles.com\/blog\/wp-json\/wp\/v2\/tags?post=18735"}],"curies":[{"name":"wp","href":"https:\/\/api.w.org\/{rel}","templated":true}]}}