{"id":1894,"date":"2008-10-12T08:00:08","date_gmt":"2008-10-12T06:00:08","guid":{"rendered":"http:\/\/www.au-pays-des-merveilles.com\/blog\/?p=1894"},"modified":"2024-07-05T16:34:33","modified_gmt":"2024-07-05T15:34:33","slug":"la-love-factory-ma-rencontre-avec-martin-solveig","status":"publish","type":"post","link":"https:\/\/www.au-pays-des-merveilles.com\/blog\/2008\/10\/12\/la-love-factory-ma-rencontre-avec-martin-solveig\/","title":{"rendered":"La Love Factory &#038; ma rencontre avec Martin Solveig"},"content":{"rendered":"<p style=\"text-align: center;\"><a href=\"https:\/\/www.au-pays-des-merveilles.com\/blog\/wp-content\/uploads\/2008\/10\/dsc00173.jpg\"><img loading=\"lazy\" decoding=\"async\" class=\"aligncenter\" style=\"border-top-width: 0px; border-left-width: 0px; border-bottom-width: 0px; border-right-width: 0px\" src=\"https:\/\/www.au-pays-des-merveilles.com\/blog\/wp-content\/uploads\/2008\/10\/dsc00173-thumb.jpg\" border=\"0\" alt=\"DSC00173\" width=\"440\" height=\"270\" \/><\/a><\/p>\n<p style=\"text-align: center;\"><em>De droite \u00e0 gauche : <\/em><em>Jade<\/em><em>, <\/em><a href=\"http:\/\/www.myspace.com\/martinsolveig\"><em>Martin Solveig<\/em><\/a><em> &amp; <\/em><em>me !<\/em><em> <\/em><\/p>\n<p style=\"text-align: center;\"><em>(je m&rsquo;auto-link !! rrroo c&rsquo;te t\u00eate que j&rsquo;ai !!)<\/em><\/p>\n<p style=\"text-align: center;\">Quelle journ\u00e9e j&rsquo;ai pass\u00e9 mes enfants ! rien que d&rsquo;y penser je suis \u00e9puis\u00e9e !!<\/p>\n<p style=\"text-align: center;\">Vendredi matin 06h30, rendez vous \u00e9tait donn\u00e9 devant la porte T du Salon de l&rsquo;Auto 2008. Je vous laisse imaginer comme on \u00e9tait frais ! Mais c&rsquo;\u00e9tait pour la bonne cause : profiter de l&rsquo;\u00e9mission radio de Cauet sur <a rel=\"nofollow\" href=\"http:\/\/www.virginradio.fr\/antenne\/Emissions\/Cauet-se-lache-sur-Virgin-Radio\" class=\"broken_link\">Virgin Radio<\/a>. Je ne suis pas une grande fan de Cauet mais je vous avouerai que j&rsquo;ai pass\u00e9 un bon moment. J&rsquo;admire son sens de la r\u00e9parti et ses conneries !! C\u00e9cile de M\u00e9nibus est bien plus jolie qu&rsquo;\u00e0 la t\u00e9l\u00e9, quelle ligne !<\/p>\n<p style=\"text-align: center;\"><a href=\"https:\/\/www.au-pays-des-merveilles.com\/blog\/wp-content\/uploads\/2008\/10\/dsc08743.jpg\"><img loading=\"lazy\" decoding=\"async\" class=\"size-medium wp-image-1898 alignnone\" title=\"dsc08743\" src=\"https:\/\/www.au-pays-des-merveilles.com\/blog\/wp-content\/uploads\/2008\/10\/dsc08743-300x168.jpg\" alt=\"\" width=\"300\" height=\"168\" \/><\/a><\/p>\n<p style=\"text-align: center;\">En exclu, Martin Solveig \u00e9tait l&rsquo;invit\u00e9 du jour pour la pr\u00e9sentation de son clip de la nouvelle Ford Fiesta. On a m\u00eame eu droit \u00e0 un petit mix priv\u00e9 avant de pouvoir profiter d&rsquo;un petit d\u00e9j en pr\u00e9sence de toutes ces c\u00e9l\u00e9brit\u00e9s !<\/p>\n<p style=\"text-align: center;\"><a href=\"https:\/\/www.au-pays-des-merveilles.com\/blog\/wp-content\/uploads\/2008\/10\/dsc09108.jpg\"><img loading=\"lazy\" decoding=\"async\" class=\"size-medium wp-image-1899 aligncenter\" title=\"dsc09108\" src=\"https:\/\/www.au-pays-des-merveilles.com\/blog\/wp-content\/uploads\/2008\/10\/dsc09108-300x168.jpg\" alt=\"\" width=\"300\" height=\"168\" \/><\/a><\/p>\n<p style=\"text-align: center;\">Suite \u00e0 tout \u00e7a, mister loulou et moi avons pu profiter du salon de l&rsquo;auto d\u00e9sert pendant quelques minutes, \u00e9norme !! C&rsquo;\u00e9tait tr\u00e8s agr\u00e9able de pouvoir prendre des photos sans personne autour et d&rsquo;entendre les briefs des h\u00f4tesses ! Puis on a pass\u00e9 toute la journ\u00e9e au Salon de l&rsquo;Auto jusqu&rsquo;\u00e0 19h30 ! On \u00e9tait cuits tous les deux !! mais jusqu&rsquo;au bout on est rest\u00e9s et jusqu&rsquo;au bout on a profit\u00e9 de la soir\u00e9e Love Factory avec le mix de Martin Solveig, en pr\u00e9sence d&rsquo;autres bloggeurs invit\u00e9s pour l&rsquo;occas et d&rsquo;autres c\u00e9l\u00e9brit\u00e9s comme le pr\u00e9sident de TF1, Sherifa Luna, &#8230; Enfin nous avons pu poser quelques questions \u00e0 Martin Solveig mais aussi au pr\u00e9sident marketing de Ford et \u00e0 Olivier d&rsquo;Universal Music, lors du cocktail. Ce sont des personnes tr\u00e8s accessibles et tr\u00e8s agr\u00e9ables, j&rsquo;en suis encore tr\u00e8s \u00e9tonn\u00e9e !<\/p>\n<p style=\"text-align: center;\">Look at the pictures !<br \/>\n<iframe loading=\"lazy\" align=\"center\" src=\"http:\/\/www.flickr.com\/slideShow\/index.gne?group_id=&#038;user_id=24389510@N08&#038;set_id=72157607929638736&#038;text=\" frameBorder=\"0\" width=\"500\" height=\"500\" scrolling=\"no\"><\/iframe><br \/><small>Created with Admarket&rsquo;s <a rel=\"nofollow\" href=\"http:\/\/flickrslidr.com\" title=\"flickrSLiDR\">flickrSLiDR<\/a>.<\/small><\/p>\n<p style=\"text-align: center;\">Un grand <strong>MERCI<\/strong> \u00e0 Laurent (et <a rel=\"nofollow\" href=\"http:\/\/www.ogilvy.com\/\">Ogilvy<\/a>) pour leur sens de l&rsquo;organisation (au top !!) et\u00a0 pour la journ\u00e9e pass\u00e9e au Mondial !\u00a0 <img src=\"https:\/\/www.au-pays-des-merveilles.com\/blog\/wp-includes\/images\/smilies\/3.gif\" alt=\";)\" class=\"wp-smiley\" style=\"height: 1em; max-height: 1em;\" \/><\/p>\n<p style=\"text-align: center;\"><em>+ de photos chez <a rel=\"nofollow\" href=\"http:\/\/flickr.com\/photos\/missginy\/sets\/72157607929638736\/\">moi<\/a> et chez <\/em><a href=\"http:\/\/www.flickr.com\/photos\/lordgonz\/tags\/solveiglovefactory\/\"><em>Gonzague<\/em><\/a><\/p>\n<p style=\"text-align: center;\"><em>+ une vid\u00e9o chez ma pintade ador\u00e9e !!<\/em><\/p>\n","protected":false},"excerpt":{"rendered":"<p>De droite \u00e0 gauche : Jade, Martin Solveig &amp; me ! (je m&rsquo;auto-link !! rrroo c&rsquo;te t\u00eate que j&rsquo;ai !!) Quelle journ\u00e9e j&rsquo;ai pass\u00e9 mes enfants ! rien que d&rsquo;y penser je suis \u00e9puis\u00e9e !! Vendredi matin 06h30, rendez vous \u00e9tait donn\u00e9 devant la porte T du Salon de l&rsquo;Auto 2008. Je vous laisse imaginer<\/p>\n","protected":false},"author":1,"featured_media":0,"comment_status":"open","ping_status":"open","sticky":false,"template":"","format":"standard","meta":{"footnotes":""},"categories":[20,5,4,9],"tags":[],"class_list":["post-1894","post","type-post","status-publish","format-standard","hentry","category-buzz","category-cinema-musique-livres","category-ma-vie-mon-oeuvre","category-sorties-loisirs-distractions"],"_links":{"self":[{"href":"https:\/\/www.au-pays-des-merveilles.com\/blog\/wp-json\/wp\/v2\/posts\/1894","targetHints":{"allow":["GET"]}}],"collection":[{"href":"https:\/\/www.au-pays-des-merveilles.com\/blog\/wp-json\/wp\/v2\/posts"}],"about":[{"href":"https:\/\/www.au-pays-des-merveilles.com\/blog\/wp-json\/wp\/v2\/types\/post"}],"author":[{"embeddable":true,"href":"https:\/\/www.au-pays-des-merveilles.com\/blog\/wp-json\/wp\/v2\/users\/1"}],"replies":[{"embeddable":true,"href":"https:\/\/www.au-pays-des-merveilles.com\/blog\/wp-json\/wp\/v2\/comments?post=1894"}],"version-history":[{"count":3,"href":"https:\/\/www.au-pays-des-merveilles.com\/blog\/wp-json\/wp\/v2\/posts\/1894\/revisions"}],"predecessor-version":[{"id":32573,"href":"https:\/\/www.au-pays-des-merveilles.com\/blog\/wp-json\/wp\/v2\/posts\/1894\/revisions\/32573"}],"wp:attachment":[{"href":"https:\/\/www.au-pays-des-merveilles.com\/blog\/wp-json\/wp\/v2\/media?parent=1894"}],"wp:term":[{"taxonomy":"category","embeddable":true,"href":"https:\/\/www.au-pays-des-merveilles.com\/blog\/wp-json\/wp\/v2\/categories?post=1894"},{"taxonomy":"post_tag","embeddable":true,"href":"https:\/\/www.au-pays-des-merveilles.com\/blog\/wp-json\/wp\/v2\/tags?post=1894"}],"curies":[{"name":"wp","href":"https:\/\/api.w.org\/{rel}","templated":true}]}}