{"id":19141,"date":"2015-06-16T11:55:21","date_gmt":"2015-06-16T09:55:21","guid":{"rendered":"http:\/\/www.au-pays-des-merveilles.com\/blog\/?p=19141"},"modified":"2019-03-22T17:16:55","modified_gmt":"2019-03-22T15:16:55","slug":"prendre-soin-de-son-papa-concours","status":"publish","type":"post","link":"https:\/\/www.au-pays-des-merveilles.com\/blog\/2015\/06\/16\/prendre-soin-de-son-papa-concours\/","title":{"rendered":"Prendre soin de son papa {Concours}"},"content":{"rendered":"<p style=\"text-align: justify;\"><img loading=\"lazy\" decoding=\"async\" class=\"alignleft size-full wp-image-19143\" src=\"https:\/\/www.au-pays-des-merveilles.com\/blog\/wp-content\/uploads\/2015\/06\/16-19141-post\/Capture.png\" alt=\"Capture\" width=\"264\" height=\"386\" srcset=\"https:\/\/www.au-pays-des-merveilles.com\/blog\/wp-content\/uploads\/2015\/06\/16-19141-post\/Capture.png 264w, https:\/\/www.au-pays-des-merveilles.com\/blog\/wp-content\/uploads\/2015\/06\/16-19141-post\/Capture-205x300.png 205w\" sizes=\"auto, (max-width: 264px) 100vw, 264px\" \/>Hey ! J&rsquo;esp\u00e8re que vous n&rsquo;avez pas oubli\u00e9 que c&rsquo;est la f\u00eate des papas dimanche prochain hein ?! Le mien se la coule douce en croisi\u00e8re, je ne pourrais m\u00eame pas lui faire un bisou ! Spa grave ! On se rattrapera ! D&rsquo;ailleurs, si on pensait \u00e0 lui faire un petit cadeau pour prendre soin de lui ! C&rsquo;est justement ce que propose <a rel=\"nofollow\" rel=\"nofollow noopener noreferrer\" href=\"http:\/\/www.nivea.fr\/\" target=\"_blank\" rel=\"nofollow noopener\">NIVEA<\/a> avec son <a href=\"http:\/\/www.nivea.fr\/Les-Produits\/Soins-pour-Homme\/Sensitive\/soin-hydratant-fraicheur-peau-sensible\" target=\"_blank\" rel=\"noopener noreferrer\"><b>Soin Hydratant Fra\u00eecheur Peau Sensible<\/b><\/a> pour les hommes, les vrais ! Oui, ils ont la peau sensible les chouchoux !! 69% le d\u00e9clare en tout cas ! Pourtant plus de la moiti\u00e9 d\u2019entre eux utilise un soin qui ne correspond pas \u00e0 leur type de peau et ils sont m\u00eame plus d\u2019un tiers \u00e0 n\u2019appliquer aucune cr\u00e8me sur leur visage.<\/p>\n<p style=\"text-align: justify;\">Pour eux,\u00a0<strong><a rel=\"nofollow\" rel=\"nofollow noopener noreferrer\" href=\"http:\/\/www.nivea.fr\/Les-Produits\/Soins-pour-Homme\" target=\"_blank\" rel=\"nofollow noopener\">NIVEA MEN<\/a>\u00a0<\/strong>a d\u00e9velopp\u00e9 un nouveau produit pour le visage : le\u00a0<strong>Soin Hydratant Fra\u00eecheur Peau Sensible.\u00a0<\/strong><strong>\u2028<\/strong><\/p>\n<p><strong><img loading=\"lazy\" decoding=\"async\" class=\"alignright wp-image-19142\" src=\"https:\/\/www.au-pays-des-merveilles.com\/blog\/wp-content\/uploads\/2015\/06\/16-19141-post\/niveamen.jpg\" alt=\"niveamen\" width=\"300\" height=\"349\" srcset=\"https:\/\/www.au-pays-des-merveilles.com\/blog\/wp-content\/uploads\/2015\/06\/16-19141-post\/niveamen.jpg 796w, https:\/\/www.au-pays-des-merveilles.com\/blog\/wp-content\/uploads\/2015\/06\/16-19141-post\/niveamen-258x300.jpg 258w\" sizes=\"auto, (max-width: 300px) 100vw, 300px\" \/>\u00a0 Le\u00a0<u>Soin Hydratant Fra\u00eecheur Peau Sensible\u00a0<\/u><\/strong><strong><u>de\u00a0<\/u><\/strong><strong><u>NIVEA\u00a0c\u2019est\u00a0:<\/u><\/strong><\/p>\n<p style=\"text-align: justify;\"><strong>* Une peau bien hydrat\u00e9e et un confort optimale : <\/strong>combinant des extraits\u2028de Camomille et d\u2019algue marine, le\u00a0<strong>Soin Hydratant Fra\u00eecheur Peau Sensible<\/strong>\u00a0est le bienfaiteur des peaux sensibles qui hydrate, apaise et lutte contre le dess\u00e9chement.<\/p>\n<p style=\"text-align: justify;\"><strong>* Un soin 100% fra\u00eecheur : <\/strong>la Recherche\u00a0<strong>NIVEA\u00a0<\/strong>a mis au point un actif d\u00e9riv\u00e9 du menthol qui permet \u2028au\u00a0<strong>Soin Hydratant Fra\u00eecheur Peau Sensible <\/strong>de procurer une agr\u00e9able sensation de fra\u00eecheur tout en respectant les peaux sensibles.<\/p>\n<p style=\"text-align: justify;\"><strong>* Une texture qui allie praticit\u00e9 et plaisir : <\/strong>sa formule cr\u00e9meuse et l\u00e9g\u00e8re se transforme en\u2028gel d\u00e8s l\u2019application pour rapidement p\u00e9n\u00e9trer dans la peau. Ce soin plaisir non gras et non collant laisse sur la peau un parfum frais et masculin.<\/p>\n<p style=\"text-align: justify;\"><strong>* Un soin 0% Alcool : <\/strong>l\u2019alcool est l\u2019ennemi des peaux sensibles car il peut \u00eatre \u00e0 l\u2019origine de s\u00e9cheresse cutan\u00e9e ou m\u00eame de petites imperfections.\u00a0\u00a0Comme tous les produits\u2028de la gamme Peau\u2028 Sensible\u00a0<strong>NIVEA MEN<\/strong>, le\u00a0<strong>Soin Hydratant Fra\u00eecheur Peau Sensible\u00a0<\/strong>a donc \u00e9t\u00e9 formul\u00e9 sans alcool.<\/p>\n<h1><span style=\"color: #3366ff;\"># CONCOURS #<\/span><\/h1>\n<\/p>\n<p style=\"text-align: justify;\">Envie de prendre soin de votre papa (<em>ou de votre homme hein ! comme vous le sentez !<\/em>) ? Nivea offre \u00e0 <strong>3<\/strong> d\u2019entre vous <strong>1\u00a0<b>Soin Hydratant Fra\u00eecheur Peau Sensible<\/b><\/strong>. Pour cela, vous me laissez <strong>un commentaire ici jusqu\u2019au 20 juin 2015 minuit<\/strong>. R\u00e9sultats par tirage au sort le lendemain.<\/p>\n<p style=\"text-align: justify;\"><strong>Une seule participation par famille<\/strong>. De plus, les lots sont <strong>envoy\u00e9s uniquement en France M\u00e9tropolitaine et en Corse<\/strong>.<\/p>\n<p style=\"text-align: justify;\"><span style=\"text-decoration: underline;\"><em><strong>EDIT du 22 juin 2015 \u00e0 09h20 :<\/strong><\/em><\/span><\/p>\n<p style=\"text-align: justify;\">Les gagnant(e)s sont<\/p>\n<p style=\"text-align: justify;\"><img loading=\"lazy\" decoding=\"async\" class=\"aligncenter size-full wp-image-19145\" src=\"https:\/\/www.au-pays-des-merveilles.com\/blog\/wp-content\/uploads\/2015\/06\/22-19141-post\/Capture.png\" alt=\"Capture\" width=\"395\" height=\"286\" srcset=\"https:\/\/www.au-pays-des-merveilles.com\/blog\/wp-content\/uploads\/2015\/06\/22-19141-post\/Capture.png 395w, https:\/\/www.au-pays-des-merveilles.com\/blog\/wp-content\/uploads\/2015\/06\/22-19141-post\/Capture-300x217.png 300w\" sizes=\"auto, (max-width: 395px) 100vw, 395px\" \/><\/p>\n<p style=\"text-align: justify;\">Commentaire n\u00b0 3 : <span class=\"comment-author\">Agnes Berbesson<\/span><\/p>\n<p style=\"text-align: justify;\">Commentaire n\u00b0 4 : <span class=\"comment-author\">vava54<\/span><\/p>\n<p style=\"text-align: justify;\">Commentaire n\u00b0 12 : <span class=\"comment-author\">lynette abelle <\/span><\/p>\n<p style=\"text-align: justify;\">Bravo ! Je vous envoie un mail tout de suite ! Merci \u00e0 toutes et tous pour vos participations !<\/p>\n","protected":false},"excerpt":{"rendered":"<p>Hey ! J&rsquo;esp\u00e8re que vous n&rsquo;avez pas oubli\u00e9 que c&rsquo;est la f\u00eate des papas dimanche prochain hein ?! Le mien se la coule douce en croisi\u00e8re, je ne pourrais m\u00eame pas lui faire un bisou ! Spa grave ! On se rattrapera ! D&rsquo;ailleurs, si on pensait \u00e0 lui faire un petit cadeau pour prendre<\/p>\n","protected":false},"author":1,"featured_media":0,"comment_status":"open","ping_status":"open","sticky":false,"template":"","format":"standard","meta":{"footnotes":""},"categories":[6,25],"tags":[49,654,1430,1009,1073],"class_list":["post-19141","post","type-post","status-publish","format-standard","hentry","category-beautiful-girl","category-concours","tag-beaute","tag-beauty","tag-concours","tag-nivea","tag-nivea-men"],"_links":{"self":[{"href":"https:\/\/www.au-pays-des-merveilles.com\/blog\/wp-json\/wp\/v2\/posts\/19141","targetHints":{"allow":["GET"]}}],"collection":[{"href":"https:\/\/www.au-pays-des-merveilles.com\/blog\/wp-json\/wp\/v2\/posts"}],"about":[{"href":"https:\/\/www.au-pays-des-merveilles.com\/blog\/wp-json\/wp\/v2\/types\/post"}],"author":[{"embeddable":true,"href":"https:\/\/www.au-pays-des-merveilles.com\/blog\/wp-json\/wp\/v2\/users\/1"}],"replies":[{"embeddable":true,"href":"https:\/\/www.au-pays-des-merveilles.com\/blog\/wp-json\/wp\/v2\/comments?post=19141"}],"version-history":[{"count":0,"href":"https:\/\/www.au-pays-des-merveilles.com\/blog\/wp-json\/wp\/v2\/posts\/19141\/revisions"}],"wp:attachment":[{"href":"https:\/\/www.au-pays-des-merveilles.com\/blog\/wp-json\/wp\/v2\/media?parent=19141"}],"wp:term":[{"taxonomy":"category","embeddable":true,"href":"https:\/\/www.au-pays-des-merveilles.com\/blog\/wp-json\/wp\/v2\/categories?post=19141"},{"taxonomy":"post_tag","embeddable":true,"href":"https:\/\/www.au-pays-des-merveilles.com\/blog\/wp-json\/wp\/v2\/tags?post=19141"}],"curies":[{"name":"wp","href":"https:\/\/api.w.org\/{rel}","templated":true}]}}