{"id":19218,"date":"2015-09-21T21:23:07","date_gmt":"2015-09-21T19:23:07","guid":{"rendered":"http:\/\/www.au-pays-des-merveilles.com\/blog\/?p=19218"},"modified":"2019-03-22T17:16:55","modified_gmt":"2019-03-22T15:16:55","slug":"birthday-wishlist","status":"publish","type":"post","link":"https:\/\/www.au-pays-des-merveilles.com\/blog\/2015\/09\/21\/birthday-wishlist\/","title":{"rendered":"Birthday wishlist"},"content":{"rendered":"<p style=\"text-align: justify;\"><img loading=\"lazy\" decoding=\"async\" class=\"wp-image-19219\" src=\"https:\/\/www.au-pays-des-merveilles.com\/blog\/wp-content\/uploads\/2015\/09\/birthday.jpg\" alt=\"birthday\" width=\"650\" height=\"488\" srcset=\"https:\/\/www.au-pays-des-merveilles.com\/blog\/wp-content\/uploads\/2015\/09\/birthday.jpg 800w, https:\/\/www.au-pays-des-merveilles.com\/blog\/wp-content\/uploads\/2015\/09\/birthday-300x225.jpg 300w\" sizes=\"auto, (max-width: 650px) 100vw, 650px\" \/><\/p>\n<p style=\"text-align: justify;\">\u00ab\u00a0Alors, qu&rsquo;est ce que tu veux pour ton anniversaire ?\u00a0\u00bb &#8230; Je ne sais pas vous mais quand on me pose la question, je ne sais jamais quoi r\u00e9pondre ! Pourtant ce ne sont pas les id\u00e9es qui manquent tout au long de l&rsquo;ann\u00e9e ! Et puis, il faut dire qu&rsquo;\u00e0 chaque fois j&rsquo;opte pour des \u00ab\u00a0petites\u00a0\u00bb choses pas ch\u00e8res ! Ben oui mais wow, ce n&rsquo;est pas tous les jours qu&rsquo;on f\u00eate ses 3* ans ! <em>(oui \u00e0 partir d&rsquo;un certain \u00e2ge, je cache ! j&rsquo;en profite, bient\u00f4t c&rsquo;est le 3 que je vais cacher ! ). <\/em>Comme je ne sais toujours pas quoi r\u00e9pondre dans le domaine du raisonnable, et bien je vous ai fait une petite wishlist qui me fait r\u00eavayyy !<\/p>\n<p style=\"text-align: justify;\">J&rsquo;annonce :<\/p>\n<p style=\"text-align: justify;\">** l&rsquo;ind\u00e9modable 24 heures de Darel, avec cette version \u00ab\u00a0Rebelle\u00a0\u00bb en cuir lisse &#8230; <del>(et l\u00e0, je sens que je ne vais pas me faire des copines dans le bio &#8230; coucou !)<\/del><\/p>\n<p style=\"text-align: justify;\">** un blazer pour l&rsquo;automne : je fais une fixette en ce moment sur les vestes ! Avec une jupe, un pantalon, ou encore en jean converse, je trouve que \u00e7a fait chic et rend n&rsquo;importe quelle tenue classe ! J&rsquo;aime !<\/p>\n<p style=\"text-align: justify;\">** la <a rel=\"nofollow\" href=\"http:\/\/fr.shop.gopro.com\/EMEA\/cameras\/hero4-silver\/CHDHY-401-EU.html\" target=\"_blank\" rel=\"nofollow noopener noreferrer\">GoProooooo <\/a>: 1000 ans que je louche dessus ! Depuis que je l&rsquo;ai test\u00e9 \u00e0 la R\u00e9union, elle est toujours dans ma liste &#8230; Le prix rebute un peu, mais quand je vois les photos, les vid\u00e9os et tout ce que l&rsquo;on peut faire avec, je me dis qu&rsquo;un jour elle sera mienne ! Oh oui ! ^^<\/p>\n<p style=\"text-align: justify;\">** <a href=\"http:\/\/www.spartoo.com\/Escarpin-femme-st-10217-10134-0.php#rst\" target=\"_blank\" rel=\"nofollow noopener noreferrer\">une nouvelle paire d&rsquo;escarpins<\/a> : \u00e7a doit certainement \u00eatre dans la continuit\u00e9 de ma fixette du blazer &#8230; avec une jupe, une robe, un pantalon, un jean, rien de tel qu&rsquo;une jolie paire d&rsquo;escarpins non ? Vu que je n&rsquo;ai pas encore le budget pour des Louboutin (<em>\u00e7a je me les r\u00e9serve avec ma future paye de grande !<\/em>) , j&rsquo;ai louch\u00e9 sur des Magrit, <a href=\"http:\/\/www.spartoo.com\/Magrit-Reina-Pump-x164978.php\" target=\"_blank\" rel=\"nofollow noopener noreferrer\">le mod\u00e8le Reina Pump<\/a> (fan de la couleur, du bijou \u00e0 l&rsquo;arri\u00e8re, de la hauteur 11 cm &#8230;). Wanted !<\/p>\n<p style=\"text-align: justify;\">A \u00e7a, on peut ajouter un WE \u00e0 New York, une nouvelle voiture, un nouvel appart, un nouveau m\u00e9tier, &#8230; bref une nouvelle vie quoi ! UNIVERS, tu m&rsquo;entends ?! O<em>ui je pratique toujours la pens\u00e9e positive ! haha !&#8230; Avec un peu de chance, l&rsquo;Univers sera gentil et exaucera mes v\u0153ux ! Allez je lui laisse une semaine pour se retourner ! Je suis trop sympa comme nana ! (en attendant, je retourne dans mes bouquins de droit, faut bien que je l&rsquo;aide un peu !)<\/em><\/p>\n","protected":false},"excerpt":{"rendered":"<p>\u00ab\u00a0Alors, qu&rsquo;est ce que tu veux pour ton anniversaire ?\u00a0\u00bb &#8230; Je ne sais pas vous mais quand on me pose la question, je ne sais jamais quoi r\u00e9pondre ! Pourtant ce ne sont pas les id\u00e9es qui manquent tout au long de l&rsquo;ann\u00e9e ! Et puis, il faut dire qu&rsquo;\u00e0 chaque fois j&rsquo;opte pour<\/p>\n","protected":false},"author":1,"featured_media":0,"comment_status":"open","ping_status":"open","sticky":false,"template":"","format":"standard","meta":{"footnotes":""},"categories":[4],"tags":[199,689,1435,1436,930,1365],"class_list":["post-19218","post","type-post","status-publish","format-standard","hentry","category-ma-vie-mon-oeuvre","tag-anniversaire","tag-gerard-darel","tag-gopro","tag-magrit","tag-spartoo","tag-wishlist"],"_links":{"self":[{"href":"https:\/\/www.au-pays-des-merveilles.com\/blog\/wp-json\/wp\/v2\/posts\/19218","targetHints":{"allow":["GET"]}}],"collection":[{"href":"https:\/\/www.au-pays-des-merveilles.com\/blog\/wp-json\/wp\/v2\/posts"}],"about":[{"href":"https:\/\/www.au-pays-des-merveilles.com\/blog\/wp-json\/wp\/v2\/types\/post"}],"author":[{"embeddable":true,"href":"https:\/\/www.au-pays-des-merveilles.com\/blog\/wp-json\/wp\/v2\/users\/1"}],"replies":[{"embeddable":true,"href":"https:\/\/www.au-pays-des-merveilles.com\/blog\/wp-json\/wp\/v2\/comments?post=19218"}],"version-history":[{"count":0,"href":"https:\/\/www.au-pays-des-merveilles.com\/blog\/wp-json\/wp\/v2\/posts\/19218\/revisions"}],"wp:attachment":[{"href":"https:\/\/www.au-pays-des-merveilles.com\/blog\/wp-json\/wp\/v2\/media?parent=19218"}],"wp:term":[{"taxonomy":"category","embeddable":true,"href":"https:\/\/www.au-pays-des-merveilles.com\/blog\/wp-json\/wp\/v2\/categories?post=19218"},{"taxonomy":"post_tag","embeddable":true,"href":"https:\/\/www.au-pays-des-merveilles.com\/blog\/wp-json\/wp\/v2\/tags?post=19218"}],"curies":[{"name":"wp","href":"https:\/\/api.w.org\/{rel}","templated":true}]}}