{"id":19262,"date":"2015-10-30T08:57:17","date_gmt":"2015-10-30T06:57:17","guid":{"rendered":"http:\/\/www.au-pays-des-merveilles.com\/blog\/?p=19262"},"modified":"2019-04-28T12:14:18","modified_gmt":"2019-04-28T10:14:18","slug":"derniere-ligne-droite","status":"publish","type":"post","link":"https:\/\/www.au-pays-des-merveilles.com\/blog\/2015\/10\/30\/derniere-ligne-droite\/","title":{"rendered":"Derni\u00e8re ligne droite !"},"content":{"rendered":"<p style=\"text-align: justify;\"><img loading=\"lazy\" decoding=\"async\" class=\"aligncenter wp-image-19272\" src=\"https:\/\/www.au-pays-des-merveilles.com\/blog\/wp-content\/uploads\/2016\/10\/bureau.jpg\" alt=\"bureau\" width=\"450\" height=\"600\" srcset=\"https:\/\/www.au-pays-des-merveilles.com\/blog\/wp-content\/uploads\/2016\/10\/bureau.jpg 736w, https:\/\/www.au-pays-des-merveilles.com\/blog\/wp-content\/uploads\/2016\/10\/bureau-225x300.jpg 225w\" sizes=\"auto, (max-width: 450px) 100vw, 450px\" \/><\/p>\n<p style=\"text-align: justify;\">Un mois apr\u00e8s <a href=\"https:\/\/www.au-pays-des-merveilles.com\/blog\/2015\/09\/20\/de-retour-2\/\" target=\"_blank\" rel=\"noopener noreferrer\">cet article<\/a>, j&rsquo;ai l&rsquo;honneur de vous informer que je suis admissible \u00e0 mon concours ! Youpiii ! (<em>Je fais semblant parce que je l&rsquo;ai appris il y a 15 jours maintenant !). <\/em>L&rsquo;euphorie pass\u00e9e, la mauvaise nouvelle \u00e9tait que la lettre tir\u00e9e au sort pour le d\u00e9but des oraux \u00e9tait la mienne (enfin \u00e0 deux lettres pr\u00e8s) : ANGOISSE \u00e0 bord ! Mon d\u00e9fi \u00e9tait de me braquer des semestres de fac de droit en seulement 15 jours, tout \u00e7a en bossant &#8230; A part un miracle, inutile de vous dire qu&rsquo;\u00e0 l&rsquo;heure o\u00f9 je vous parle, je suis loin d&rsquo;avoir int\u00e9gr\u00e9e toutes les donn\u00e9es ! Si je pouvais avoir un ordi \u00e0 la place du cerveau ne serait ce que maintenant, ce serait bien plus facile &#8230; Mais non ! Donc prends ton courage \u00e0 deux mains (<em>va m\u00eame falloir sortir la 3\u00e8me au point o\u00f9 j&rsquo;en suis !<\/em>) et pars au charbon <em>(Note pour plus tard : ne plus JAMAIS s&rsquo;inscrire \u00e0 un concours. JAMAIS vous m&rsquo;entendez ?!!<\/em>).<\/p>\n<p style=\"text-align: justify;\">Toujours est il que s&rsquo;il y a bien une chose sur laquelle je suis confiante, c&rsquo;est celle de ma tenue ! En effet, l&rsquo;\u00e9ternelle question lors d&rsquo;un oral de concours (<em>consid\u00e9r\u00e9 comme un entretien pro en l&rsquo;esp\u00e8ce)<\/em> est celle de la tenue vestimentaire : tailleur pantalon ou tailleur jupe (ou robe) ? Je dirais \u00ab\u00a0fais bien ce que tu veux !\u00a0\u00bb Merci. Super. Disons que quelque soit l&rsquo;option choisie, \u00e0 partir du moment o\u00f9 c&rsquo;est un tailleur, on est bon ! Un peu de respect pour le jury, merci !<\/p>\n<p style=\"text-align: justify;\"><img loading=\"lazy\" decoding=\"async\" class=\"aligncenter size-full wp-image-19270\" src=\"https:\/\/www.au-pays-des-merveilles.com\/blog\/wp-content\/uploads\/2016\/10\/1613654-robe-femmes-kookai-machoute-bleu-180x180-1.jpg\" alt=\"1613654-robe-femmes-kookai-machoute-bleu-180x180-1\" width=\"180\" height=\"180\" srcset=\"https:\/\/www.au-pays-des-merveilles.com\/blog\/wp-content\/uploads\/2016\/10\/1613654-robe-femmes-kookai-machoute-bleu-180x180-1.jpg 180w, https:\/\/www.au-pays-des-merveilles.com\/blog\/wp-content\/uploads\/2016\/10\/1613654-robe-femmes-kookai-machoute-bleu-180x180-1-150x150.jpg 150w\" sizes=\"auto, (max-width: 180px) 100vw, 180px\" \/><\/p>\n<p style=\"text-align: justify;\">Donc cette fois, je vais opter pour le tailleur robe <a rel=\"nofollow noopener noreferrer\" href=\"http:\/\/www.kookai.fr\/\" target=\"_blank\" rel=\"nofollow noopener noreferrer\">KOOKAI<\/a> bleu marine offert par maman en d\u00e9but d&rsquo;ann\u00e9e (<em>oui je suis une grande malade des concours moi !! j&rsquo;aime bien me faire peur !<\/em>) o\u00f9 je suis \u00e0 l&rsquo;aise (Blaise !) dedans. Alors le bleu marine, c&rsquo;est bien et c&rsquo;est moins tristoune que le noir. Mais quid des chaussures ?<\/p>\n<p style=\"text-align: justify;\"><img loading=\"lazy\" decoding=\"async\" class=\"aligncenter wp-image-19271\" src=\"https:\/\/www.au-pays-des-merveilles.com\/blog\/wp-content\/uploads\/2016\/10\/Escarpins-BT-London-CUERO-1956807_350_A.jpg\" alt=\"Escarpins-BT-London-CUERO-1956807_350_A\" width=\"300\" height=\"300\" srcset=\"https:\/\/www.au-pays-des-merveilles.com\/blog\/wp-content\/uploads\/2016\/10\/Escarpins-BT-London-CUERO-1956807_350_A.jpg 350w, https:\/\/www.au-pays-des-merveilles.com\/blog\/wp-content\/uploads\/2016\/10\/Escarpins-BT-London-CUERO-1956807_350_A-150x150.jpg 150w, https:\/\/www.au-pays-des-merveilles.com\/blog\/wp-content\/uploads\/2016\/10\/Escarpins-BT-London-CUERO-1956807_350_A-300x300.jpg 300w, https:\/\/www.au-pays-des-merveilles.com\/blog\/wp-content\/uploads\/2016\/10\/Escarpins-BT-London-CUERO-1956807_350_A-210x210.jpg 210w\" sizes=\"auto, (max-width: 300px) 100vw, 300px\" \/><\/p>\n<p style=\"text-align: justify;\">Apr\u00e8s moultes tergiversations, j&rsquo;ai opt\u00e9 pour des <a href=\"http:\/\/www.spartoo.com\/BT-London-CUERO-x1956807.php\" target=\"_blank\" rel=\"nofollow noopener noreferrer\">escarpins Cuero en Camel<\/a> dans ma marque chouchou <a rel=\"nofollow noopener noreferrer\" href=\"http:\/\/www.spartoo.com\/BT-London-b939.php\" target=\"_blank\">BT London chez Spartoo<\/a>,\u00a0 histoire de ne pas me prendre la t\u00eate avec les collants (oui exit le noir avec le bleu, pliz !) qui seront &#8230; CAMEL ! Bravo, tout le monde suit, c&rsquo;est formidable ! Avec \u00e7a, je ne sais pas quelle temp\u00e9rature il fera dans le Sud Ouest mais quitte \u00e0 \u00eatre coordonn\u00e9e, autant mettre un trench coat !<\/p>\n<p style=\"text-align: justify;\">Pour le make-up, <a href=\"https:\/\/www.au-pays-des-merveilles.com\/blog\/2015\/10\/04\/make-up-octobre-2015\/\" target=\"_blank\" rel=\"noopener noreferrer\">discret<\/a>, cela va sans dire ! Et pour la coiffure, l\u00e0 c&rsquo;est pareil : m\u00eame si les cheveux longs, c&rsquo;est joli, je pense que les attacher c&rsquo;est mieux ! Du coup, en fl\u00e2nant sur le net (<em>genre j&rsquo;ai QUE \u00e7a \u00e0 faire)<\/em>, je suis tomb\u00e9e sur cette vid\u00e9o qui me parait plut\u00f4t pas mal et bien plus facile que mes coiffures d&rsquo;un jour !<\/p>\n<p style=\"text-align: justify;\">VOILA ! Au moins quitte \u00e0 passer pour une quiche, je serais une quiche jolie !! Ch\u00e8 stresssss &#8230; J&rsquo;ai commenc\u00e9 une appli de m\u00e9ditation (<a rel=\"nofollow noopener noreferrer\" href=\"https:\/\/www.zenfie.com\/\" target=\"_blank\" rel=\"nofollow noopener noreferrer\">Zenfie<\/a>) : le gars a une voix tellement douce que je m&rsquo;endors \u00e0 chaque s\u00e9ance. Je crois que j&rsquo;ai pas encore bien saisi le truc ! Haha ! Mais \u00e7a va viendre !!<\/p>\n<p style=\"text-align: justify;\">Sur ce, je vous laisse, je retourne \u00e0 mes bouquins (<em>AIDEZ MOI !!<\/em>) et je vous dis \u00e0 la semaine prochaine (<em>LA CAMISOLE VITE<\/em>).<\/p>\n<p style=\"text-align: justify;\">Belle fin de semaine &#8230; (<em>ADIIEUUU<\/em>)<\/p>\n<p style=\"text-align: right;\"><a rel=\"nofollow noopener noreferrer\" href=\"http:\/\/www.planete-deco.fr\" target=\"_blank\" rel=\"nofollow noopener noreferrer\">Cr\u00e9dit photo<\/a><\/p>\n","protected":false},"excerpt":{"rendered":"<p>Un mois apr\u00e8s cet article, j&rsquo;ai l&rsquo;honneur de vous informer que je suis admissible \u00e0 mon concours ! Youpiii ! (Je fais semblant parce que je l&rsquo;ai appris il y a 15 jours maintenant !). L&rsquo;euphorie pass\u00e9e, la mauvaise nouvelle \u00e9tait que la lettre tir\u00e9e au sort pour le d\u00e9but des oraux \u00e9tait la mienne<\/p>\n","protected":false},"author":1,"featured_media":0,"comment_status":"open","ping_status":"open","sticky":false,"template":"","format":"standard","meta":{"footnotes":""},"categories":[36,4],"tags":[581,1430,1158,1441,930],"class_list":["post-19262","post","type-post","status-publish","format-standard","hentry","category-fashion-no-victim","category-ma-vie-mon-oeuvre","tag-chaussures","tag-concours","tag-escarpins","tag-kookai","tag-spartoo"],"_links":{"self":[{"href":"https:\/\/www.au-pays-des-merveilles.com\/blog\/wp-json\/wp\/v2\/posts\/19262","targetHints":{"allow":["GET"]}}],"collection":[{"href":"https:\/\/www.au-pays-des-merveilles.com\/blog\/wp-json\/wp\/v2\/posts"}],"about":[{"href":"https:\/\/www.au-pays-des-merveilles.com\/blog\/wp-json\/wp\/v2\/types\/post"}],"author":[{"embeddable":true,"href":"https:\/\/www.au-pays-des-merveilles.com\/blog\/wp-json\/wp\/v2\/users\/1"}],"replies":[{"embeddable":true,"href":"https:\/\/www.au-pays-des-merveilles.com\/blog\/wp-json\/wp\/v2\/comments?post=19262"}],"version-history":[{"count":0,"href":"https:\/\/www.au-pays-des-merveilles.com\/blog\/wp-json\/wp\/v2\/posts\/19262\/revisions"}],"wp:attachment":[{"href":"https:\/\/www.au-pays-des-merveilles.com\/blog\/wp-json\/wp\/v2\/media?parent=19262"}],"wp:term":[{"taxonomy":"category","embeddable":true,"href":"https:\/\/www.au-pays-des-merveilles.com\/blog\/wp-json\/wp\/v2\/categories?post=19262"},{"taxonomy":"post_tag","embeddable":true,"href":"https:\/\/www.au-pays-des-merveilles.com\/blog\/wp-json\/wp\/v2\/tags?post=19262"}],"curies":[{"name":"wp","href":"https:\/\/api.w.org\/{rel}","templated":true}]}}