{"id":19277,"date":"2015-12-01T08:00:45","date_gmt":"2015-12-01T07:00:45","guid":{"rendered":"http:\/\/www.au-pays-des-merveilles.com\/blog\/?p=19277"},"modified":"2019-01-14T11:22:31","modified_gmt":"2019-01-14T09:22:31","slug":"cop21-edf","status":"publish","type":"post","link":"https:\/\/www.au-pays-des-merveilles.com\/blog\/2015\/12\/01\/cop21-edf\/","title":{"rendered":"Objectif 2\u00b0 pour notre plan\u00e8te"},"content":{"rendered":"<p><img loading=\"lazy\" decoding=\"async\" class=\"aligncenter wp-image-19282\" src=\"https:\/\/www.au-pays-des-merveilles.com\/blog\/wp-content\/uploads\/2016\/11\/FullSizeRender1.jpg\" alt=\"FullSizeRender(1)\" width=\"650\" height=\"646\" srcset=\"https:\/\/www.au-pays-des-merveilles.com\/blog\/wp-content\/uploads\/2016\/11\/FullSizeRender1.jpg 1280w, https:\/\/www.au-pays-des-merveilles.com\/blog\/wp-content\/uploads\/2016\/11\/FullSizeRender1-150x150.jpg 150w, https:\/\/www.au-pays-des-merveilles.com\/blog\/wp-content\/uploads\/2016\/11\/FullSizeRender1-300x298.jpg 300w, https:\/\/www.au-pays-des-merveilles.com\/blog\/wp-content\/uploads\/2016\/11\/FullSizeRender1-1024x1018.jpg 1024w, https:\/\/www.au-pays-des-merveilles.com\/blog\/wp-content\/uploads\/2016\/11\/FullSizeRender1-210x210.jpg 210w\" sizes=\"auto, (max-width: 650px) 100vw, 650px\" \/><\/p>\n<p style=\"text-align: justify;\">S&rsquo;il y a bien une chose que je fais tous les jours, c&rsquo;est celle d&rsquo;admirer sur les r\u00e9seaux sociaux, les magnifiques photos de paysage de notre ch\u00e8re plan\u00e8te bleue. Je ne me lasse pas de r\u00eaver devant tant de merveilles &#8230;<\/p>\n<p style=\"text-align: justify;\"><img loading=\"lazy\" decoding=\"async\" class=\"aligncenter wp-image-19283\" src=\"https:\/\/www.au-pays-des-merveilles.com\/blog\/wp-content\/uploads\/2016\/11\/FullSizeRender3.jpg\" alt=\"FullSizeRender(3)\" width=\"650\" height=\"640\" srcset=\"https:\/\/www.au-pays-des-merveilles.com\/blog\/wp-content\/uploads\/2016\/11\/FullSizeRender3.jpg 1280w, https:\/\/www.au-pays-des-merveilles.com\/blog\/wp-content\/uploads\/2016\/11\/FullSizeRender3-300x295.jpg 300w, https:\/\/www.au-pays-des-merveilles.com\/blog\/wp-content\/uploads\/2016\/11\/FullSizeRender3-1024x1008.jpg 1024w\" sizes=\"auto, (max-width: 650px) 100vw, 650px\" \/><\/p>\n<p style=\"text-align: justify;\">C&rsquo;est m\u00eame \u00e0 se demander si de telles beaut\u00e9s existent et j&rsquo;esp\u00e8re secr\u00e8tement qu&rsquo;un jour je pourrais les voir de mes propres yeux &#8230; Cela \u00e9tant, plus \u00e7a va et plus cet espoir s&rsquo;amenuise. Oui okay, je pense que je n&rsquo;ai pas assez d&rsquo;une vie pour voir tout \u00e7a mais le peu que je verrais, autant que ce soit encore en \u00ab\u00a0bon \u00e9tat\u00a0\u00bb.<\/p>\n<p style=\"text-align: justify;\"><img loading=\"lazy\" decoding=\"async\" class=\"aligncenter wp-image-19285\" src=\"https:\/\/www.au-pays-des-merveilles.com\/blog\/wp-content\/uploads\/2016\/11\/FullSizeRender4.jpg\" alt=\"FullSizeRender(4)\" width=\"650\" height=\"642\" srcset=\"https:\/\/www.au-pays-des-merveilles.com\/blog\/wp-content\/uploads\/2016\/11\/FullSizeRender4.jpg 1242w, https:\/\/www.au-pays-des-merveilles.com\/blog\/wp-content\/uploads\/2016\/11\/FullSizeRender4-300x296.jpg 300w, https:\/\/www.au-pays-des-merveilles.com\/blog\/wp-content\/uploads\/2016\/11\/FullSizeRender4-1024x1012.jpg 1024w\" sizes=\"auto, (max-width: 650px) 100vw, 650px\" \/><\/p>\n<p style=\"text-align: justify;\">Mais pour cela, je dirais que \u00e7a ne tient qu&rsquo;\u00e0 nous ! Avoir une terre en bonne sant\u00e9 d\u00e9pend de notre bonne volont\u00e9 et de nos actions de tous les jours. Je me suis remise de mon concours et de mes r\u00e9visions, et s&rsquo;il y a bien un sujet sur lequel je me suis attard\u00e9e car j&rsquo;\u00e9tais persuad\u00e9e que le jury allait me poser la question, c&rsquo;est bien celui sur l&rsquo;environnement avec notamment l&rsquo;arriv\u00e9e de la COP21 \u00e0 la fin du mois ! Sujet particuli\u00e8rement int\u00e9ressant puisqu&rsquo;il traite au final de notre quotidien. L&rsquo;enjeu, et je pense que vous l&rsquo;aurez compris, est celui de sauver notre plan\u00e8te en trouvant des solutions.<\/p>\n<p style=\"text-align: justify;\">La COP21 (Conf\u00e9rence des Parties) va se r\u00e9unir \u00e0 la fin du mois jusqu&rsquo;au 11 d\u00e9cembre 2015, sur Paris cette ann\u00e9e, pour prendre des d\u00e9cisions susceptibles de respecter les objectifs de lutte contre les changements climatiques. Cette conf\u00e9rence doit aboutir \u00e0 un nouvel accord international sur le climat dont le but ultime est des maintenir le r\u00e9chauffement climatique mondial en de\u00e7a de 2\u00b0. En attendant, et parce qu&rsquo;il ne suffit pas d&rsquo;attendre ce genre de rassemblement, chacun d&rsquo;entre nous a un r\u00f4le \u00e0 jouer. Par des actions quotidiennes certes, mais aussi par une mobilisation en tant que consommateur et citoyen.<\/p>\n<p style=\"text-align: justify;\" align=\"JUSTIFY\">J&rsquo;en viens justement \u00e0 l&rsquo;engagement d&rsquo;EDF dans cette lutte contre le r\u00e9chauffement climatique. EDF fait partie des entreprises mobilis\u00e9es pour le financement de la COP21. Elle participe \u00e9galement en nature, en fournissant gratuitement l\u2019\u00e9lectricit\u00e9 de la conf\u00e9rence. L\u2019engagement d\u2019EDF est \u00e9galement et \u00e9videmment industriel. Pour EDF, l\u2019\u00e9lectricit\u00e9 est le premier levier de lutte contre le changement climatique, le moyen d\u2019atteindre l\u2019objectif 2 degr\u00e9s. L\u2019\u00e9lectricit\u00e9 a en effet un formidable potentiel, encore faut-il qu\u2019elle soit elle-m\u00eame d\u00e9carbon\u00e9e. C\u2019est pr\u00e9cis\u00e9ment l\u2019expertise industrielle du Groupe EDF. La France est d&rsquo;ailleurs le pays dont le mix de production d&rsquo;\u00e9nergie est le moins carbon\u00e9 d&rsquo;Europe gr\u00e2ce \u00e0 l&rsquo;\u00e9lectricit\u00e9.<\/p>\n<p style=\"text-align: justify;\" align=\"JUSTIFY\"><img loading=\"lazy\" decoding=\"async\" class=\"aligncenter wp-image-19296\" src=\"https:\/\/www.au-pays-des-merveilles.com\/blog\/wp-content\/uploads\/2016\/11\/FullSizeRender.jpg\" alt=\"FullSizeRender\" width=\"650\" height=\"811\" srcset=\"https:\/\/www.au-pays-des-merveilles.com\/blog\/wp-content\/uploads\/2016\/11\/FullSizeRender.jpg 1026w, https:\/\/www.au-pays-des-merveilles.com\/blog\/wp-content\/uploads\/2016\/11\/FullSizeRender-240x300.jpg 240w, https:\/\/www.au-pays-des-merveilles.com\/blog\/wp-content\/uploads\/2016\/11\/FullSizeRender-821x1024.jpg 821w\" sizes=\"auto, (max-width: 650px) 100vw, 650px\" \/><\/p>\n<p style=\"text-align: justify;\" align=\"JUSTIFY\">Je r\u00eave de pouvoir m&rsquo;offrir une voiture \u00e9lectrique. Mais comme pour l&rsquo;instant mes finances ne me le permettent pas, j&rsquo;agis par des petites actions au quotidien. Oh, rien de transcendant hein mais visiblement pour certains c&rsquo;est trop compliqu\u00e9 d&rsquo;\u00e9teindre les lumi\u00e8res lorsqu&rsquo;ils ne sont plus dans une pi\u00e8ce ou un appareil \u00e9lectrique d\u00e8s lors qu&rsquo;ils ne s&rsquo;en servent plus ! Encore mieux : le tri s\u00e9lectif ! Je ne sais pas vous mais dans mon immeuble, le syndic vient seulement d&rsquo;afficher un rappel aux habitants pour faire le tri de leurs d\u00e9chets. Hallucinant quand m\u00eame quand on sait que la mesure date de 2007, si je ne me trompe pas ! Aussi, je suis persuad\u00e9e que si les gens se disciplinaient un petit peu plus, on pourrait agir plus rapidement au r\u00e9tablissement du climat. C&rsquo;est pour cela qu&rsquo;EDF pense que la mobilisation des industriels, bien qu&rsquo;indispensable, ne suffit pas sans le soutien des gens. Du coup, l&rsquo;entreprise nous invite \u00e0 partager nos id\u00e9es pour r\u00e9duire la temp\u00e9rature de la plan\u00e8te de 2\u00b0C d&rsquo;ici 2100.<\/p>\n<p style=\"text-align: justify;\" align=\"JUSTIFY\">Comment ? en lan\u00e7ant une id\u00e9e soit sur Twitter et Instagram estampill\u00e9e du hashtag #objectif2degr\u00e9s, soit en postant directement sur le site d\u00e9di\u00e9, EDF s&rsquo;engage \u00e0 reverser 10\u20ac par contribution pour un projet associatif innovant en faveur du climat. Je me marre \u00e0 lire certaines pens\u00e9es comme mettre des claques \u00e0 ceux qui n&rsquo;\u00e9teignent pas les lumi\u00e8res ou encore \u00e0 venir au boulot en mode pull et bonnet plut\u00f4t que de mettre le chauffage \u00e0 bloc ! &#8230; Je suis certaine que ce genre d&rsquo;initiative peut changer le comportement des gens.<\/p>\n<p style=\"text-align: justify;\" align=\"JUSTIFY\"><img loading=\"lazy\" decoding=\"async\" class=\"aligncenter wp-image-19342\" src=\"https:\/\/www.au-pays-des-merveilles.com\/blog\/wp-content\/uploads\/2016\/11\/screen.jpg\" alt=\"screen\" width=\"650\" height=\"456\" srcset=\"https:\/\/www.au-pays-des-merveilles.com\/blog\/wp-content\/uploads\/2016\/11\/screen.jpg 1155w, https:\/\/www.au-pays-des-merveilles.com\/blog\/wp-content\/uploads\/2016\/11\/screen-300x211.jpg 300w, https:\/\/www.au-pays-des-merveilles.com\/blog\/wp-content\/uploads\/2016\/11\/screen-1024x719.jpg 1024w\" sizes=\"auto, (max-width: 650px) 100vw, 650px\" \/><\/p>\n<p style=\"text-align: justify;\" align=\"JUSTIFY\">Alors, pr\u00eat \u00e0 sauver notre plan\u00e8te par des gestes tous simples ? Balancez vos id\u00e9es avec #objectif2degr\u00e9s et peut \u00eatre qu&rsquo;un jour, on pourra faire le tour du monde et voir de nos yeux toutes les merveilles que nous offre notre jolie terre &#8230;<\/p>\n<p style=\"text-align: justify;\" align=\"JUSTIFY\"><img loading=\"lazy\" decoding=\"async\" class=\"aligncenter wp-image-19299\" src=\"https:\/\/www.au-pays-des-merveilles.com\/blog\/wp-content\/uploads\/2016\/11\/FullSizeRender2.jpg\" alt=\"FullSizeRender(2)\" width=\"650\" height=\"798\" srcset=\"https:\/\/www.au-pays-des-merveilles.com\/blog\/wp-content\/uploads\/2016\/11\/FullSizeRender2.jpg 1242w, https:\/\/www.au-pays-des-merveilles.com\/blog\/wp-content\/uploads\/2016\/11\/FullSizeRender2-244x300.jpg 244w, https:\/\/www.au-pays-des-merveilles.com\/blog\/wp-content\/uploads\/2016\/11\/FullSizeRender2-835x1024.jpg 835w\" sizes=\"auto, (max-width: 650px) 100vw, 650px\" \/><\/p>\n<p>&nbsp;<\/p>\n","protected":false},"excerpt":{"rendered":"<p>S&rsquo;il y a bien une chose que je fais tous les jours, c&rsquo;est celle d&rsquo;admirer sur les r\u00e9seaux sociaux, les magnifiques photos de paysage de notre ch\u00e8re plan\u00e8te bleue. Je ne me lasse pas de r\u00eaver devant tant de merveilles &#8230; C&rsquo;est m\u00eame \u00e0 se demander si de telles beaut\u00e9s existent et j&rsquo;esp\u00e8re secr\u00e8tement qu&rsquo;un<\/p>\n","protected":false},"author":1,"featured_media":0,"comment_status":"open","ping_status":"open","sticky":false,"template":"","format":"standard","meta":{"footnotes":""},"categories":[20],"tags":[1447,1446],"class_list":["post-19277","post","type-post","status-publish","format-standard","hentry","category-buzz","tag-cop21","tag-edf"],"_links":{"self":[{"href":"https:\/\/www.au-pays-des-merveilles.com\/blog\/wp-json\/wp\/v2\/posts\/19277","targetHints":{"allow":["GET"]}}],"collection":[{"href":"https:\/\/www.au-pays-des-merveilles.com\/blog\/wp-json\/wp\/v2\/posts"}],"about":[{"href":"https:\/\/www.au-pays-des-merveilles.com\/blog\/wp-json\/wp\/v2\/types\/post"}],"author":[{"embeddable":true,"href":"https:\/\/www.au-pays-des-merveilles.com\/blog\/wp-json\/wp\/v2\/users\/1"}],"replies":[{"embeddable":true,"href":"https:\/\/www.au-pays-des-merveilles.com\/blog\/wp-json\/wp\/v2\/comments?post=19277"}],"version-history":[{"count":0,"href":"https:\/\/www.au-pays-des-merveilles.com\/blog\/wp-json\/wp\/v2\/posts\/19277\/revisions"}],"wp:attachment":[{"href":"https:\/\/www.au-pays-des-merveilles.com\/blog\/wp-json\/wp\/v2\/media?parent=19277"}],"wp:term":[{"taxonomy":"category","embeddable":true,"href":"https:\/\/www.au-pays-des-merveilles.com\/blog\/wp-json\/wp\/v2\/categories?post=19277"},{"taxonomy":"post_tag","embeddable":true,"href":"https:\/\/www.au-pays-des-merveilles.com\/blog\/wp-json\/wp\/v2\/tags?post=19277"}],"curies":[{"name":"wp","href":"https:\/\/api.w.org\/{rel}","templated":true}]}}